{"id":64690,"date":"2026-06-04T11:54:50","date_gmt":"2026-06-04T09:54:50","guid":{"rendered":"https:\/\/www.accuracy.com\/?p=64690"},"modified":"2026-06-04T12:02:38","modified_gmt":"2026-06-04T10:02:38","slug":"un-monde-en-pleine-tourmente-et-les-contraintes-economiques","status":"publish","type":"post","link":"https:\/\/www.accuracy.com\/fr\/a-world-in-turmoil-and-the-restraint-of-economics\/","title":{"rendered":"Un monde en pleine tourmente, et les contraintes \u00e9conomiques ?"},"content":{"rendered":"<div data-elementor-type=\"wp-post\" data-elementor-id=\"64690\" class=\"elementor elementor-64690\" data-elementor-post-type=\"post\">\n\t\t\t\t<div class=\"elementor-element elementor-element-8494e03 e-flex e-con-boxed e-con e-parent\" data-id=\"8494e03\" data-element_type=\"container\" data-e-type=\"container\">\n\t\t\t\t\t<div class=\"e-con-inner\">\n\t\t\t\t<div class=\"elementor-element elementor-element-0571ea5 elementor-widget elementor-widget-image\" data-id=\"0571ea5\" data-element_type=\"widget\" data-e-type=\"widget\" data-widget_type=\"image.default\">\n\t\t\t\t\t\t\t\t\t\t\t\t\t\t\t<img fetchpriority=\"high\" decoding=\"async\" width=\"800\" height=\"422\" src=\"https:\/\/www.accuracy.com\/wp-content\/uploads\/2026\/06\/shutterstock_2530870377-1024x540.jpg\" class=\"attachment-large size-large wp-image-64654\" alt=\"\" srcset=\"https:\/\/www.accuracy.com\/wp-content\/uploads\/2026\/06\/shutterstock_2530870377-1024x540.jpg 1024w, https:\/\/www.accuracy.com\/wp-content\/uploads\/2026\/06\/shutterstock_2530870377-300x158.jpg 300w, https:\/\/www.accuracy.com\/wp-content\/uploads\/2026\/06\/shutterstock_2530870377-768x405.jpg 768w, https:\/\/www.accuracy.com\/wp-content\/uploads\/2026\/06\/shutterstock_2530870377-1536x810.jpg 1536w, https:\/\/www.accuracy.com\/wp-content\/uploads\/2026\/06\/shutterstock_2530870377-18x9.jpg 18w, https:\/\/www.accuracy.com\/wp-content\/uploads\/2026\/06\/shutterstock_2530870377.jpg 1920w\" sizes=\"(max-width: 800px) 100vw, 800px\" \/>\t\t\t\t\t\t\t\t\t\t\t\t\t\t\t<\/div>\n\t\t\t\t\t<\/div>\n\t\t\t\t<\/div>\n\t\t<div class=\"elementor-element elementor-element-f596aea e-flex e-con-boxed e-con e-parent\" data-id=\"f596aea\" data-element_type=\"container\" data-e-type=\"container\">\n\t\t\t\t\t<div class=\"e-con-inner\">\n\t\t\t\t<div class=\"elementor-element elementor-element-edea390 elementor-widget elementor-widget-text-editor\" data-id=\"edea390\" data-element_type=\"widget\" data-e-type=\"widget\" data-widget_type=\"text-editor.default\">\n\t\t\t\t\t\t\t\t\t<p><strong>Revenons \u00e0 une vision d'ensemble. Tout d'abord, le contexte mondial est marqu\u00e9 par beaucoup de bruit pour rien <\/strong>(pour reprendre le titre du quatri\u00e8me roman de William Faulkner, dans lequel les personnages sont incapables d\u2019\u00e9chapper \u00e0 un destin macabre). Dans son rapport annuel de 2025, Amnesty International a d\u00e9crit le monde d\u2019aujourd\u2019hui comme un <strong>\u201c ordre mondial pr\u00e9dateur \u201d<\/strong>. Le multilat\u00e9ralisme est remis en cause. Le droit international s'affaiblit. La guerre se substitue de plus en plus \u00e0 la diplomatie. Les r\u00e9gimes autoritaires, tels que la Russie de Vladimir Poutine, jouent un r\u00f4le central, mais il en va de m\u00eame pour les d\u00e9mocraties, notamment les \u00c9tats-Unis de Donald Trump et l'Isra\u00ebl de Benjamin Netanyahou, qui affichent tous deux des tendances illib\u00e9rales. <strong>Deuxi\u00e8mement, le contexte \u00e9conomique se caract\u00e9rise par une certaine ambigu\u00eft\u00e9.<\/strong> Faut-il se r\u00e9jouir d\u2019une croissance r\u00e9siliente et d\u2019un march\u00e9 boursier en plein essor ? Ou s\u2019inqui\u00e9ter de la multiplication des barri\u00e8res commerciales et de l\u2019augmentation constante de la dette publique ? Consid\u00e9r\u00e9es conjointement, ces r\u00e9alit\u00e9s sont loin d\u2019\u00eatre rassurantes. Les d\u00e9penses de d\u00e9fense augmentent fortement, mais comment seront-elles financ\u00e9es ? Et quelles en seront les cons\u00e9quences sur les \u00e9quilibres macro\u00e9conomiques ?<\/p>\t\t\t\t\t\t\t\t<\/div>\n\t\t\t\t\t<\/div>\n\t\t\t\t<\/div>\n\t\t<div class=\"elementor-element elementor-element-ad992a9 e-flex e-con-boxed e-con e-parent\" data-id=\"ad992a9\" data-element_type=\"container\" data-e-type=\"container\">\n\t\t\t\t\t<div class=\"e-con-inner\">\n\t\t\t\t<div class=\"elementor-element elementor-element-4d054a3 elementor-widget elementor-widget-text-editor\" data-id=\"4d054a3\" data-element_type=\"widget\" data-e-type=\"widget\" data-widget_type=\"text-editor.default\">\n\t\t\t\t\t\t\t\t\t<p><strong>On per\u00e7oit un lien sous-jacent entre les \u00e9quilibres internationaux et les \u00e9quilibres \u00e9conomiques. La coop\u00e9ration internationale semble \u00eatre une condition pr\u00e9alable \u00e0 la stabilit\u00e9 \u00e9conomique, et l'inverse pourrait \u00e9galement \u00eatre vrai.<\/strong> Cela soul\u00e8ve une question plus profonde : l'instabilit\u00e9 \u00e9conomique pourrait-elle, en soi, nuire aux relations entre les \u00c9tats, que ce soit directement ou par le biais d'institutions internationales affaiblies ? <strong>Pour r\u00e9pondre \u00e0 cette question, nous devons tout d'abord clarifier les concepts de coop\u00e9ration internationale et de stabilit\u00e9 \u00e9conomique, avant d'expliquer le lien qui les unit.<\/strong><\/p>\t\t\t\t\t\t\t\t<\/div>\n\t\t\t\t\t<\/div>\n\t\t\t\t<\/div>\n\t\t<div class=\"elementor-element elementor-element-5e461e2 e-flex e-con-boxed e-con e-parent\" data-id=\"5e461e2\" data-element_type=\"container\" data-e-type=\"container\">\n\t\t\t\t\t<div class=\"e-con-inner\">\n\t\t\t\t<div class=\"elementor-element elementor-element-9c12867 elementor-widget elementor-widget-text-editor\" data-id=\"9c12867\" data-element_type=\"widget\" data-e-type=\"widget\" data-widget_type=\"text-editor.default\">\n\t\t\t\t\t\t\t\t\t<p><strong>La coop\u00e9ration internationale d\u00e9signe le processus par lequel les pays collaborent pour atteindre des objectifs communs, <\/strong>qu'il s'agisse de promouvoir des biens publics mondiaux (tels que la sant\u00e9 publique), de g\u00e9rer des ressources partag\u00e9es (l'eau) ou de relever des d\u00e9fis collectifs (le changement climatique). Si certains de ces objectifs peuvent \u00eatre source de rivalit\u00e9, d'autres ne le sont pas. L'interd\u00e9pendance favorise la coop\u00e9ration, mais des int\u00e9r\u00eats divergents peuvent tout aussi bien l'entraver.<\/p>\t\t\t\t\t\t\t\t<\/div>\n\t\t\t\t\t<\/div>\n\t\t\t\t<\/div>\n\t\t<div class=\"elementor-element elementor-element-6149052 e-flex e-con-boxed e-con e-parent\" data-id=\"6149052\" data-element_type=\"container\" data-e-type=\"container\">\n\t\t\t\t\t<div class=\"e-con-inner\">\n\t\t\t\t<div class=\"elementor-element elementor-element-819d782 elementor-widget elementor-widget-text-editor\" data-id=\"819d782\" data-element_type=\"widget\" data-e-type=\"widget\" data-widget_type=\"text-editor.default\">\n\t\t\t\t\t\t\t\t\t<p><strong>La stabilit\u00e9 \u00e9conomique, quant \u00e0 elle, correspond \u00e0 la r\u00e9alisation durable du \u201c carr\u00e9 magique \u201d de Kaldor : une croissance proche du potentiel et la stabilit\u00e9 des prix<\/strong> (ou, plus pr\u00e9cis\u00e9ment, des anticipations d'inflation bien ancr\u00e9es), <strong>le plein emploi et l'\u00e9quilibre des comptes ext\u00e9rieurs.<\/strong> C'est le fondement de la prosp\u00e9rit\u00e9 \u00e0 long terme.<\/p>\t\t\t\t\t\t\t\t<\/div>\n\t\t\t\t\t<\/div>\n\t\t\t\t<\/div>\n\t\t<div class=\"elementor-element elementor-element-3449bb6 e-flex e-con-boxed e-con e-parent\" data-id=\"3449bb6\" data-element_type=\"container\" data-e-type=\"container\">\n\t\t\t\t\t<div class=\"e-con-inner\">\n\t\t\t\t<div class=\"elementor-element elementor-element-711ef35 elementor-widget elementor-widget-text-editor\" data-id=\"711ef35\" data-element_type=\"widget\" data-e-type=\"widget\" data-widget_type=\"text-editor.default\">\n\t\t\t\t\t\t\t\t\t<p><strong>Comment ces deux dimensions interagissent-elles ? Compte tenu de la r\u00e9alit\u00e9 des flux commerciaux et des biens publics mondiaux, la coop\u00e9ration internationale devrait, en th\u00e9orie, favoriser la stabilit\u00e9 \u00e9conomique. Pourtant, l\u2019exp\u00e9rience de ces derni\u00e8res ann\u00e9es, voire de ces derni\u00e8res d\u00e9cennies, r\u00e9v\u00e8le une r\u00e9alit\u00e9 plus nuanc\u00e9e.<\/strong> On s'attendait \u00e0 ce que la g\u00e9n\u00e9ralisation des r\u00e8gles n\u00e9olib\u00e9rales et de la mondialisation favorise la coop\u00e9ration et la prosp\u00e9rit\u00e9 partag\u00e9e, renfor\u00e7ant ainsi la stabilit\u00e9 de chaque \u00e9conomie. Dans la pratique, les r\u00e9sultats se sont av\u00e9r\u00e9s plus in\u00e9gaux. <strong>Une plus grande ouverture au commerce, m\u00eame dans le cadre de r\u00e8gles communes, a souvent d\u00e9stabilis\u00e9 les \u00e9quilibres sociaux, politiques, voire environnementaux au niveau national.<\/strong> Dans certains cas, cela a \u00e9branl\u00e9 la stabilit\u00e9 \u00e9conomique elle-m\u00eame, d\u00e9clenchant une r\u00e9action hostile \u00e0 l\u2019encontre de l\u2019ordre mondial fond\u00e9 sur la coop\u00e9ration. La le\u00e7on \u00e0 en tirer donne \u00e0 r\u00e9fl\u00e9chir : l\u2019application de r\u00e8gles internationales uniformes \u00e0 des r\u00e9alit\u00e9s nationales diverses peut \u00eatre source de perturbations. Les march\u00e9s du travail, en particulier, risquent d\u2019en faire les frais, sous la forme d\u2019une hausse du ch\u00f4mage ou d\u2019une r\u00e9orientation vers des emplois moins qualifi\u00e9s et moins bien r\u00e9mun\u00e9r\u00e9s. Des tensions sociales et politiques s\u2019ensuivent naturellement.<\/p>\t\t\t\t\t\t\t\t<\/div>\n\t\t\t\t\t<\/div>\n\t\t\t\t<\/div>\n\t\t<div class=\"elementor-element elementor-element-2a87ec2 e-flex e-con-boxed e-con e-parent\" data-id=\"2a87ec2\" data-element_type=\"container\" data-e-type=\"container\">\n\t\t\t\t\t<div class=\"e-con-inner\">\n\t\t\t\t<div class=\"elementor-element elementor-element-580f8cd elementor-widget elementor-widget-text-editor\" data-id=\"580f8cd\" data-element_type=\"widget\" data-e-type=\"widget\" data-widget_type=\"text-editor.default\">\n\t\t\t\t\t\t\t\t\t<p><strong>Si la coop\u00e9ration internationale n'est pas une garantie universelle de stabilit\u00e9, il devient tentant de donner la priorit\u00e9 aux int\u00e9r\u00eats nationaux.<\/strong> Cette \u00e9volution implique un r\u00f4le accru de l'\u00c9tat par rapport aux march\u00e9s, m\u00eame au prix de tensions dans les relations internationales. La Chine, sous la pr\u00e9sidence de Xi, poursuit depuis longtemps une telle strat\u00e9gie. Les \u00c9tats-Unis, sous la pr\u00e9sidence de Trump, s'engagent d\u00e9sormais dans une voie similaire, bien qu'en recourant \u00e0 des moyens diff\u00e9rents. Apr\u00e8s tout, chaque nation suit sa propre voie.<\/p>\t\t\t\t\t\t\t\t<\/div>\n\t\t\t\t\t<\/div>\n\t\t\t\t<\/div>\n\t\t<div class=\"elementor-element elementor-element-3a4f258 e-flex e-con-boxed e-con e-parent\" data-id=\"3a4f258\" data-element_type=\"container\" data-e-type=\"container\">\n\t\t\t\t\t<div class=\"e-con-inner\">\n\t\t\t\t<div class=\"elementor-element elementor-element-7335212 elementor-widget elementor-widget-text-editor\" data-id=\"7335212\" data-element_type=\"widget\" data-e-type=\"widget\" data-widget_type=\"text-editor.default\">\n\t\t\t\t\t\t\t\t\t<p><strong>Bienvenue dans l'\u00e8re de la g\u00e9o\u00e9conomie.<\/strong> Ce concept peut \u00eatre d\u00e9fini comme le recours par les \u00c9tats \u00e0 des strat\u00e9gies \u00e9conomiques visant \u00e0 prot\u00e9ger leurs industries nationales, \u00e0 aider leurs champions nationaux \u00e0 s\u2019assurer le contr\u00f4le de technologies cl\u00e9s et\/ou \u00e0 conqu\u00e9rir des segments strat\u00e9giques des march\u00e9s mondiaux dans le cadre de la production ou de la commercialisation d\u2019un produit ou d\u2019une gamme de produits essentiels, dont la propri\u00e9t\u00e9 ou le contr\u00f4le conf\u00e8re un certain pouvoir et une influence internationale \u00e0 l\u2019\u00c9tat ou au champion national et contribue au renforcement de son potentiel \u00e9conomique et social (cf. Pascal Lorot, 2009 ; <em>de la g\u00e9opolitique \u00e0 la g\u00e9o\u00e9conomie<\/em>).<\/p>\t\t\t\t\t\t\t\t<\/div>\n\t\t\t\t\t<\/div>\n\t\t\t\t<\/div>\n\t\t<div class=\"elementor-element elementor-element-731f0c2 e-flex e-con-boxed e-con e-parent\" data-id=\"731f0c2\" data-element_type=\"container\" data-e-type=\"container\">\n\t\t\t\t\t<div class=\"e-con-inner\">\n\t\t\t\t<div class=\"elementor-element elementor-element-36916c1 elementor-widget elementor-widget-text-editor\" data-id=\"36916c1\" data-element_type=\"widget\" data-e-type=\"widget\" data-widget_type=\"text-editor.default\">\n\t\t\t\t\t\t\t\t\t<p><strong>Mais ces strat\u00e9gies sont-elles r\u00e9ellement efficaces ? \u00c0 bien des \u00e9gards, la mondialisation s'est transform\u00e9e en guerre \u00e9conomique. <\/strong>Comme l\u2019a r\u00e9cemment soulign\u00e9 le Premier ministre canadien Mark Carney lors du Forum \u00e9conomique mondial de Davos : l\u2019int\u00e9gration \u00e9conomique est de plus en plus utilis\u00e9e comme une arme, par le biais des droits de douane, des infrastructures financi\u00e8res et des cha\u00eenes d\u2019approvisionnement. Cette observation nous am\u00e8ne \u00e0 une autre : <strong>Dans le monde d'aujourd'hui, tous les pays, grands ou petits, se sentent vuln\u00e9rables. Ce sont les grandes puissances, notamment la Chine et les \u00c9tats-Unis, qui donnent le ton. Les autres doivent s'adapter du mieux qu'ils peuvent.<\/strong> Les \u00c9tats-Unis, par exemple, imposent des droits de douane \u00e0 de nombreux partenaires tout en cherchant simultan\u00e9ment \u00e0 nouer des coop\u00e9rations pour contourner la position dominante de la Chine dans le domaine des terres rares. La Chine, quant \u00e0 elle, r\u00e9oriente ses flux commerciaux et financiers au d\u00e9triment des \u00c9tats-Unis et encourage l\u2019internationalisation du renminbi.<\/p>\t\t\t\t\t\t\t\t<\/div>\n\t\t\t\t\t<\/div>\n\t\t\t\t<\/div>\n\t\t<div class=\"elementor-element elementor-element-67687a0 e-flex e-con-boxed e-con e-parent\" data-id=\"67687a0\" data-element_type=\"container\" data-e-type=\"container\">\n\t\t\t\t\t<div class=\"e-con-inner\">\n\t\t\t\t<div class=\"elementor-element elementor-element-f3aa463 elementor-widget elementor-widget-text-editor\" data-id=\"f3aa463\" data-element_type=\"widget\" data-e-type=\"widget\" data-widget_type=\"text-editor.default\">\n\t\t\t\t\t\t\t\t\t<p><strong>Existe-t-il un manuel sur la guerre \u00e9conomique ? Pas vraiment. Mais un r\u00e9cent <em>Affaires \u00e9trang\u00e8res<\/em> Cet article (\u201c Comment mener une guerre \u00e9conomique \u201d, mai-juin 2026) \u00e9nonce plusieurs principes directeurs :<\/strong><\/p><ul><li>Identifier les goulots d'\u00e9tranglement strat\u00e9giques, caract\u00e9ris\u00e9s par :<ul><li>part de march\u00e9 dominante<\/li><li>absence d'alternatives \u00e0 court terme<\/li><li>la capacit\u00e9 \u00e0 exercer une pression asym\u00e9trique (d\u00e9g\u00e2ts consid\u00e9rables pour la cible, d\u00e9g\u00e2ts minimes pour l'attaquant).<\/li><\/ul><\/li><li>Les semi-conducteurs (pour les \u00c9tats-Unis) et les terres rares (pour la Chine) en sont des exemples par excellence. En revanche, les droits de douane ne r\u00e9pondent pas \u00e0 ces crit\u00e8res : les \u00c9tats-Unis ne repr\u00e9sentent qu\u2019environ 14% des importations mondiales, ce qui est trop faible pour emp\u00eacher la substitution.<\/li><li>Se pr\u00e9parer \u00e0 des repr\u00e9sailles. Les mesures offensives ne suffisent pas \u00e0 elles seules. Les \u00c9tats doivent anticiper les contre-mesures que les pays vis\u00e9s ne manqueront pas de mettre en \u0153uvre. Ils doivent identifier leurs propres vuln\u00e9rabilit\u00e9s, c'est-\u00e0-dire les points sur lesquels leurs adversaires exerceront une pression, et \u00e9laborer des strat\u00e9gies de repli.<\/li><li>Il convient de d\u00e9finir des objectifs clairs avant de recourir \u00e0 ces armes. Celles-ci peuvent \u00eatre class\u00e9es en trois cat\u00e9gories, hi\u00e9rarchis\u00e9es selon leur niveau d\u2019ambition. La moins ambitieuse est celle de la prise de position ou de la condamnation, qui consiste \u00e0 d\u00e9noncer publiquement les agissements r\u00e9pr\u00e9hensibles du pays en question. Le niveau suivant est celui de la restriction, qui consiste essentiellement \u00e0 limiter l\u2019acc\u00e8s \u00e0 la technologie, aux march\u00e9s et\/ou aux capitaux et aux infrastructures financi\u00e8res. Le niveau le plus \u00e9lev\u00e9 est celui de la coercition, qui recourt \u00e0 la pression \u00e9conomique pour obtenir un changement de politique. Il est essentiel que les outils mis en \u0153uvre soient adapt\u00e9s \u00e0 l\u2019objectif vis\u00e9.<\/li><li style=\"list-style-type: none;\"><ul><li style=\"list-style-type: none;\">\u00a0<\/li><\/ul><\/li><\/ul>\t\t\t\t\t\t\t\t<\/div>\n\t\t\t\t\t<\/div>\n\t\t\t\t<\/div>\n\t\t<div class=\"elementor-element elementor-element-e4dba45 e-flex e-con-boxed e-con e-parent\" data-id=\"e4dba45\" data-element_type=\"container\" data-e-type=\"container\">\n\t\t\t\t\t<div class=\"e-con-inner\">\n\t\t\t\t<div class=\"elementor-element elementor-element-3f6728d elementor-widget elementor-widget-text-editor\" data-id=\"3f6728d\" data-element_type=\"widget\" data-e-type=\"widget\" data-widget_type=\"text-editor.default\">\n\t\t\t\t\t\t\t\t\t<p>Ce cadre permet de mieux comprendre les liens entre les dynamiques internationales et \u00e9conomiques. <strong>Une mondialisation mal g\u00e9r\u00e9e a contribu\u00e9 aux tensions actuelles, mais cela implique-t-il pour autant une escalade in\u00e9luctable ? D\u2019un point de vue comportemental, peut-\u00eatre : les conflits engendrent souvent des exc\u00e8s. D\u2019un point de vue analytique, c\u2019est moins certain.<\/strong> Les \u00e9changes \u00e9conomiques restent r\u00e9gis par l\u2019avantage comparatif (David Ricardo, puis la th\u00e9orie classique du commerce international), ce qui limite l\u2019ampleur des cons\u00e9quences extr\u00eames. Contrairement aux conflits militaires, o\u00f9 l\u2019escalade peut devenir totale \u2013 comme l\u2019a th\u00e9oris\u00e9 Clausewitz \u2013, la confrontation \u00e9conomique se heurte \u00e0 des limites structurelles.<\/p>\t\t\t\t\t\t\t\t<\/div>\n\t\t\t\t\t<\/div>\n\t\t\t\t<\/div>\n\t\t<div class=\"elementor-element elementor-element-835a529 e-flex e-con-boxed e-con e-parent\" data-id=\"835a529\" data-element_type=\"container\" data-e-type=\"container\">\n\t\t\t\t\t<div class=\"e-con-inner\">\n\t\t\t\t<div class=\"elementor-element elementor-element-330c3d5 elementor-widget elementor-widget-text-editor\" data-id=\"330c3d5\" data-element_type=\"widget\" data-e-type=\"widget\" data-widget_type=\"text-editor.default\">\n\t\t\t\t\t\t\t\t\t<p><strong>Le cadre r\u00e9gissant le commerce international (et probablement les march\u00e9s financiers) est appel\u00e9 \u00e0 \u00e9voluer \u2013 peut-\u00eatre davantage dans la pratique (de facto) que sur le plan juridique (de jure).<\/strong> Les r\u00e8gles perdent de leur caract\u00e8re universel, variant d'un partenaire \u00e0 l'autre ; elles sont moins stables, plus sensibles aux cycles politiques et \u00e9conomiques ; et elles sont moins dict\u00e9es par les lois du march\u00e9, les int\u00e9r\u00eats nationaux prenant de plus en plus le dessus. <strong>Le paysage \u00e9conomique mondial est en pleine mutation : l\u201c\u201d hypoglobalisation \u201c prend le pas sur l\u201d\u00ab hyperglobalisation \u00bb. <\/strong>La croissance du commerce mondial est d\u00e9sormais \u00e0 la tra\u00eene par rapport \u00e0 celle du PIB mondial, au lieu de la d\u00e9passer, et ce changement s\u2019accompagne d\u2019une nouvelle r\u00e9alit\u00e9 : une relation moins stable entre les deux.<\/p>\t\t\t\t\t\t\t\t<\/div>\n\t\t\t\t\t<\/div>\n\t\t\t\t<\/div>\n\t\t<div class=\"elementor-element elementor-element-5d1d01c e-flex e-con-boxed e-con e-parent\" data-id=\"5d1d01c\" data-element_type=\"container\" data-e-type=\"container\">\n\t\t\t\t\t<div class=\"e-con-inner\">\n\t\t\t\t<div class=\"elementor-element elementor-element-c5cc7f9 elementor-widget elementor-widget-text-editor\" data-id=\"c5cc7f9\" data-element_type=\"widget\" data-e-type=\"widget\" data-widget_type=\"text-editor.default\">\n\t\t\t\t\t\t\t\t\t<hr \/><p><strong>Herv\u00e9 Goulletquer, conseiller \u00e9conomique principal, Accuracy<\/strong><\/p>\t\t\t\t\t\t\t\t<\/div>\n\t\t\t\t\t<\/div>\n\t\t\t\t<\/div>\n\t\t\t\t<\/div>","protected":false},"excerpt":{"rendered":"<p>Let us return to the broader picture. First, there is a global landscape marked by sound and fury (to borrow from the title of William Faulkner\u2019s fourth novel, in which the characters are unable to escape from a gruesome fate). In its 2025 annual report, Amnesty International described today\u2019s world as a \u201cpredatory global order\u201d. [&hellip;]<\/p>\n","protected":false},"author":63,"featured_media":64654,"comment_status":"closed","ping_status":"closed","sticky":false,"template":"","format":"standard","meta":{"_acf_changed":false,"footnotes":""},"categories":[58],"tags":[177],"class_list":["post-64690","post","type-post","status-publish","format-standard","has-post-thumbnail","hentry","category-news","tag-news"],"acf":[],"yoast_head":"<!-- This site is optimized with the Yoast SEO Premium plugin v28.4 (Yoast SEO v28.4) - https:\/\/yoast.com\/product\/yoast-seo-premium-wordpress\/ -->\n<title>A world in turmoil, and the restraint of economics? - Accuracy<\/title>\n<meta name=\"robots\" content=\"index, follow, max-snippet:-1, max-image-preview:large, max-video-preview:-1\" \/>\n<link rel=\"canonical\" href=\"https:\/\/www.accuracy.com\/fr\/un-monde-en-pleine-tourmente-et-les-contraintes-economiques\/\" \/>\n<meta property=\"og:locale\" content=\"fr_CA\" \/>\n<meta property=\"og:type\" content=\"article\" \/>\n<meta property=\"og:title\" content=\"A world in turmoil, and the restraint of economics?\" \/>\n<meta property=\"og:description\" content=\"Let us return to the broader picture. First, there is a global landscape marked by sound and fury (to borrow from the title of William Faulkner\u2019s fourth novel, in which the characters are unable to escape from a gruesome fate). In its 2025 annual report, Amnesty International described today\u2019s world as a \u201cpredatory global order\u201d. [&hellip;]\" \/>\n<meta property=\"og:url\" content=\"https:\/\/www.accuracy.com\/fr\/un-monde-en-pleine-tourmente-et-les-contraintes-economiques\/\" \/>\n<meta property=\"og:site_name\" content=\"Accuracy\" \/>\n<meta property=\"article:published_time\" content=\"2026-06-04T09:54:50+00:00\" \/>\n<meta property=\"article:modified_time\" content=\"2026-06-04T10:02:38+00:00\" \/>\n<meta property=\"og:image\" content=\"https:\/\/www.accuracy.com\/wp-content\/uploads\/2026\/06\/shutterstock_2530870377.jpg\" \/>\n\t<meta property=\"og:image:width\" content=\"1920\" \/>\n\t<meta property=\"og:image:height\" content=\"1013\" \/>\n\t<meta property=\"og:image:type\" content=\"image\/jpeg\" \/>\n<meta name=\"author\" content=\"Etienne Levy\" \/>\n<meta name=\"twitter:card\" content=\"summary_large_image\" \/>\n<meta name=\"twitter:label1\" content=\"\u00c9crit par\" \/>\n\t<meta name=\"twitter:data1\" content=\"Etienne Levy\" \/>\n\t<meta name=\"twitter:label2\" content=\"Estimation du temps de lecture\" \/>\n\t<meta name=\"twitter:data2\" content=\"5 minutes\" \/>\n<script type=\"application\/ld+json\" class=\"yoast-schema-graph\">{\"@context\":\"https:\\\/\\\/schema.org\",\"@graph\":[{\"@type\":\"Article\",\"@id\":\"https:\\\/\\\/www.accuracy.com\\\/a-world-in-turmoil-and-the-restraint-of-economics\\\/#article\",\"isPartOf\":{\"@id\":\"https:\\\/\\\/www.accuracy.com\\\/a-world-in-turmoil-and-the-restraint-of-economics\\\/\"},\"author\":{\"name\":\"Etienne Levy\",\"@id\":\"https:\\\/\\\/www.accuracy.com\\\/#\\\/schema\\\/person\\\/0121122fa331675601ed145cc5dd6182\"},\"headline\":\"A world in turmoil, and the restraint of economics?\",\"datePublished\":\"2026-06-04T09:54:50+00:00\",\"dateModified\":\"2026-06-04T10:02:38+00:00\",\"mainEntityOfPage\":{\"@id\":\"https:\\\/\\\/www.accuracy.com\\\/a-world-in-turmoil-and-the-restraint-of-economics\\\/\"},\"wordCount\":1145,\"publisher\":{\"@id\":\"https:\\\/\\\/www.accuracy.com\\\/#organization\"},\"image\":{\"@id\":\"https:\\\/\\\/www.accuracy.com\\\/a-world-in-turmoil-and-the-restraint-of-economics\\\/#primaryimage\"},\"thumbnailUrl\":\"https:\\\/\\\/www.accuracy.com\\\/wp-content\\\/uploads\\\/2026\\\/06\\\/shutterstock_2530870377.jpg\",\"keywords\":[\"News\"],\"articleSection\":[\"News\"],\"inLanguage\":\"fr-CA\"},{\"@type\":\"WebPage\",\"@id\":\"https:\\\/\\\/www.accuracy.com\\\/a-world-in-turmoil-and-the-restraint-of-economics\\\/\",\"url\":\"https:\\\/\\\/www.accuracy.com\\\/a-world-in-turmoil-and-the-restraint-of-economics\\\/\",\"name\":\"A world in turmoil, and the restraint of economics? - Accuracy\",\"isPartOf\":{\"@id\":\"https:\\\/\\\/www.accuracy.com\\\/#website\"},\"primaryImageOfPage\":{\"@id\":\"https:\\\/\\\/www.accuracy.com\\\/a-world-in-turmoil-and-the-restraint-of-economics\\\/#primaryimage\"},\"image\":{\"@id\":\"https:\\\/\\\/www.accuracy.com\\\/a-world-in-turmoil-and-the-restraint-of-economics\\\/#primaryimage\"},\"thumbnailUrl\":\"https:\\\/\\\/www.accuracy.com\\\/wp-content\\\/uploads\\\/2026\\\/06\\\/shutterstock_2530870377.jpg\",\"datePublished\":\"2026-06-04T09:54:50+00:00\",\"dateModified\":\"2026-06-04T10:02:38+00:00\",\"breadcrumb\":{\"@id\":\"https:\\\/\\\/www.accuracy.com\\\/a-world-in-turmoil-and-the-restraint-of-economics\\\/#breadcrumb\"},\"inLanguage\":\"fr-CA\",\"potentialAction\":[{\"@type\":\"ReadAction\",\"target\":[\"https:\\\/\\\/www.accuracy.com\\\/a-world-in-turmoil-and-the-restraint-of-economics\\\/\"]}]},{\"@type\":\"ImageObject\",\"inLanguage\":\"fr-CA\",\"@id\":\"https:\\\/\\\/www.accuracy.com\\\/a-world-in-turmoil-and-the-restraint-of-economics\\\/#primaryimage\",\"url\":\"https:\\\/\\\/www.accuracy.com\\\/wp-content\\\/uploads\\\/2026\\\/06\\\/shutterstock_2530870377.jpg\",\"contentUrl\":\"https:\\\/\\\/www.accuracy.com\\\/wp-content\\\/uploads\\\/2026\\\/06\\\/shutterstock_2530870377.jpg\",\"width\":1920,\"height\":1013},{\"@type\":\"BreadcrumbList\",\"@id\":\"https:\\\/\\\/www.accuracy.com\\\/a-world-in-turmoil-and-the-restraint-of-economics\\\/#breadcrumb\",\"itemListElement\":[{\"@type\":\"ListItem\",\"position\":1,\"name\":\"Accueil\",\"item\":\"https:\\\/\\\/www.accuracy.com\\\/\"},{\"@type\":\"ListItem\",\"position\":2,\"name\":\"A world in turmoil, and the restraint of economics?\"}]},{\"@type\":\"WebSite\",\"@id\":\"https:\\\/\\\/www.accuracy.com\\\/#website\",\"url\":\"https:\\\/\\\/www.accuracy.com\\\/\",\"name\":\"Accuracy\",\"description\":\"Business Advisers - Financial Consultants\",\"publisher\":{\"@id\":\"https:\\\/\\\/www.accuracy.com\\\/#organization\"},\"potentialAction\":[{\"@type\":\"SearchAction\",\"target\":{\"@type\":\"EntryPoint\",\"urlTemplate\":\"https:\\\/\\\/www.accuracy.com\\\/?s={search_term_string}\"},\"query-input\":{\"@type\":\"PropertyValueSpecification\",\"valueRequired\":true,\"valueName\":\"search_term_string\"}}],\"inLanguage\":\"fr-CA\"},{\"@type\":\"Organization\",\"@id\":\"https:\\\/\\\/www.accuracy.com\\\/#organization\",\"name\":\"Accuracy\",\"url\":\"https:\\\/\\\/www.accuracy.com\\\/\",\"logo\":{\"@type\":\"ImageObject\",\"inLanguage\":\"fr-CA\",\"@id\":\"https:\\\/\\\/www.accuracy.com\\\/#\\\/schema\\\/logo\\\/image\\\/\",\"url\":\"https:\\\/\\\/www.accuracy.com\\\/wp-content\\\/uploads\\\/2023\\\/08\\\/unnamed-3.jpg\",\"contentUrl\":\"https:\\\/\\\/www.accuracy.com\\\/wp-content\\\/uploads\\\/2023\\\/08\\\/unnamed-3.jpg\",\"width\":512,\"height\":512,\"caption\":\"Accuracy\"},\"image\":{\"@id\":\"https:\\\/\\\/www.accuracy.com\\\/#\\\/schema\\\/logo\\\/image\\\/\"},\"sameAs\":[\"https:\\\/\\\/www.linkedin.com\\\/company\\\/accuracy\\\/?originalSubdomain=fr\",\"https:\\\/\\\/www.instagram.com\\\/accuracycareers\\\/\"]},{\"@type\":\"Person\",\"@id\":\"https:\\\/\\\/www.accuracy.com\\\/#\\\/schema\\\/person\\\/0121122fa331675601ed145cc5dd6182\",\"name\":\"Etienne Levy\",\"image\":{\"@type\":\"ImageObject\",\"inLanguage\":\"fr-CA\",\"@id\":\"https:\\\/\\\/secure.gravatar.com\\\/avatar\\\/c813ed470b69b1f5efb585901ce73ab6e5f4e77dd0533067ad71eab4f54f7b24?s=96&d=blank&r=g\",\"url\":\"https:\\\/\\\/secure.gravatar.com\\\/avatar\\\/c813ed470b69b1f5efb585901ce73ab6e5f4e77dd0533067ad71eab4f54f7b24?s=96&d=blank&r=g\",\"contentUrl\":\"https:\\\/\\\/secure.gravatar.com\\\/avatar\\\/c813ed470b69b1f5efb585901ce73ab6e5f4e77dd0533067ad71eab4f54f7b24?s=96&d=blank&r=g\",\"caption\":\"Etienne Levy\"}}]}<\/script>\n<!-- \/ Yoast SEO Premium plugin. -->","yoast_head_json":{"title":"Un monde en pleine tourmente, et les contraintes \u00e9conomiques ? - Accuracy","robots":{"index":"index","follow":"follow","max-snippet":"max-snippet:-1","max-image-preview":"max-image-preview:large","max-video-preview":"max-video-preview:-1"},"canonical":"https:\/\/www.accuracy.com\/fr\/un-monde-en-pleine-tourmente-et-les-contraintes-economiques\/","og_locale":"fr_CA","og_type":"article","og_title":"A world in turmoil, and the restraint of economics?","og_description":"Let us return to the broader picture. First, there is a global landscape marked by sound and fury (to borrow from the title of William Faulkner\u2019s fourth novel, in which the characters are unable to escape from a gruesome fate). In its 2025 annual report, Amnesty International described today\u2019s world as a \u201cpredatory global order\u201d. [&hellip;]","og_url":"https:\/\/www.accuracy.com\/fr\/un-monde-en-pleine-tourmente-et-les-contraintes-economiques\/","og_site_name":"Accuracy","article_published_time":"2026-06-04T09:54:50+00:00","article_modified_time":"2026-06-04T10:02:38+00:00","og_image":[{"width":1920,"height":1013,"url":"https:\/\/www.accuracy.com\/wp-content\/uploads\/2026\/06\/shutterstock_2530870377.jpg","type":"image\/jpeg"}],"author":"Etienne Levy","twitter_card":"summary_large_image","twitter_misc":{"\u00c9crit par":"Etienne Levy","Estimation du temps de lecture":"5 minutes"},"schema":{"@context":"https:\/\/schema.org","@graph":[{"@type":"Article","@id":"https:\/\/www.accuracy.com\/a-world-in-turmoil-and-the-restraint-of-economics\/#article","isPartOf":{"@id":"https:\/\/www.accuracy.com\/a-world-in-turmoil-and-the-restraint-of-economics\/"},"author":{"name":"Etienne Levy","@id":"https:\/\/www.accuracy.com\/#\/schema\/person\/0121122fa331675601ed145cc5dd6182"},"headline":"A world in turmoil, and the restraint of economics?","datePublished":"2026-06-04T09:54:50+00:00","dateModified":"2026-06-04T10:02:38+00:00","mainEntityOfPage":{"@id":"https:\/\/www.accuracy.com\/a-world-in-turmoil-and-the-restraint-of-economics\/"},"wordCount":1145,"publisher":{"@id":"https:\/\/www.accuracy.com\/#organization"},"image":{"@id":"https:\/\/www.accuracy.com\/a-world-in-turmoil-and-the-restraint-of-economics\/#primaryimage"},"thumbnailUrl":"https:\/\/www.accuracy.com\/wp-content\/uploads\/2026\/06\/shutterstock_2530870377.jpg","keywords":["News"],"articleSection":["News"],"inLanguage":"fr-CA"},{"@type":"WebPage","@id":"https:\/\/www.accuracy.com\/a-world-in-turmoil-and-the-restraint-of-economics\/","url":"https:\/\/www.accuracy.com\/a-world-in-turmoil-and-the-restraint-of-economics\/","name":"Un monde en pleine tourmente, et les contraintes \u00e9conomiques ? - Accuracy","isPartOf":{"@id":"https:\/\/www.accuracy.com\/#website"},"primaryImageOfPage":{"@id":"https:\/\/www.accuracy.com\/a-world-in-turmoil-and-the-restraint-of-economics\/#primaryimage"},"image":{"@id":"https:\/\/www.accuracy.com\/a-world-in-turmoil-and-the-restraint-of-economics\/#primaryimage"},"thumbnailUrl":"https:\/\/www.accuracy.com\/wp-content\/uploads\/2026\/06\/shutterstock_2530870377.jpg","datePublished":"2026-06-04T09:54:50+00:00","dateModified":"2026-06-04T10:02:38+00:00","breadcrumb":{"@id":"https:\/\/www.accuracy.com\/a-world-in-turmoil-and-the-restraint-of-economics\/#breadcrumb"},"inLanguage":"fr-CA","potentialAction":[{"@type":"ReadAction","target":["https:\/\/www.accuracy.com\/a-world-in-turmoil-and-the-restraint-of-economics\/"]}]},{"@type":"ImageObject","inLanguage":"fr-CA","@id":"https:\/\/www.accuracy.com\/a-world-in-turmoil-and-the-restraint-of-economics\/#primaryimage","url":"https:\/\/www.accuracy.com\/wp-content\/uploads\/2026\/06\/shutterstock_2530870377.jpg","contentUrl":"https:\/\/www.accuracy.com\/wp-content\/uploads\/2026\/06\/shutterstock_2530870377.jpg","width":1920,"height":1013},{"@type":"BreadcrumbList","@id":"https:\/\/www.accuracy.com\/a-world-in-turmoil-and-the-restraint-of-economics\/#breadcrumb","itemListElement":[{"@type":"ListItem","position":1,"name":"Accueil","item":"https:\/\/www.accuracy.com\/"},{"@type":"ListItem","position":2,"name":"A world in turmoil, and the restraint of economics?"}]},{"@type":"WebSite","@id":"https:\/\/www.accuracy.com\/#website","url":"https:\/\/www.accuracy.com\/","name":"Accuracy","description":"Conseillers d'entreprise - Consultants financiers","publisher":{"@id":"https:\/\/www.accuracy.com\/#organization"},"potentialAction":[{"@type":"SearchAction","target":{"@type":"EntryPoint","urlTemplate":"https:\/\/www.accuracy.com\/?s={search_term_string}"},"query-input":{"@type":"PropertyValueSpecification","valueRequired":true,"valueName":"search_term_string"}}],"inLanguage":"fr-CA"},{"@type":"Organization","@id":"https:\/\/www.accuracy.com\/#organization","name":"Accuracy","url":"https:\/\/www.accuracy.com\/","logo":{"@type":"ImageObject","inLanguage":"fr-CA","@id":"https:\/\/www.accuracy.com\/#\/schema\/logo\/image\/","url":"https:\/\/www.accuracy.com\/wp-content\/uploads\/2023\/08\/unnamed-3.jpg","contentUrl":"https:\/\/www.accuracy.com\/wp-content\/uploads\/2023\/08\/unnamed-3.jpg","width":512,"height":512,"caption":"Accuracy"},"image":{"@id":"https:\/\/www.accuracy.com\/#\/schema\/logo\/image\/"},"sameAs":["https:\/\/www.linkedin.com\/company\/accuracy\/?originalSubdomain=fr","https:\/\/www.instagram.com\/accuracycareers\/"]},{"@type":"Person","@id":"https:\/\/www.accuracy.com\/#\/schema\/person\/0121122fa331675601ed145cc5dd6182","name":"\u00c9tienne L\u00e9vy","image":{"@type":"ImageObject","inLanguage":"fr-CA","@id":"https:\/\/secure.gravatar.com\/avatar\/c813ed470b69b1f5efb585901ce73ab6e5f4e77dd0533067ad71eab4f54f7b24?s=96&d=blank&r=g","url":"https:\/\/secure.gravatar.com\/avatar\/c813ed470b69b1f5efb585901ce73ab6e5f4e77dd0533067ad71eab4f54f7b24?s=96&d=blank&r=g","contentUrl":"https:\/\/secure.gravatar.com\/avatar\/c813ed470b69b1f5efb585901ce73ab6e5f4e77dd0533067ad71eab4f54f7b24?s=96&d=blank&r=g","caption":"Etienne Levy"}}]}},"_links":{"self":[{"href":"https:\/\/www.accuracy.com\/fr\/wp-json\/wp\/v2\/posts\/64690","targetHints":{"allow":["GET"]}}],"collection":[{"href":"https:\/\/www.accuracy.com\/fr\/wp-json\/wp\/v2\/posts"}],"about":[{"href":"https:\/\/www.accuracy.com\/fr\/wp-json\/wp\/v2\/types\/post"}],"author":[{"embeddable":true,"href":"https:\/\/www.accuracy.com\/fr\/wp-json\/wp\/v2\/users\/63"}],"replies":[{"embeddable":true,"href":"https:\/\/www.accuracy.com\/fr\/wp-json\/wp\/v2\/comments?post=64690"}],"version-history":[{"count":7,"href":"https:\/\/www.accuracy.com\/fr\/wp-json\/wp\/v2\/posts\/64690\/revisions"}],"predecessor-version":[{"id":64697,"href":"https:\/\/www.accuracy.com\/fr\/wp-json\/wp\/v2\/posts\/64690\/revisions\/64697"}],"wp:featuredmedia":[{"embeddable":true,"href":"https:\/\/www.accuracy.com\/fr\/wp-json\/wp\/v2\/media\/64654"}],"wp:attachment":[{"href":"https:\/\/www.accuracy.com\/fr\/wp-json\/wp\/v2\/media?parent=64690"}],"wp:term":[{"taxonomy":"category","embeddable":true,"href":"https:\/\/www.accuracy.com\/fr\/wp-json\/wp\/v2\/categories?post=64690"},{"taxonomy":"post_tag","embeddable":true,"href":"https:\/\/www.accuracy.com\/fr\/wp-json\/wp\/v2\/tags?post=64690"}],"curies":[{"name":"wp","href":"https:\/\/api.w.org\/{rel}","templated":true}]}}