{"id":64643,"date":"2026-06-02T17:30:06","date_gmt":"2026-06-02T15:30:06","guid":{"rendered":"https:\/\/www.accuracy.com\/?p=64643"},"modified":"2026-06-03T09:34:00","modified_gmt":"2026-06-03T07:34:00","slug":"la-fureur-du-monde-et-la-sagesse-de-leconomie","status":"publish","type":"post","link":"https:\/\/www.accuracy.com\/fr\/fureur-du-monde-et-sagesse-de-leconomie\/","title":{"rendered":"La fureur du monde et la sagesse de l'\u00e9conomie ?"},"content":{"rendered":"<div data-elementor-type=\"wp-post\" data-elementor-id=\"64643\" class=\"elementor elementor-64643\" data-elementor-post-type=\"post\">\n\t\t\t\t<div class=\"elementor-element elementor-element-f12ddeb e-flex e-con-boxed e-con e-parent\" data-id=\"f12ddeb\" data-element_type=\"container\" data-e-type=\"container\">\n\t\t\t\t\t<div class=\"e-con-inner\">\n\t\t\t\t<div class=\"elementor-element elementor-element-b510dd5 elementor-widget elementor-widget-image\" data-id=\"b510dd5\" data-element_type=\"widget\" data-e-type=\"widget\" data-widget_type=\"image.default\">\n\t\t\t\t\t\t\t\t\t\t\t\t\t\t\t<img fetchpriority=\"high\" decoding=\"async\" width=\"800\" height=\"422\" src=\"https:\/\/www.accuracy.com\/wp-content\/uploads\/2026\/06\/shutterstock_2530870377-1024x540.jpg\" class=\"attachment-large size-large wp-image-64654\" alt=\"\" srcset=\"https:\/\/www.accuracy.com\/wp-content\/uploads\/2026\/06\/shutterstock_2530870377-1024x540.jpg 1024w, https:\/\/www.accuracy.com\/wp-content\/uploads\/2026\/06\/shutterstock_2530870377-300x158.jpg 300w, https:\/\/www.accuracy.com\/wp-content\/uploads\/2026\/06\/shutterstock_2530870377-768x405.jpg 768w, https:\/\/www.accuracy.com\/wp-content\/uploads\/2026\/06\/shutterstock_2530870377-1536x810.jpg 1536w, https:\/\/www.accuracy.com\/wp-content\/uploads\/2026\/06\/shutterstock_2530870377-18x9.jpg 18w, https:\/\/www.accuracy.com\/wp-content\/uploads\/2026\/06\/shutterstock_2530870377.jpg 1920w\" sizes=\"(max-width: 800px) 100vw, 800px\" \/>\t\t\t\t\t\t\t\t\t\t\t\t\t\t\t<\/div>\n\t\t\t\t\t<\/div>\n\t\t\t\t<\/div>\n\t\t<div class=\"elementor-element elementor-element-f597a48 e-flex e-con-boxed e-con e-parent\" data-id=\"f597a48\" data-element_type=\"container\" data-e-type=\"container\">\n\t\t\t\t\t<div class=\"e-con-inner\">\n\t\t\t\t<div class=\"elementor-element elementor-element-b3ecaed elementor-widget elementor-widget-text-editor\" data-id=\"b3ecaed\" data-element_type=\"widget\" data-e-type=\"widget\" data-widget_type=\"text-editor.default\">\n\t\t\t\t\t\t\t\t\t<p><strong>Arr\u00eatons-nous sur une double r\u00e9alit\u00e9. Il y a tout d\u2019abord une situation internationale pleine de bruit et de fureur<\/strong> (pour reprendre le titre d\u2019un roman de William Faulkner, dans lequel les personnages ne parviennent pas \u00e0 \u00e9chapper \u00e0 un destin funeste). Amnesty International, une ONG ind\u00e9pendante qui lutte pour la libert\u00e9 d\u2019expression et contre les discriminations, ne parlait-elle pas, dans son rapport annuel 2025, de <strong>\u2019 l\u2019ordre mondial des carnivores \u00ab<\/strong> ? Le multilat\u00e9ralisme et le droit international sont remis en cause et la guerre prend le pas sur la diplomatie. Des r\u00e9gimes autoritaires, comme celui de la Russie de Vladimir Poutine, sont aux commandes ; mais aussi des d\u00e9mocraties, comme les \u00c9tats-Unis avec Donald Trump ou Isra\u00ebl avec Benjamin Netanyahou, tous deux tent\u00e9s par l\u2019illib\u00e9ralisme. <strong>Vient ensuite une situation \u00e9conomique pleine d'ambigu\u00eft\u00e9s<\/strong>. Faut-il privil\u00e9gier la r\u00e9silience de la croissance et la bonne tenue des march\u00e9s boursiers, et en conclure que le syst\u00e8me productif est d\u00e9sormais aussi r\u00e9silient qu\u2019adaptable, ou faut-il s\u2019inqui\u00e9ter des obstacles aux \u00e9changes commerciaux et d\u2019un endettement public toujours plus \u00e9lev\u00e9 ? Concilier ces deux constats n\u2019est pas rassurant. Les budgets de d\u00e9fense doivent \u00eatre augment\u00e9s ; mais comment les financer et quelles en seront alors les cons\u00e9quences sur les grands \u00e9quilibres \u00e9conomiques ?<\/p>\t\t\t\t\t\t\t\t<\/div>\n\t\t\t\t\t<\/div>\n\t\t\t\t<\/div>\n\t\t<div class=\"elementor-element elementor-element-b7825ae e-flex e-con-boxed e-con e-parent\" data-id=\"b7825ae\" data-element_type=\"container\" data-e-type=\"container\">\n\t\t\t\t\t<div class=\"e-con-inner\">\n\t\t\t\t<div class=\"elementor-element elementor-element-1578bcb elementor-widget elementor-widget-text-editor\" data-id=\"1578bcb\" data-element_type=\"widget\" data-e-type=\"widget\" data-widget_type=\"text-editor.default\">\n\t\t\t\t\t\t\t\t\t<p><strong>On le pressent : il existe un lien entre les \u00e9quilibres internationaux et \u00e9conomiques. La coop\u00e9ration internationale serait une condition de la stabilit\u00e9 \u00e9conomique. L'inverse contient tr\u00e8s probablement aussi une part de v\u00e9rit\u00e9.<\/strong>. Et il convient de s\u2019interroger sur sa contrapos\u00e9e : l\u2019instabilit\u00e9 \u00e9conomique mettrait \u00e0 mal la concorde entre les pays (qu\u2019elle soit ou non assur\u00e9e par des institutions internationales). <strong>Commen\u00e7ons donc par d\u00e9finir les domaines respectifs de la coop\u00e9ration internationale et de la stabilit\u00e9 \u00e9conomique, avant de pr\u00e9ciser le lien qui les unit. <\/strong><\/p>\t\t\t\t\t\t\t\t<\/div>\n\t\t\t\t\t<\/div>\n\t\t\t\t<\/div>\n\t\t<div class=\"elementor-element elementor-element-9c8c688 e-flex e-con-boxed e-con e-parent\" data-id=\"9c8c688\" data-element_type=\"container\" data-e-type=\"container\">\n\t\t\t\t\t<div class=\"e-con-inner\">\n\t\t\t\t<div class=\"elementor-element elementor-element-fb56333 elementor-widget elementor-widget-text-editor\" data-id=\"fb56333\" data-element_type=\"widget\" data-e-type=\"widget\" data-widget_type=\"text-editor.default\">\n\t\t\t\t\t\t\t\t\t<p><strong>La coop\u00e9ration internationale est un processus par lequel plusieurs pays collaborent pour atteindre des objectifs communs<\/strong>. Il peut s\u2019agir de la promotion de biens communs mondiaux (la sant\u00e9, par exemple), du partage des ressources (l\u2019eau) ou de la r\u00e9solution de probl\u00e8mes collectifs (le r\u00e9chauffement climatique). Ces objectifs peuvent donner lieu \u00e0 des rivalit\u00e9s ou non : c\u2019est le cas pour les ressources, mais pas pour le climat. L\u2019interd\u00e9pendance incite \u00e0 la collaboration. Mais celle-ci est rendue plus difficile lorsque les int\u00e9r\u00eats des parties prenantes ne sont pas align\u00e9s.<\/p>\t\t\t\t\t\t\t\t<\/div>\n\t\t\t\t\t<\/div>\n\t\t\t\t<\/div>\n\t\t<div class=\"elementor-element elementor-element-0163e5b e-flex e-con-boxed e-con e-parent\" data-id=\"0163e5b\" data-element_type=\"container\" data-e-type=\"container\">\n\t\t\t\t\t<div class=\"e-con-inner\">\n\t\t\t\t<div class=\"elementor-element elementor-element-9ddd4da elementor-widget elementor-widget-text-editor\" data-id=\"9ddd4da\" data-element_type=\"widget\" data-e-type=\"widget\" data-widget_type=\"text-editor.default\">\n\t\t\t\t\t\t\t\t\t<p><strong>La stabilit\u00e9 \u00e9conomique d\u00e9signe une situation durable correspondant au \u00ab carr\u00e9 magique de Kaldor \u00bb, c'est-\u00e0-dire une croissance proche de son potentiel et la stabilit\u00e9 des prix<\/strong> (ou, pour ainsi dire, des anticipations d\u2019inflation), <strong>le plein emploi et l'\u00e9quilibre des comptes ext\u00e9rieurs<\/strong>. Elle est la condition de la prosp\u00e9rit\u00e9 de la communaut\u00e9 concern\u00e9e, le plus souvent un pays.<\/p>\t\t\t\t\t\t\t\t<\/div>\n\t\t\t\t\t<\/div>\n\t\t\t\t<\/div>\n\t\t<div class=\"elementor-element elementor-element-db61d26 e-flex e-con-boxed e-con e-parent\" data-id=\"db61d26\" data-element_type=\"container\" data-e-type=\"container\">\n\t\t\t\t\t<div class=\"e-con-inner\">\n\t\t\t\t<div class=\"elementor-element elementor-element-6148682 elementor-widget elementor-widget-text-editor\" data-id=\"6148682\" data-element_type=\"widget\" data-e-type=\"widget\" data-widget_type=\"text-editor.default\">\n\t\t\t\t\t\t\t\t\t<p><strong>Remettons ces deux dimensions en perspective<\/strong>. <strong>\u00c9tant donn\u00e9 que les pays entretiennent des \u00e9changes entre eux et que les biens communs mondiaux constituent une r\u00e9alit\u00e9 incontournable, la coop\u00e9ration internationale est indispensable \u00e0 la stabilit\u00e9 \u00e9conomique. Ce constat \u00e9vident est pourtant remis en cause par l\u2019exp\u00e9rience des ann\u00e9es pass\u00e9es<\/strong> (en r\u00e9alit\u00e9, depuis des d\u00e9cennies). L\u2019adh\u00e9sion d\u2019un nombre toujours plus grand de pays aux r\u00e8gles du n\u00e9olib\u00e9ralisme et de la mondialisation devait cr\u00e9er un cadre de coop\u00e9ration internationale dont chaque \u00e9conomie saurait tirer profit et ainsi renforcer sa stabilit\u00e9. Les choses ne se sont pourtant pas d\u00e9roul\u00e9es ainsi, du moins pas enti\u00e8rement. <strong>Une plus grande ouverture aux \u00e9changes entre les pays, dans le sillage de l\u2019acceptation par chacun d\u2019entre eux de r\u00e8gles communes, a pu d\u00e9stabiliser les \u00e9quilibres sociaux, politiques, voire environnementaux au sein de ces pays.<\/strong>. Au point de remettre en cause la stabilit\u00e9 \u00e9conomique et, par ricochet, d\u2019entra\u00eener une remise en cause d\u2019un ordre mondial fond\u00e9 sur un principe de coop\u00e9ration. Le constat est sans doute amer : l\u2019ambition d\u2019appliquer des r\u00e8gles communes en mati\u00e8re d\u2019\u00e9changes internationaux, alors que les r\u00e9alit\u00e9s nationales sont diff\u00e9rentes et lentes \u00e0 s\u2019adapter, peut conduire \u00e0 une d\u00e9stabilisation \u00e9conomique, ne serait-ce que partielle, prenant alors et dans un premier temps la forme d\u2019une d\u00e9gradation du march\u00e9 du travail (hausse du ch\u00f4mage et\/ou substitution d\u2019emplois moins qualifi\u00e9s et moins bien r\u00e9mun\u00e9r\u00e9s \u00e0 d\u2019autres de meilleure qualit\u00e9) ou de d\u00e9s\u00e9quilibres ext\u00e9rieurs. Des m\u00e9contentements sur les fronts social et politique s\u2019ensuivent, et c\u2019est l\u2019ensemble de la soci\u00e9t\u00e9 qui se retrouve sous tension.<\/p>\t\t\t\t\t\t\t\t<\/div>\n\t\t\t\t\t<\/div>\n\t\t\t\t<\/div>\n\t\t<div class=\"elementor-element elementor-element-c38559d e-flex e-con-boxed e-con e-parent\" data-id=\"c38559d\" data-element_type=\"container\" data-e-type=\"container\">\n\t\t\t\t\t<div class=\"e-con-inner\">\n\t\t\t\t<div class=\"elementor-element elementor-element-d9ee659 elementor-widget elementor-widget-text-editor\" data-id=\"d9ee659\" data-element_type=\"widget\" data-e-type=\"widget\" data-widget_type=\"text-editor.default\">\n\t\t\t\t\t\t\t\t\t<p><strong>Si<\/strong> <strong>L\u2019exp\u00e9rience montre que la coop\u00e9ration internationale n\u2019est pas <em>urbi et orbi<\/em> En tant que garant de la stabilit\u00e9 \u00e9conomique, il est tentant de privil\u00e9gier une strat\u00e9gie davantage ax\u00e9e sur les int\u00e9r\u00eats nationaux<\/strong>. Qu\u2019importe si, au c\u0153ur du syst\u00e8me \u00e9conomique, l\u2019\u00c9tat prend en partie la place du march\u00e9, et qu\u2019importe si cela tend \u00e0 cr\u00e9er des tensions avec le reste du monde.\u00a0 La Chine du pr\u00e9sident Xi s\u2019inscrit dans cette logique depuis d\u00e9j\u00e0 un certain temps et les \u00c9tats-Unis du pr\u00e9sident Trump suivent la voie trac\u00e9e, mais selon des modalit\u00e9s diff\u00e9rentes. Chaque peuple n\u2019a-t-il pas son g\u00e9nie propre !<\/p>\t\t\t\t\t\t\t\t<\/div>\n\t\t\t\t\t<\/div>\n\t\t\t\t<\/div>\n\t\t<div class=\"elementor-element elementor-element-3c9d141 e-flex e-con-boxed e-con e-parent\" data-id=\"3c9d141\" data-element_type=\"container\" data-e-type=\"container\">\n\t\t\t\t\t<div class=\"e-con-inner\">\n\t\t\t\t<div class=\"elementor-element elementor-element-dca9b1e elementor-widget elementor-widget-text-editor\" data-id=\"dca9b1e\" data-element_type=\"widget\" data-e-type=\"widget\" data-widget_type=\"text-editor.default\">\n\t\t\t\t\t\t\t\t\t<p><strong>Bienvenue dans cette p\u00e9riode o\u00f9 la g\u00e9o\u00e9conomie prend de l'ampleur<\/strong>. Ce concept peut \u00eatre d\u00e9fini comme l\u2019analyse des strat\u00e9gies \u00e9conomiques mises en \u0153uvre par les \u00c9tats dans le cadre de politiques visant \u00e0 prot\u00e9ger leur \u00e9conomie nationale ou certains secteurs bien identifi\u00e9s de celle-ci, \u00e0 aider leurs \u00ab entreprises nationales \u00bb \u00e0 acqu\u00e9rir la ma\u00eetrise de technologies cl\u00e9s et\/ou \u00e0 conqu\u00e9rir certains segments du march\u00e9 mondial relatifs \u00e0 la production ou \u00e0 la commercialisation d\u2019un produit ou d\u2019une gamme de produits sensibles, dans la mesure o\u00f9 leur possession ou leur contr\u00f4le conf\u00e8re \u00e0 son d\u00e9tenteur \u2013 \u00c9tat ou entreprise \u00ab nationale \u00bb \u2013 un \u00e9l\u00e9ment de puissance et de rayonnement international et contribue au renforcement de son potentiel \u00e9conomique et social \u00bb (cf. Pascal Lorot, 2009 ; de la g\u00e9opolitique \u00e0 la g\u00e9o\u00e9conomie).\u00a0<\/p>\t\t\t\t\t\t\t\t<\/div>\n\t\t\t\t\t<\/div>\n\t\t\t\t<\/div>\n\t\t<div class=\"elementor-element elementor-element-5c7ff9d e-flex e-con-boxed e-con e-parent\" data-id=\"5c7ff9d\" data-element_type=\"container\" data-e-type=\"container\">\n\t\t\t\t\t<div class=\"e-con-inner\">\n\t\t\t\t<div class=\"elementor-element elementor-element-24650df elementor-widget elementor-widget-text-editor\" data-id=\"24650df\" data-element_type=\"widget\" data-e-type=\"widget\" data-widget_type=\"text-editor.default\">\n\t\t\t\t\t\t\t\t\t<p><strong>Mais il faut encore que ces strat\u00e9gies fonctionnent ! O\u00f9 en sommes-nous ?<\/strong> <strong>La mondialisation s'est transform\u00e9e en guerre \u00e9conomique.<\/strong> Il faut garder \u00e0 l\u2019esprit les propos tenus par Mark Carney, le Premier ministre canadien, lors du dernier Forum \u00e9conomique mondial de Davos : \u00ab Les grandes puissances ont commenc\u00e9 \u00e0 utiliser l\u2019int\u00e9gration \u00e9conomique comme une arme, les droits de douane comme moyen de pression, l\u2019infrastructure financi\u00e8re comme instrument de coercition et les cha\u00eenes d\u2019approvisionnement comme des points faibles \u00e0 exploiter \u00bb. Derri\u00e8re ce constat, une v\u00e9rit\u00e9 se d\u00e9voile. <strong>Dans le monde tel qu\u2019il est aujourd\u2019hui, tous les pays, quelle que soit leur taille, se sentent vuln\u00e9rables. Les grandes puissances m\u00e8nent la danse (la Chine et les \u00c9tats-Unis) et les autres subissent et r\u00e9agissent tant bien que mal.<\/strong>. Ainsi, ce deuxi\u00e8me pays impose des droits de douane \u00e0 pratiquement tous ses partenaires commerciaux, tout en appelant de ses v\u0153ux une coop\u00e9ration avec ses alli\u00e9s pour contourner le quasi-monopole chinois sur les terres rares. Le premier n\u2019est pas en reste, avec par exemple le lancement d\u2019un transfert des \u00e9changes commerciaux et financiers des \u00c9tats-Unis vers le reste du monde, et avec l\u2019ambition de cr\u00e9er les conditions permettant au yuan d\u2019obtenir progressivement le statut de monnaie de r\u00e9serve internationale.<\/p>\t\t\t\t\t\t\t\t<\/div>\n\t\t\t\t\t<\/div>\n\t\t\t\t<\/div>\n\t\t<div class=\"elementor-element elementor-element-094eab6 e-flex e-con-boxed e-con e-parent\" data-id=\"094eab6\" data-element_type=\"container\" data-e-type=\"container\">\n\t\t\t\t\t<div class=\"e-con-inner\">\n\t\t\t\t<div class=\"elementor-element elementor-element-093293d elementor-widget elementor-widget-text-editor\" data-id=\"093293d\" data-element_type=\"widget\" data-e-type=\"widget\" data-widget_type=\"text-editor.default\">\n\t\t\t\t\t\t\t\t\t<p><strong>Tout cela fonctionne-t-il, ou, pour le dire autrement, existe-t-il un petit guide expliquant comment mener \u00e0 bien une guerre \u00e9conomique ?<\/strong> <strong>\u00c9videmment que non, mais<\/strong> <strong>Un article r\u00e9cent de la revue Foreign Affairs propose les \u00ab bonnes pratiques \u00bb \u00e0 suivre<\/strong> (cf.\u00a0 <em>Comment mener une guerre \u00e9conomique<\/em> par Edward Fishman, num\u00e9ro de mai-juin 2026).<\/p><ul><li>D\u00e9finir les \u00ab points de passage strat\u00e9giques \u00bb contr\u00f4l\u00e9s par le \u00ab pays aux commandes \u00bb. Leurs caract\u00e9ristiques sont les suivantes :<ul><li>d\u00e9tenir une part de march\u00e9 dominante ;<\/li><li>il n'existe aucune alternative \u00e0 court terme ;<\/li><li>\u00eatre pr\u00eat \u00e0 exercer une forte pression asym\u00e9trique (causer des d\u00e9g\u00e2ts consid\u00e9rables \u00e0 la cible, tout en minimisant ses propres pertes).<\/li><\/ul><\/li><\/ul><p>Mais attention \u00e0 ne pas se tromper d\u2019instruments. Les semi-conducteurs produits par Nvidia constituent un instrument tout \u00e0 fait efficace entre les mains de Washington, tout comme les terres rares pour P\u00e9kin. En revanche, les droits de douane impos\u00e9s par l\u2019administration Trump ne r\u00e9pondent pas aux crit\u00e8res requis. Les \u00c9tats-Unis ne repr\u00e9sentent que 14% des importations mondiales, ce qui est insuffisant pour emp\u00eacher les comportements de contournement et de substitution.<\/p><ul><li>Prendre des initiatives offensives, m\u00eame bien calibr\u00e9es, ne suffit pas. Il faut \u00eatre en mesure de faire face aux repr\u00e9sailles que ne manqueront pas de mener les pays vis\u00e9s. Il est n\u00e9cessaire d\u2019identifier au pr\u00e9alable ses points faibles, l\u00e0 o\u00f9 les adversaires \u00ab frapperont \u00bb, et de s\u2019\u00eatre pr\u00e9par\u00e9 \u00e0 mettre en \u0153uvre des solutions alternatives. Le tout en ayant pris la mesure de la capacit\u00e9 de r\u00e9sistance de chacun.<\/li><li>Avant de recourir \u00e0 ces \u00ab armes \u00bb, il est indispensable de d\u00e9finir les objectifs vis\u00e9s. Ceux-ci peuvent \u00eatre de trois ordres et peuvent \u00eatre class\u00e9s selon une hi\u00e9rarchie croissante. Le moins ambitieux d\u2019entre eux est la stigmatisation, qui consiste en une d\u00e9nonciation publique du mauvais comportement du pays concern\u00e9. Le \u00ab cran au-dessus \u00bb consiste \u00e0 interdire l\u2019acc\u00e8s \u00e0 sa technologie, \u00e0 ses march\u00e9s et\/ou \u00e0 ses capitaux, ainsi qu\u2019\u00e0 son infrastructure financi\u00e8re. Le niveau le plus \u00e9lev\u00e9 est la coercition, c\u2019est-\u00e0-dire le recours \u00e0 la pression \u00e9conomique pour obtenir un changement de politique. Bien s\u00fbr, il est important de s\u2019assurer que les moyens mis en \u0153uvre sont coh\u00e9rents avec la nature et le contenu de l\u2019objectif retenu.<br \/><br \/><\/li><\/ul>\t\t\t\t\t\t\t\t<\/div>\n\t\t\t\t\t<\/div>\n\t\t\t\t<\/div>\n\t\t<div class=\"elementor-element elementor-element-8667c06 e-flex e-con-boxed e-con e-parent\" data-id=\"8667c06\" data-element_type=\"container\" data-e-type=\"container\">\n\t\t\t\t\t<div class=\"e-con-inner\">\n\t\t\t\t<div class=\"elementor-element elementor-element-92d37e8 elementor-widget elementor-widget-text-editor\" data-id=\"92d37e8\" data-element_type=\"widget\" data-e-type=\"widget\" data-widget_type=\"text-editor.default\">\n\t\t\t\t\t\t\t\t\t<p>Cette approche conceptuelle permet de \u00ab mettre le doigt \u00bb sur un aspect essentiel du lien entre les \u00e9quilibres internationaux et \u00e9conomiques. <strong>Certes, une mondialisation mal ma\u00eetris\u00e9e par le pass\u00e9 a conduit \u00e0 la r\u00e9alit\u00e9 de la guerre \u00e9conomique que nous subissons aujourd\u2019hui. Faut-il alors craindre que la poursuite de celle-ci ne remette encore davantage en cause l\u2019ordre international ? Oui, d\u2019un point de vue comportemental, car la brutalit\u00e9 entra\u00eene souvent l\u2019exc\u00e8s, mais plut\u00f4t non d\u2019un point de vue plus analytique.<\/strong> Les \u00e9changes \u00e9conomiques rel\u00e8vent des avantages comparatifs (David Ricardo, puis la th\u00e9orie traditionnelle du commerce international). \u00c0 ce titre, il est plus difficile d\u2019envisager une escalade vers les extr\u00eames dans le cadre d\u2019une guerre \u00e9conomique. L\u2019id\u00e9e initialement formul\u00e9e par Carl von Clausewitz s\u2019applique \u00e0 la guerre militaire et caract\u00e9rise le moment o\u00f9 celle-ci devient totale et dicte la politique. La premi\u00e8re cesse donc d\u2019\u00eatre la continuation de la seconde par d\u2019autres moyens.<\/p>\t\t\t\t\t\t\t\t<\/div>\n\t\t\t\t\t<\/div>\n\t\t\t\t<\/div>\n\t\t<div class=\"elementor-element elementor-element-dc8a835 e-flex e-con-boxed e-con e-parent\" data-id=\"dc8a835\" data-element_type=\"container\" data-e-type=\"container\">\n\t\t\t\t\t<div class=\"e-con-inner\">\n\t\t\t\t<div class=\"elementor-element elementor-element-5063f45 elementor-widget elementor-widget-text-editor\" data-id=\"5063f45\" data-element_type=\"widget\" data-e-type=\"widget\" data-widget_type=\"text-editor.default\">\n\t\t\t\t\t\t\t\t\t<p><strong>Le cadre des \u00e9changes commerciaux (et probablement aussi financiers) va \u00e9voluer, m\u00eame si ce sera peut-\u00eatre davantage <em>de facto <\/em>que <em>de jure<\/em><\/strong>. Les r\u00e8gles deviendraient moins universelles, c\u2019est-\u00e0-dire plus diff\u00e9renci\u00e9es selon les partenaires avec lesquels on \u00e9change ; elles seraient moins intangibles, c\u2019est-\u00e0-dire plus sensibles \u00e0 la conjoncture \u00e9conomique ou politique ; elles s\u2019inscriraient moins dans une logique de march\u00e9 ; c\u2019est-\u00e0-dire que l\u2019int\u00e9r\u00eat national (ou celui d\u2019une coalition d\u2019\u00c9tats-nations) pourrait pr\u00e9valoir. <strong>Le monde \u00e9conomique est en pleine mutation. L\u2019\u00ab hypomondialisation \u00bb prend le pas sur l\u2019\u00ab hypermondialisation \u00bb.\u00bb<\/strong>, avec une croissance du commerce mondial passant d'un niveau sup\u00e9rieur \u00e0 un niveau inf\u00e9rieur \u00e0 celui du PIB mondial, et un risque bien r\u00e9el de voir la relation entre les deux devenir moins stable.<\/p>\t\t\t\t\t\t\t\t<\/div>\n\t\t\t\t\t<\/div>\n\t\t\t\t<\/div>\n\t\t<div class=\"elementor-element elementor-element-852ec12 e-flex e-con-boxed e-con e-parent\" data-id=\"852ec12\" data-element_type=\"container\" data-e-type=\"container\">\n\t\t\t\t\t<div class=\"e-con-inner\">\n\t\t\t\t<div class=\"elementor-element elementor-element-8746d11 elementor-widget elementor-widget-text-editor\" data-id=\"8746d11\" data-element_type=\"widget\" data-e-type=\"widget\" data-widget_type=\"text-editor.default\">\n\t\t\t\t\t\t\t\t\t<hr \/><p><strong>Herv\u00e9 Goulletquer, conseiller \u00e9conomique principal, Accuracy<\/strong><\/p>\t\t\t\t\t\t\t\t<\/div>\n\t\t\t\t\t<\/div>\n\t\t\t\t<\/div>\n\t\t\t\t<\/div>","protected":false},"excerpt":{"rendered":"<p>Arr\u00eatons-nous sur une double r\u00e9alit\u00e9. Il y a d\u2019abord une situation internationale tout en bruit et en fureur (pour reprendre le titre d\u2019un roman de William Faulkner, dans lequel les personnages n\u2019arrivent pas \u00e0 se soustraire \u00e0 un destin funeste). Amnesty International, ONG ind\u00e9pendante qui lutte pour la libert\u00e9 d&#8217;expression et contre les discriminations, ne [&hellip;]<\/p>\n","protected":false},"author":63,"featured_media":64654,"comment_status":"closed","ping_status":"closed","sticky":false,"template":"","format":"standard","meta":{"_acf_changed":false,"footnotes":""},"categories":[113,58],"tags":[],"class_list":["post-64643","post","type-post","status-publish","format-standard","has-post-thumbnail","hentry","category-france","category-news"],"acf":[],"yoast_head":"<!-- This site is optimized with the Yoast SEO Premium plugin v28.4 (Yoast SEO v28.4) - https:\/\/yoast.com\/product\/yoast-seo-premium-wordpress\/ -->\n<title>Fureur du monde et sagesse de l&#039;\u00e9conomie ? - Accuracy<\/title>\n<meta name=\"robots\" content=\"index, follow, max-snippet:-1, max-image-preview:large, max-video-preview:-1\" \/>\n<link rel=\"canonical\" href=\"https:\/\/www.accuracy.com\/fr\/la-fureur-du-monde-et-la-sagesse-de-leconomie\/\" \/>\n<meta property=\"og:locale\" content=\"fr_CA\" \/>\n<meta property=\"og:type\" content=\"article\" \/>\n<meta property=\"og:title\" content=\"Fureur du monde et sagesse de l&#039;\u00e9conomie ?\" \/>\n<meta property=\"og:description\" content=\"Arr\u00eatons-nous sur une double r\u00e9alit\u00e9. Il y a d\u2019abord une situation internationale tout en bruit et en fureur (pour reprendre le titre d\u2019un roman de William Faulkner, dans lequel les personnages n\u2019arrivent pas \u00e0 se soustraire \u00e0 un destin funeste). Amnesty International, ONG ind\u00e9pendante qui lutte pour la libert\u00e9 d&#8217;expression et contre les discriminations, ne [&hellip;]\" \/>\n<meta property=\"og:url\" content=\"https:\/\/www.accuracy.com\/fr\/la-fureur-du-monde-et-la-sagesse-de-leconomie\/\" \/>\n<meta property=\"og:site_name\" content=\"Accuracy\" \/>\n<meta property=\"article:published_time\" content=\"2026-06-02T15:30:06+00:00\" \/>\n<meta property=\"article:modified_time\" content=\"2026-06-03T07:34:00+00:00\" \/>\n<meta property=\"og:image\" content=\"https:\/\/www.accuracy.com\/wp-content\/uploads\/2026\/06\/shutterstock_2530870377.jpg\" \/>\n\t<meta property=\"og:image:width\" content=\"1920\" \/>\n\t<meta property=\"og:image:height\" content=\"1013\" \/>\n\t<meta property=\"og:image:type\" content=\"image\/jpeg\" \/>\n<meta name=\"author\" content=\"Etienne Levy\" \/>\n<meta name=\"twitter:card\" content=\"summary_large_image\" \/>\n<meta name=\"twitter:label1\" content=\"\u00c9crit par\" \/>\n\t<meta name=\"twitter:data1\" content=\"Etienne Levy\" \/>\n\t<meta name=\"twitter:label2\" content=\"Estimation du temps de lecture\" \/>\n\t<meta name=\"twitter:data2\" content=\"8 minutes\" \/>\n<script type=\"application\/ld+json\" class=\"yoast-schema-graph\">{\"@context\":\"https:\\\/\\\/schema.org\",\"@graph\":[{\"@type\":\"Article\",\"@id\":\"https:\\\/\\\/www.accuracy.com\\\/fureur-du-monde-et-sagesse-de-leconomie\\\/#article\",\"isPartOf\":{\"@id\":\"https:\\\/\\\/www.accuracy.com\\\/fureur-du-monde-et-sagesse-de-leconomie\\\/\"},\"author\":{\"name\":\"Etienne Levy\",\"@id\":\"https:\\\/\\\/www.accuracy.com\\\/#\\\/schema\\\/person\\\/0121122fa331675601ed145cc5dd6182\"},\"headline\":\"Fureur du monde et sagesse de l&#8217;\u00e9conomie ?\",\"datePublished\":\"2026-06-02T15:30:06+00:00\",\"dateModified\":\"2026-06-03T07:34:00+00:00\",\"mainEntityOfPage\":{\"@id\":\"https:\\\/\\\/www.accuracy.com\\\/fureur-du-monde-et-sagesse-de-leconomie\\\/\"},\"wordCount\":1947,\"publisher\":{\"@id\":\"https:\\\/\\\/www.accuracy.com\\\/#organization\"},\"image\":{\"@id\":\"https:\\\/\\\/www.accuracy.com\\\/fureur-du-monde-et-sagesse-de-leconomie\\\/#primaryimage\"},\"thumbnailUrl\":\"https:\\\/\\\/www.accuracy.com\\\/wp-content\\\/uploads\\\/2026\\\/06\\\/shutterstock_2530870377.jpg\",\"articleSection\":[\"France\",\"News\"],\"inLanguage\":\"fr-CA\"},{\"@type\":\"WebPage\",\"@id\":\"https:\\\/\\\/www.accuracy.com\\\/fureur-du-monde-et-sagesse-de-leconomie\\\/\",\"url\":\"https:\\\/\\\/www.accuracy.com\\\/fureur-du-monde-et-sagesse-de-leconomie\\\/\",\"name\":\"Fureur du monde et sagesse de l'\u00e9conomie ? - Accuracy\",\"isPartOf\":{\"@id\":\"https:\\\/\\\/www.accuracy.com\\\/#website\"},\"primaryImageOfPage\":{\"@id\":\"https:\\\/\\\/www.accuracy.com\\\/fureur-du-monde-et-sagesse-de-leconomie\\\/#primaryimage\"},\"image\":{\"@id\":\"https:\\\/\\\/www.accuracy.com\\\/fureur-du-monde-et-sagesse-de-leconomie\\\/#primaryimage\"},\"thumbnailUrl\":\"https:\\\/\\\/www.accuracy.com\\\/wp-content\\\/uploads\\\/2026\\\/06\\\/shutterstock_2530870377.jpg\",\"datePublished\":\"2026-06-02T15:30:06+00:00\",\"dateModified\":\"2026-06-03T07:34:00+00:00\",\"breadcrumb\":{\"@id\":\"https:\\\/\\\/www.accuracy.com\\\/fureur-du-monde-et-sagesse-de-leconomie\\\/#breadcrumb\"},\"inLanguage\":\"fr-CA\",\"potentialAction\":[{\"@type\":\"ReadAction\",\"target\":[\"https:\\\/\\\/www.accuracy.com\\\/fureur-du-monde-et-sagesse-de-leconomie\\\/\"]}]},{\"@type\":\"ImageObject\",\"inLanguage\":\"fr-CA\",\"@id\":\"https:\\\/\\\/www.accuracy.com\\\/fureur-du-monde-et-sagesse-de-leconomie\\\/#primaryimage\",\"url\":\"https:\\\/\\\/www.accuracy.com\\\/wp-content\\\/uploads\\\/2026\\\/06\\\/shutterstock_2530870377.jpg\",\"contentUrl\":\"https:\\\/\\\/www.accuracy.com\\\/wp-content\\\/uploads\\\/2026\\\/06\\\/shutterstock_2530870377.jpg\",\"width\":1920,\"height\":1013},{\"@type\":\"BreadcrumbList\",\"@id\":\"https:\\\/\\\/www.accuracy.com\\\/fureur-du-monde-et-sagesse-de-leconomie\\\/#breadcrumb\",\"itemListElement\":[{\"@type\":\"ListItem\",\"position\":1,\"name\":\"Accueil\",\"item\":\"https:\\\/\\\/www.accuracy.com\\\/\"},{\"@type\":\"ListItem\",\"position\":2,\"name\":\"Fureur du monde et sagesse de l&#8217;\u00e9conomie ?\"}]},{\"@type\":\"WebSite\",\"@id\":\"https:\\\/\\\/www.accuracy.com\\\/#website\",\"url\":\"https:\\\/\\\/www.accuracy.com\\\/\",\"name\":\"Accuracy\",\"description\":\"Business Advisers - Financial Consultants\",\"publisher\":{\"@id\":\"https:\\\/\\\/www.accuracy.com\\\/#organization\"},\"potentialAction\":[{\"@type\":\"SearchAction\",\"target\":{\"@type\":\"EntryPoint\",\"urlTemplate\":\"https:\\\/\\\/www.accuracy.com\\\/?s={search_term_string}\"},\"query-input\":{\"@type\":\"PropertyValueSpecification\",\"valueRequired\":true,\"valueName\":\"search_term_string\"}}],\"inLanguage\":\"fr-CA\"},{\"@type\":\"Organization\",\"@id\":\"https:\\\/\\\/www.accuracy.com\\\/#organization\",\"name\":\"Accuracy\",\"url\":\"https:\\\/\\\/www.accuracy.com\\\/\",\"logo\":{\"@type\":\"ImageObject\",\"inLanguage\":\"fr-CA\",\"@id\":\"https:\\\/\\\/www.accuracy.com\\\/#\\\/schema\\\/logo\\\/image\\\/\",\"url\":\"https:\\\/\\\/www.accuracy.com\\\/wp-content\\\/uploads\\\/2023\\\/08\\\/unnamed-3.jpg\",\"contentUrl\":\"https:\\\/\\\/www.accuracy.com\\\/wp-content\\\/uploads\\\/2023\\\/08\\\/unnamed-3.jpg\",\"width\":512,\"height\":512,\"caption\":\"Accuracy\"},\"image\":{\"@id\":\"https:\\\/\\\/www.accuracy.com\\\/#\\\/schema\\\/logo\\\/image\\\/\"},\"sameAs\":[\"https:\\\/\\\/www.linkedin.com\\\/company\\\/accuracy\\\/?originalSubdomain=fr\",\"https:\\\/\\\/www.instagram.com\\\/accuracycareers\\\/\"]},{\"@type\":\"Person\",\"@id\":\"https:\\\/\\\/www.accuracy.com\\\/#\\\/schema\\\/person\\\/0121122fa331675601ed145cc5dd6182\",\"name\":\"Etienne Levy\",\"image\":{\"@type\":\"ImageObject\",\"inLanguage\":\"fr-CA\",\"@id\":\"https:\\\/\\\/secure.gravatar.com\\\/avatar\\\/c813ed470b69b1f5efb585901ce73ab6e5f4e77dd0533067ad71eab4f54f7b24?s=96&d=blank&r=g\",\"url\":\"https:\\\/\\\/secure.gravatar.com\\\/avatar\\\/c813ed470b69b1f5efb585901ce73ab6e5f4e77dd0533067ad71eab4f54f7b24?s=96&d=blank&r=g\",\"contentUrl\":\"https:\\\/\\\/secure.gravatar.com\\\/avatar\\\/c813ed470b69b1f5efb585901ce73ab6e5f4e77dd0533067ad71eab4f54f7b24?s=96&d=blank&r=g\",\"caption\":\"Etienne Levy\"}}]}<\/script>\n<!-- \/ Yoast SEO Premium plugin. -->","yoast_head_json":{"title":"Fureur du monde et sagesse de l'\u00e9conomie ? - Accuracy","robots":{"index":"index","follow":"follow","max-snippet":"max-snippet:-1","max-image-preview":"max-image-preview:large","max-video-preview":"max-video-preview:-1"},"canonical":"https:\/\/www.accuracy.com\/fr\/la-fureur-du-monde-et-la-sagesse-de-leconomie\/","og_locale":"fr_CA","og_type":"article","og_title":"Fureur du monde et sagesse de l'\u00e9conomie ?","og_description":"Arr\u00eatons-nous sur une double r\u00e9alit\u00e9. Il y a d\u2019abord une situation internationale tout en bruit et en fureur (pour reprendre le titre d\u2019un roman de William Faulkner, dans lequel les personnages n\u2019arrivent pas \u00e0 se soustraire \u00e0 un destin funeste). Amnesty International, ONG ind\u00e9pendante qui lutte pour la libert\u00e9 d&#8217;expression et contre les discriminations, ne [&hellip;]","og_url":"https:\/\/www.accuracy.com\/fr\/la-fureur-du-monde-et-la-sagesse-de-leconomie\/","og_site_name":"Accuracy","article_published_time":"2026-06-02T15:30:06+00:00","article_modified_time":"2026-06-03T07:34:00+00:00","og_image":[{"width":1920,"height":1013,"url":"https:\/\/www.accuracy.com\/wp-content\/uploads\/2026\/06\/shutterstock_2530870377.jpg","type":"image\/jpeg"}],"author":"Etienne Levy","twitter_card":"summary_large_image","twitter_misc":{"\u00c9crit par":"Etienne Levy","Estimation du temps de lecture":"8 minutes"},"schema":{"@context":"https:\/\/schema.org","@graph":[{"@type":"Article","@id":"https:\/\/www.accuracy.com\/fureur-du-monde-et-sagesse-de-leconomie\/#article","isPartOf":{"@id":"https:\/\/www.accuracy.com\/fureur-du-monde-et-sagesse-de-leconomie\/"},"author":{"name":"Etienne Levy","@id":"https:\/\/www.accuracy.com\/#\/schema\/person\/0121122fa331675601ed145cc5dd6182"},"headline":"Fureur du monde et sagesse de l&#8217;\u00e9conomie ?","datePublished":"2026-06-02T15:30:06+00:00","dateModified":"2026-06-03T07:34:00+00:00","mainEntityOfPage":{"@id":"https:\/\/www.accuracy.com\/fureur-du-monde-et-sagesse-de-leconomie\/"},"wordCount":1947,"publisher":{"@id":"https:\/\/www.accuracy.com\/#organization"},"image":{"@id":"https:\/\/www.accuracy.com\/fureur-du-monde-et-sagesse-de-leconomie\/#primaryimage"},"thumbnailUrl":"https:\/\/www.accuracy.com\/wp-content\/uploads\/2026\/06\/shutterstock_2530870377.jpg","articleSection":["France","News"],"inLanguage":"fr-CA"},{"@type":"WebPage","@id":"https:\/\/www.accuracy.com\/fureur-du-monde-et-sagesse-de-leconomie\/","url":"https:\/\/www.accuracy.com\/fureur-du-monde-et-sagesse-de-leconomie\/","name":"Fureur du monde et sagesse de l'\u00e9conomie ? - Accuracy","isPartOf":{"@id":"https:\/\/www.accuracy.com\/#website"},"primaryImageOfPage":{"@id":"https:\/\/www.accuracy.com\/fureur-du-monde-et-sagesse-de-leconomie\/#primaryimage"},"image":{"@id":"https:\/\/www.accuracy.com\/fureur-du-monde-et-sagesse-de-leconomie\/#primaryimage"},"thumbnailUrl":"https:\/\/www.accuracy.com\/wp-content\/uploads\/2026\/06\/shutterstock_2530870377.jpg","datePublished":"2026-06-02T15:30:06+00:00","dateModified":"2026-06-03T07:34:00+00:00","breadcrumb":{"@id":"https:\/\/www.accuracy.com\/fureur-du-monde-et-sagesse-de-leconomie\/#breadcrumb"},"inLanguage":"fr-CA","potentialAction":[{"@type":"ReadAction","target":["https:\/\/www.accuracy.com\/fureur-du-monde-et-sagesse-de-leconomie\/"]}]},{"@type":"ImageObject","inLanguage":"fr-CA","@id":"https:\/\/www.accuracy.com\/fureur-du-monde-et-sagesse-de-leconomie\/#primaryimage","url":"https:\/\/www.accuracy.com\/wp-content\/uploads\/2026\/06\/shutterstock_2530870377.jpg","contentUrl":"https:\/\/www.accuracy.com\/wp-content\/uploads\/2026\/06\/shutterstock_2530870377.jpg","width":1920,"height":1013},{"@type":"BreadcrumbList","@id":"https:\/\/www.accuracy.com\/fureur-du-monde-et-sagesse-de-leconomie\/#breadcrumb","itemListElement":[{"@type":"ListItem","position":1,"name":"Accueil","item":"https:\/\/www.accuracy.com\/"},{"@type":"ListItem","position":2,"name":"Fureur du monde et sagesse de l&#8217;\u00e9conomie ?"}]},{"@type":"WebSite","@id":"https:\/\/www.accuracy.com\/#website","url":"https:\/\/www.accuracy.com\/","name":"Accuracy","description":"Conseillers d'entreprise - Consultants financiers","publisher":{"@id":"https:\/\/www.accuracy.com\/#organization"},"potentialAction":[{"@type":"SearchAction","target":{"@type":"EntryPoint","urlTemplate":"https:\/\/www.accuracy.com\/?s={search_term_string}"},"query-input":{"@type":"PropertyValueSpecification","valueRequired":true,"valueName":"search_term_string"}}],"inLanguage":"fr-CA"},{"@type":"Organization","@id":"https:\/\/www.accuracy.com\/#organization","name":"Accuracy","url":"https:\/\/www.accuracy.com\/","logo":{"@type":"ImageObject","inLanguage":"fr-CA","@id":"https:\/\/www.accuracy.com\/#\/schema\/logo\/image\/","url":"https:\/\/www.accuracy.com\/wp-content\/uploads\/2023\/08\/unnamed-3.jpg","contentUrl":"https:\/\/www.accuracy.com\/wp-content\/uploads\/2023\/08\/unnamed-3.jpg","width":512,"height":512,"caption":"Accuracy"},"image":{"@id":"https:\/\/www.accuracy.com\/#\/schema\/logo\/image\/"},"sameAs":["https:\/\/www.linkedin.com\/company\/accuracy\/?originalSubdomain=fr","https:\/\/www.instagram.com\/accuracycareers\/"]},{"@type":"Person","@id":"https:\/\/www.accuracy.com\/#\/schema\/person\/0121122fa331675601ed145cc5dd6182","name":"\u00c9tienne L\u00e9vy","image":{"@type":"ImageObject","inLanguage":"fr-CA","@id":"https:\/\/secure.gravatar.com\/avatar\/c813ed470b69b1f5efb585901ce73ab6e5f4e77dd0533067ad71eab4f54f7b24?s=96&d=blank&r=g","url":"https:\/\/secure.gravatar.com\/avatar\/c813ed470b69b1f5efb585901ce73ab6e5f4e77dd0533067ad71eab4f54f7b24?s=96&d=blank&r=g","contentUrl":"https:\/\/secure.gravatar.com\/avatar\/c813ed470b69b1f5efb585901ce73ab6e5f4e77dd0533067ad71eab4f54f7b24?s=96&d=blank&r=g","caption":"Etienne Levy"}}]}},"_links":{"self":[{"href":"https:\/\/www.accuracy.com\/fr\/wp-json\/wp\/v2\/posts\/64643","targetHints":{"allow":["GET"]}}],"collection":[{"href":"https:\/\/www.accuracy.com\/fr\/wp-json\/wp\/v2\/posts"}],"about":[{"href":"https:\/\/www.accuracy.com\/fr\/wp-json\/wp\/v2\/types\/post"}],"author":[{"embeddable":true,"href":"https:\/\/www.accuracy.com\/fr\/wp-json\/wp\/v2\/users\/63"}],"replies":[{"embeddable":true,"href":"https:\/\/www.accuracy.com\/fr\/wp-json\/wp\/v2\/comments?post=64643"}],"version-history":[{"count":20,"href":"https:\/\/www.accuracy.com\/fr\/wp-json\/wp\/v2\/posts\/64643\/revisions"}],"predecessor-version":[{"id":64664,"href":"https:\/\/www.accuracy.com\/fr\/wp-json\/wp\/v2\/posts\/64643\/revisions\/64664"}],"wp:featuredmedia":[{"embeddable":true,"href":"https:\/\/www.accuracy.com\/fr\/wp-json\/wp\/v2\/media\/64654"}],"wp:attachment":[{"href":"https:\/\/www.accuracy.com\/fr\/wp-json\/wp\/v2\/media?parent=64643"}],"wp:term":[{"taxonomy":"category","embeddable":true,"href":"https:\/\/www.accuracy.com\/fr\/wp-json\/wp\/v2\/categories?post=64643"},{"taxonomy":"post_tag","embeddable":true,"href":"https:\/\/www.accuracy.com\/fr\/wp-json\/wp\/v2\/tags?post=64643"}],"curies":[{"name":"wp","href":"https:\/\/api.w.org\/{rel}","templated":true}]}}