{"id":62628,"date":"2025-11-04T11:19:25","date_gmt":"2025-11-04T10:19:25","guid":{"rendered":"https:\/\/www.accuracy.com\/?p=62628"},"modified":"2026-05-07T13:39:55","modified_gmt":"2026-05-07T11:39:55","slug":"accuracy-est-lun-des-co-organisateurs-de-la-semaine-europeenne-de-la-defense","status":"publish","type":"post","link":"https:\/\/www.accuracy.com\/fr\/accuracy-co-sponsors-european-defence-week\/","title":{"rendered":"Accuracy est l'un des co-organisateurs de la Semaine europ\u00e9enne de la d\u00e9fense"},"content":{"rendered":"<div data-elementor-type=\"wp-post\" data-elementor-id=\"62628\" class=\"elementor elementor-62628\" data-elementor-post-type=\"post\">\n\t\t\t\t<div class=\"elementor-element elementor-element-cf0fd01 e-flex e-con-boxed e-con e-parent\" data-id=\"cf0fd01\" data-element_type=\"container\" data-e-type=\"container\">\n\t\t\t\t\t<div class=\"e-con-inner\">\n\t\t\t\t<div class=\"elementor-element elementor-element-b906c48 elementor-widget elementor-widget-text-editor\" data-id=\"b906c48\" data-element_type=\"widget\" data-e-type=\"widget\" data-widget_type=\"text-editor.default\">\n\t\t\t\t\t\t\t\t\t<p>Accuracy, en partenariat avec <a href=\"https:\/\/evenements.bpifrance.fr\/e\/bpifrance-euroquity-defence-week-2025\" target=\"_blank\" rel=\"noopener\">Semaine europ\u00e9enne de la d\u00e9fense \u00e0 Paris<\/a>, un \u00e9v\u00e9nement consacr\u00e9 \u00e0 <strong>favoriser la collaboration au sein de l'\u00e9cosyst\u00e8me europ\u00e9en de la d\u00e9fense et de l'innovation \u00e0 double usage.<\/strong><\/p><p><strong><a href=\"https:\/\/www.accuracy.com\/fr\/equipe\/arthur-couvreur\/\" target=\"_blank\" rel=\"noopener\">Arthur Couvreur<\/a>, directeur chez Accuracy<\/strong>, a anim\u00e9 une table ronde sur le <strong>les aspects juridiques du financement des start-ups du secteur des biens \u00e0 double usage et de la d\u00e9fense.<\/strong> Cette session a r\u00e9uni des investisseurs et des experts juridiques afin d'examiner les d\u00e9fis sp\u00e9cifiques li\u00e9s au financement de l'innovation dans un secteur hautement r\u00e9glement\u00e9 et strat\u00e9gique.<\/p><p>Les discussions ont mis en \u00e9vidence la forte dynamique qui caract\u00e9rise actuellement le paysage europ\u00e9en de la d\u00e9fense, ainsi que la n\u00e9cessit\u00e9 d\u2019une coop\u00e9ration continue et de cadres adaptables pour soutenir l\u2019innovation. L\u2019importance de<strong> une coordination pr\u00e9coce entre les entrepreneurs, les investisseurs et les conseillers<\/strong> a \u00e9t\u00e9 soulign\u00e9, notamment pour s\u2019y retrouver dans des environnements r\u00e9glementaires complexes et pour mettre en place des processus de financement.<\/p><p><strong>Confiance et transparence<\/strong> ont \u00e9galement \u00e9t\u00e9 identifi\u00e9s comme des facteurs cl\u00e9s permettant aux start-ups de se d\u00e9velopper et d\u2019attirer des investissements, en particulier dans un secteur o\u00f9 la surveillance r\u00e9glementaire et les consid\u00e9rations strat\u00e9giques occupent une place centrale.<\/p><p>Ces \u00e9changes refl\u00e8tent la <strong>le dynamisme croissant de l'\u00e9cosyst\u00e8me europ\u00e9en de la d\u00e9fense et des technologies de pointe<\/strong>, ainsi que le r\u00f4le des efforts coordonn\u00e9s pour soutenir son d\u00e9veloppement.<\/p>\t\t\t\t\t\t\t\t<\/div>\n\t\t\t\t<div class=\"elementor-element elementor-element-71de622 elementor-widget elementor-widget-gallery\" data-id=\"71de622\" data-element_type=\"widget\" data-e-type=\"widget\" data-settings=\"{&quot;columns&quot;:1,&quot;lazyload&quot;:&quot;yes&quot;,&quot;gallery_layout&quot;:&quot;grid&quot;,&quot;columns_tablet&quot;:2,&quot;columns_mobile&quot;:1,&quot;gap&quot;:{&quot;unit&quot;:&quot;px&quot;,&quot;size&quot;:10,&quot;sizes&quot;:[]},&quot;gap_tablet&quot;:{&quot;unit&quot;:&quot;px&quot;,&quot;size&quot;:10,&quot;sizes&quot;:[]},&quot;gap_mobile&quot;:{&quot;unit&quot;:&quot;px&quot;,&quot;size&quot;:10,&quot;sizes&quot;:[]},&quot;link_to&quot;:&quot;file&quot;,&quot;aspect_ratio&quot;:&quot;3:2&quot;,&quot;overlay_background&quot;:&quot;yes&quot;,&quot;content_hover_animation&quot;:&quot;fade-in&quot;}\" data-widget_type=\"gallery.default\">\n\t\t\t\t\t\t\t<div class=\"elementor-gallery__container\">\n\t\t\t\t\t\t\t<a class=\"e-gallery-item elementor-gallery-item elementor-animated-content\" href=\"https:\/\/www.accuracy.com\/wp-content\/uploads\/2026\/04\/European-Defence-Week-1.jpg\" data-elementor-open-lightbox=\"yes\" data-elementor-lightbox-slideshow=\"71de622\" data-elementor-lightbox-title=\"European Defence Week 1\" data-e-action-hash=\"#elementor-action%3Aaction%3Dlightbox%26settings%3DeyJpZCI6NjI2MzAsInVybCI6Imh0dHBzOlwvXC93d3cuYWNjdXJhY3kuY29tXC93cC1jb250ZW50XC91cGxvYWRzXC8yMDI2XC8wNFwvRXVyb3BlYW4tRGVmZW5jZS1XZWVrLTEuanBnIiwic2xpZGVzaG93IjoiNzFkZTYyMiJ9\">\n\t\t\t\t\t<div class=\"e-gallery-image elementor-gallery-item__image\" data-thumbnail=\"https:\/\/www.accuracy.com\/wp-content\/uploads\/2026\/04\/European-Defence-Week-1-1024x768.jpg\" data-width=\"800\" data-height=\"600\" aria-label=\"\" role=\"img\" ><\/div>\n\t\t\t\t\t\t\t\t\t\t\t<div class=\"elementor-gallery-item__overlay\"><\/div>\n\t\t\t\t\t\t\t\t\t\t\t\t\t\t<\/a>\n\t\t\t\t\t<\/div>\n\t\t\t\t\t<\/div>\n\t\t\t\t\t<\/div>\n\t\t\t\t<\/div>\n\t\t\t\t<\/div>","protected":false},"excerpt":{"rendered":"<p>Accuracy co-sponsored European Defence Week in Paris, an event dedicated to fostering collaboration across the European defence and dual-use innovation ecosystem. Arthur Couvreur, Director at Accuracy, moderated a panel discussion on the legal aspects of funding dual-use and defence start-ups. The session brought together investors and legal experts to examine the specific challenges associated with [&hellip;]<\/p>\n","protected":false},"author":63,"featured_media":0,"comment_status":"closed","ping_status":"closed","sticky":false,"template":"","format":"standard","meta":{"_acf_changed":false,"footnotes":""},"categories":[113,114,119,58,17,112],"tags":[],"class_list":["post-62628","post","type-post","status-publish","format-standard","hentry","category-france","category-italy","category-luxembourg-2","category-news","category-spain","category-the-netherlands"],"acf":[],"yoast_head":"<!-- This site is optimized with the Yoast SEO Premium plugin v28.4 (Yoast SEO v28.4) - https:\/\/yoast.com\/product\/yoast-seo-premium-wordpress\/ -->\n<title>Accuracy co-sponsors European Defence Week - Accuracy<\/title>\n<meta name=\"robots\" content=\"index, follow, max-snippet:-1, max-image-preview:large, max-video-preview:-1\" \/>\n<link rel=\"canonical\" href=\"https:\/\/www.accuracy.com\/fr\/accuracy-est-lun-des-co-organisateurs-de-la-semaine-europeenne-de-la-defense\/\" \/>\n<meta property=\"og:locale\" content=\"fr_CA\" \/>\n<meta property=\"og:type\" content=\"article\" \/>\n<meta property=\"og:title\" content=\"Accuracy co-sponsors European Defence Week\" \/>\n<meta property=\"og:description\" content=\"Accuracy co-sponsored European Defence Week in Paris, an event dedicated to fostering collaboration across the European defence and dual-use innovation ecosystem. Arthur Couvreur, Director at Accuracy, moderated a panel discussion on the legal aspects of funding dual-use and defence start-ups. The session brought together investors and legal experts to examine the specific challenges associated with [&hellip;]\" \/>\n<meta property=\"og:url\" content=\"https:\/\/www.accuracy.com\/fr\/accuracy-est-lun-des-co-organisateurs-de-la-semaine-europeenne-de-la-defense\/\" \/>\n<meta property=\"og:site_name\" content=\"Accuracy\" \/>\n<meta property=\"article:published_time\" content=\"2025-11-04T10:19:25+00:00\" \/>\n<meta property=\"article:modified_time\" content=\"2026-05-07T11:39:55+00:00\" \/>\n<meta property=\"og:image\" content=\"https:\/\/www.accuracy.com\/wp-content\/uploads\/2023\/10\/Accuracy.png\" \/>\n\t<meta property=\"og:image:width\" content=\"1200\" \/>\n\t<meta property=\"og:image:height\" content=\"675\" \/>\n\t<meta property=\"og:image:type\" content=\"image\/png\" \/>\n<meta name=\"author\" content=\"Etienne Levy\" \/>\n<meta name=\"twitter:card\" content=\"summary_large_image\" \/>\n<meta name=\"twitter:label1\" content=\"\u00c9crit par\" \/>\n\t<meta name=\"twitter:data1\" content=\"Etienne Levy\" \/>\n\t<meta name=\"twitter:label2\" content=\"Estimation du temps de lecture\" \/>\n\t<meta name=\"twitter:data2\" content=\"1 minute\" \/>\n<script type=\"application\/ld+json\" class=\"yoast-schema-graph\">{\"@context\":\"https:\\\/\\\/schema.org\",\"@graph\":[{\"@type\":\"Article\",\"@id\":\"https:\\\/\\\/www.accuracy.com\\\/accuracy-co-sponsors-european-defence-week\\\/#article\",\"isPartOf\":{\"@id\":\"https:\\\/\\\/www.accuracy.com\\\/accuracy-co-sponsors-european-defence-week\\\/\"},\"author\":{\"name\":\"Etienne Levy\",\"@id\":\"https:\\\/\\\/www.accuracy.com\\\/#\\\/schema\\\/person\\\/0121122fa331675601ed145cc5dd6182\"},\"headline\":\"Accuracy co-sponsors European Defence Week\",\"datePublished\":\"2025-11-04T10:19:25+00:00\",\"dateModified\":\"2026-05-07T11:39:55+00:00\",\"mainEntityOfPage\":{\"@id\":\"https:\\\/\\\/www.accuracy.com\\\/accuracy-co-sponsors-european-defence-week\\\/\"},\"wordCount\":167,\"publisher\":{\"@id\":\"https:\\\/\\\/www.accuracy.com\\\/#organization\"},\"articleSection\":[\"France\",\"Italy\",\"Luxembourg\",\"News\",\"Spain\",\"The Netherlands\"],\"inLanguage\":\"fr-CA\"},{\"@type\":\"WebPage\",\"@id\":\"https:\\\/\\\/www.accuracy.com\\\/accuracy-co-sponsors-european-defence-week\\\/\",\"url\":\"https:\\\/\\\/www.accuracy.com\\\/accuracy-co-sponsors-european-defence-week\\\/\",\"name\":\"Accuracy co-sponsors European Defence Week - Accuracy\",\"isPartOf\":{\"@id\":\"https:\\\/\\\/www.accuracy.com\\\/#website\"},\"datePublished\":\"2025-11-04T10:19:25+00:00\",\"dateModified\":\"2026-05-07T11:39:55+00:00\",\"breadcrumb\":{\"@id\":\"https:\\\/\\\/www.accuracy.com\\\/accuracy-co-sponsors-european-defence-week\\\/#breadcrumb\"},\"inLanguage\":\"fr-CA\",\"potentialAction\":[{\"@type\":\"ReadAction\",\"target\":[\"https:\\\/\\\/www.accuracy.com\\\/accuracy-co-sponsors-european-defence-week\\\/\"]}]},{\"@type\":\"BreadcrumbList\",\"@id\":\"https:\\\/\\\/www.accuracy.com\\\/accuracy-co-sponsors-european-defence-week\\\/#breadcrumb\",\"itemListElement\":[{\"@type\":\"ListItem\",\"position\":1,\"name\":\"Accueil\",\"item\":\"https:\\\/\\\/www.accuracy.com\\\/\"},{\"@type\":\"ListItem\",\"position\":2,\"name\":\"Accuracy co-sponsors European Defence Week\"}]},{\"@type\":\"WebSite\",\"@id\":\"https:\\\/\\\/www.accuracy.com\\\/#website\",\"url\":\"https:\\\/\\\/www.accuracy.com\\\/\",\"name\":\"Accuracy\",\"description\":\"Business Advisers - Financial Consultants\",\"publisher\":{\"@id\":\"https:\\\/\\\/www.accuracy.com\\\/#organization\"},\"potentialAction\":[{\"@type\":\"SearchAction\",\"target\":{\"@type\":\"EntryPoint\",\"urlTemplate\":\"https:\\\/\\\/www.accuracy.com\\\/?s={search_term_string}\"},\"query-input\":{\"@type\":\"PropertyValueSpecification\",\"valueRequired\":true,\"valueName\":\"search_term_string\"}}],\"inLanguage\":\"fr-CA\"},{\"@type\":\"Organization\",\"@id\":\"https:\\\/\\\/www.accuracy.com\\\/#organization\",\"name\":\"Accuracy\",\"url\":\"https:\\\/\\\/www.accuracy.com\\\/\",\"logo\":{\"@type\":\"ImageObject\",\"inLanguage\":\"fr-CA\",\"@id\":\"https:\\\/\\\/www.accuracy.com\\\/#\\\/schema\\\/logo\\\/image\\\/\",\"url\":\"https:\\\/\\\/www.accuracy.com\\\/wp-content\\\/uploads\\\/2023\\\/08\\\/unnamed-3.jpg\",\"contentUrl\":\"https:\\\/\\\/www.accuracy.com\\\/wp-content\\\/uploads\\\/2023\\\/08\\\/unnamed-3.jpg\",\"width\":512,\"height\":512,\"caption\":\"Accuracy\"},\"image\":{\"@id\":\"https:\\\/\\\/www.accuracy.com\\\/#\\\/schema\\\/logo\\\/image\\\/\"},\"sameAs\":[\"https:\\\/\\\/www.linkedin.com\\\/company\\\/accuracy\\\/?originalSubdomain=fr\",\"https:\\\/\\\/www.instagram.com\\\/accuracycareers\\\/\"]},{\"@type\":\"Person\",\"@id\":\"https:\\\/\\\/www.accuracy.com\\\/#\\\/schema\\\/person\\\/0121122fa331675601ed145cc5dd6182\",\"name\":\"Etienne Levy\",\"image\":{\"@type\":\"ImageObject\",\"inLanguage\":\"fr-CA\",\"@id\":\"https:\\\/\\\/secure.gravatar.com\\\/avatar\\\/c813ed470b69b1f5efb585901ce73ab6e5f4e77dd0533067ad71eab4f54f7b24?s=96&d=blank&r=g\",\"url\":\"https:\\\/\\\/secure.gravatar.com\\\/avatar\\\/c813ed470b69b1f5efb585901ce73ab6e5f4e77dd0533067ad71eab4f54f7b24?s=96&d=blank&r=g\",\"contentUrl\":\"https:\\\/\\\/secure.gravatar.com\\\/avatar\\\/c813ed470b69b1f5efb585901ce73ab6e5f4e77dd0533067ad71eab4f54f7b24?s=96&d=blank&r=g\",\"caption\":\"Etienne Levy\"}}]}<\/script>\n<!-- \/ Yoast SEO Premium plugin. -->","yoast_head_json":{"title":"Accuracy est co-organisateur de la Semaine europ\u00e9enne de la d\u00e9fense - Accuracy","robots":{"index":"index","follow":"follow","max-snippet":"max-snippet:-1","max-image-preview":"max-image-preview:large","max-video-preview":"max-video-preview:-1"},"canonical":"https:\/\/www.accuracy.com\/fr\/accuracy-est-lun-des-co-organisateurs-de-la-semaine-europeenne-de-la-defense\/","og_locale":"fr_CA","og_type":"article","og_title":"Accuracy co-sponsors European Defence Week","og_description":"Accuracy co-sponsored European Defence Week in Paris, an event dedicated to fostering collaboration across the European defence and dual-use innovation ecosystem. Arthur Couvreur, Director at Accuracy, moderated a panel discussion on the legal aspects of funding dual-use and defence start-ups. The session brought together investors and legal experts to examine the specific challenges associated with [&hellip;]","og_url":"https:\/\/www.accuracy.com\/fr\/accuracy-est-lun-des-co-organisateurs-de-la-semaine-europeenne-de-la-defense\/","og_site_name":"Accuracy","article_published_time":"2025-11-04T10:19:25+00:00","article_modified_time":"2026-05-07T11:39:55+00:00","og_image":[{"width":1200,"height":675,"url":"https:\/\/www.accuracy.com\/wp-content\/uploads\/2023\/10\/Accuracy.png","type":"image\/png"}],"author":"Etienne Levy","twitter_card":"summary_large_image","twitter_misc":{"\u00c9crit par":"Etienne Levy","Estimation du temps de lecture":"1 minute"},"schema":{"@context":"https:\/\/schema.org","@graph":[{"@type":"Article","@id":"https:\/\/www.accuracy.com\/accuracy-co-sponsors-european-defence-week\/#article","isPartOf":{"@id":"https:\/\/www.accuracy.com\/accuracy-co-sponsors-european-defence-week\/"},"author":{"name":"Etienne Levy","@id":"https:\/\/www.accuracy.com\/#\/schema\/person\/0121122fa331675601ed145cc5dd6182"},"headline":"Accuracy co-sponsors European Defence Week","datePublished":"2025-11-04T10:19:25+00:00","dateModified":"2026-05-07T11:39:55+00:00","mainEntityOfPage":{"@id":"https:\/\/www.accuracy.com\/accuracy-co-sponsors-european-defence-week\/"},"wordCount":167,"publisher":{"@id":"https:\/\/www.accuracy.com\/#organization"},"articleSection":["France","Italy","Luxembourg","News","Spain","The Netherlands"],"inLanguage":"fr-CA"},{"@type":"WebPage","@id":"https:\/\/www.accuracy.com\/accuracy-co-sponsors-european-defence-week\/","url":"https:\/\/www.accuracy.com\/accuracy-co-sponsors-european-defence-week\/","name":"Accuracy est co-organisateur de la Semaine europ\u00e9enne de la d\u00e9fense - Accuracy","isPartOf":{"@id":"https:\/\/www.accuracy.com\/#website"},"datePublished":"2025-11-04T10:19:25+00:00","dateModified":"2026-05-07T11:39:55+00:00","breadcrumb":{"@id":"https:\/\/www.accuracy.com\/accuracy-co-sponsors-european-defence-week\/#breadcrumb"},"inLanguage":"fr-CA","potentialAction":[{"@type":"ReadAction","target":["https:\/\/www.accuracy.com\/accuracy-co-sponsors-european-defence-week\/"]}]},{"@type":"BreadcrumbList","@id":"https:\/\/www.accuracy.com\/accuracy-co-sponsors-european-defence-week\/#breadcrumb","itemListElement":[{"@type":"ListItem","position":1,"name":"Accueil","item":"https:\/\/www.accuracy.com\/"},{"@type":"ListItem","position":2,"name":"Accuracy co-sponsors European Defence Week"}]},{"@type":"WebSite","@id":"https:\/\/www.accuracy.com\/#website","url":"https:\/\/www.accuracy.com\/","name":"Accuracy","description":"Conseillers d'entreprise - Consultants financiers","publisher":{"@id":"https:\/\/www.accuracy.com\/#organization"},"potentialAction":[{"@type":"SearchAction","target":{"@type":"EntryPoint","urlTemplate":"https:\/\/www.accuracy.com\/?s={search_term_string}"},"query-input":{"@type":"PropertyValueSpecification","valueRequired":true,"valueName":"search_term_string"}}],"inLanguage":"fr-CA"},{"@type":"Organization","@id":"https:\/\/www.accuracy.com\/#organization","name":"Accuracy","url":"https:\/\/www.accuracy.com\/","logo":{"@type":"ImageObject","inLanguage":"fr-CA","@id":"https:\/\/www.accuracy.com\/#\/schema\/logo\/image\/","url":"https:\/\/www.accuracy.com\/wp-content\/uploads\/2023\/08\/unnamed-3.jpg","contentUrl":"https:\/\/www.accuracy.com\/wp-content\/uploads\/2023\/08\/unnamed-3.jpg","width":512,"height":512,"caption":"Accuracy"},"image":{"@id":"https:\/\/www.accuracy.com\/#\/schema\/logo\/image\/"},"sameAs":["https:\/\/www.linkedin.com\/company\/accuracy\/?originalSubdomain=fr","https:\/\/www.instagram.com\/accuracycareers\/"]},{"@type":"Person","@id":"https:\/\/www.accuracy.com\/#\/schema\/person\/0121122fa331675601ed145cc5dd6182","name":"\u00c9tienne L\u00e9vy","image":{"@type":"ImageObject","inLanguage":"fr-CA","@id":"https:\/\/secure.gravatar.com\/avatar\/c813ed470b69b1f5efb585901ce73ab6e5f4e77dd0533067ad71eab4f54f7b24?s=96&d=blank&r=g","url":"https:\/\/secure.gravatar.com\/avatar\/c813ed470b69b1f5efb585901ce73ab6e5f4e77dd0533067ad71eab4f54f7b24?s=96&d=blank&r=g","contentUrl":"https:\/\/secure.gravatar.com\/avatar\/c813ed470b69b1f5efb585901ce73ab6e5f4e77dd0533067ad71eab4f54f7b24?s=96&d=blank&r=g","caption":"Etienne Levy"}}]}},"_links":{"self":[{"href":"https:\/\/www.accuracy.com\/fr\/wp-json\/wp\/v2\/posts\/62628","targetHints":{"allow":["GET"]}}],"collection":[{"href":"https:\/\/www.accuracy.com\/fr\/wp-json\/wp\/v2\/posts"}],"about":[{"href":"https:\/\/www.accuracy.com\/fr\/wp-json\/wp\/v2\/types\/post"}],"author":[{"embeddable":true,"href":"https:\/\/www.accuracy.com\/fr\/wp-json\/wp\/v2\/users\/63"}],"replies":[{"embeddable":true,"href":"https:\/\/www.accuracy.com\/fr\/wp-json\/wp\/v2\/comments?post=62628"}],"version-history":[{"count":9,"href":"https:\/\/www.accuracy.com\/fr\/wp-json\/wp\/v2\/posts\/62628\/revisions"}],"predecessor-version":[{"id":63382,"href":"https:\/\/www.accuracy.com\/fr\/wp-json\/wp\/v2\/posts\/62628\/revisions\/63382"}],"wp:attachment":[{"href":"https:\/\/www.accuracy.com\/fr\/wp-json\/wp\/v2\/media?parent=62628"}],"wp:term":[{"taxonomy":"category","embeddable":true,"href":"https:\/\/www.accuracy.com\/fr\/wp-json\/wp\/v2\/categories?post=62628"},{"taxonomy":"post_tag","embeddable":true,"href":"https:\/\/www.accuracy.com\/fr\/wp-json\/wp\/v2\/tags?post=62628"}],"curies":[{"name":"wp","href":"https:\/\/api.w.org\/{rel}","templated":true}]}}