{"id":60933,"date":"2026-02-14T12:00:35","date_gmt":"2026-02-14T11:00:35","guid":{"rendered":"https:\/\/www.accuracy.com\/?p=60933"},"modified":"2026-04-01T15:07:31","modified_gmt":"2026-04-01T13:07:31","slug":"un-actionnaire-du-fc-sochaux-montbeliard-appelle-a-la-vente-du-club-tout-montelibard","status":"publish","type":"post","link":"https:\/\/www.accuracy.com\/fr\/un-actionnaire-du-fc-sochaux-montbeliard-appelle-a-la-vente-du-club-tout-montelibard\/","title":{"rendered":"Un actionnaire du FC Sochaux-Montb\u00e9liard appelle \u00e0 la vente du club &#8211; Tout Mont\u00e9libard"},"content":{"rendered":"<p><em>L\u2019Assembl\u00e9e G\u00e9n\u00e9rale Extraordinaire qui s\u2019est tenue le vendredi 13 octobre 2025, en amont du match opposant le FCSM \u00e0 Paris 13 Atletico, s\u2019est d\u00e9roul\u00e9e dans un climat serein, malgr\u00e9 l\u2019actualit\u00e9 particuli\u00e8rement agit\u00e9e de la semaine. Ma participation, vivement conseill\u00e9e et influenc\u00e9e, en visioconf\u00e9rence a contribu\u00e9 \u00e0 garantir la bonne tenue des d\u00e9bats. 80 % des parts d\u00e9tenues \u00e9taient repr\u00e9sent\u00e9es lors de cette r\u00e9union. Les 20 % restants \u00e9taient soit indisponibles, soit oppos\u00e9s \u00e0 participer aux \u00e9changes ou r\u00e9ticents \u00e0 se prononcer lors des votes. Le d\u00e9tail de ces votes est pr\u00e9cis\u00e9 ci-dessous [&#8230;]<\/em><\/p>\n<p><em>Cependant, le 26 janvier 2025, lors d\u2019une r\u00e9union informelle d\u2019actionnaires, la situation a \u00e9volu\u00e9. Les administrateurs et membres du Conseil de Surveillance ont mis en avant une valorisation du club r\u00e9alis\u00e9e par le cabinet <strong>Accuracy<\/strong>, \u00e0 un niveau tr\u00e8s inf\u00e9rieur \u00e0 celui du capital social, afin de justifier une r\u00e9duction de celui-ci.<\/em><\/p>\n<hr \/>\n<p>Lire l&#8217;article entier <a href=\"https:\/\/www.toutmontbeliard.com\/2026\/02\/14\/un-actionnaire-du-fc-sochaux-montbeliard-appelle-a-la-vente-du-club\/\">ici<\/a>.<\/p>\n","protected":false},"excerpt":{"rendered":"<p>L\u2019Assembl\u00e9e G\u00e9n\u00e9rale Extraordinaire qui s\u2019est tenue le vendredi 13 octobre 2025, en amont du match opposant le FCSM \u00e0 Paris 13 Atletico, s\u2019est d\u00e9roul\u00e9e dans un climat serein, malgr\u00e9 l\u2019actualit\u00e9 particuli\u00e8rement agit\u00e9e de la semaine. Ma participation, vivement conseill\u00e9e et influenc\u00e9e, en visioconf\u00e9rence a contribu\u00e9 \u00e0 garantir la bonne tenue des d\u00e9bats. 80 % des [&hellip;]<\/p>\n","protected":false},"author":60,"featured_media":0,"comment_status":"closed","ping_status":"closed","sticky":false,"template":"","format":"standard","meta":{"_acf_changed":false,"footnotes":""},"categories":[318],"tags":[],"class_list":["post-60933","post","type-post","status-publish","format-standard","hentry","category-fr-press"],"acf":[],"yoast_head":"<!-- This site is optimized with the Yoast SEO Premium plugin v27.4 (Yoast SEO v27.4) - https:\/\/yoast.com\/product\/yoast-seo-premium-wordpress\/ -->\n<title>Un actionnaire du FC Sochaux-Montb\u00e9liard appelle \u00e0 la vente du club - Tout Mont\u00e9libard - Accuracy<\/title>\n<meta name=\"robots\" content=\"noindex,nofollow\" \/>\n<link rel=\"canonical\" href=\"https:\/\/www.accuracy.com\/fr\/un-actionnaire-du-fc-sochaux-montbeliard-appelle-a-la-vente-du-club-tout-montelibard\/\" \/>\n<meta property=\"og:locale\" content=\"fr_CA\" \/>\n<meta property=\"og:type\" content=\"article\" \/>\n<meta property=\"og:title\" content=\"Un actionnaire du FC Sochaux-Montb\u00e9liard appelle \u00e0 la vente du club - Tout Mont\u00e9libard\" \/>\n<meta property=\"og:description\" content=\"L\u2019Assembl\u00e9e G\u00e9n\u00e9rale Extraordinaire qui s\u2019est tenue le vendredi 13 octobre 2025, en amont du match opposant le FCSM \u00e0 Paris 13 Atletico, s\u2019est d\u00e9roul\u00e9e dans un climat serein, malgr\u00e9 l\u2019actualit\u00e9 particuli\u00e8rement agit\u00e9e de la semaine. Ma participation, vivement conseill\u00e9e et influenc\u00e9e, en visioconf\u00e9rence a contribu\u00e9 \u00e0 garantir la bonne tenue des d\u00e9bats. 80 % des [&hellip;]\" \/>\n<meta property=\"og:url\" content=\"https:\/\/www.accuracy.com\/fr\/un-actionnaire-du-fc-sochaux-montbeliard-appelle-a-la-vente-du-club-tout-montelibard\/\" \/>\n<meta property=\"og:site_name\" content=\"Accuracy\" \/>\n<meta property=\"article:published_time\" content=\"2026-02-14T11:00:35+00:00\" \/>\n<meta property=\"article:modified_time\" content=\"2026-04-01T13:07:31+00:00\" \/>\n<meta property=\"og:image\" content=\"https:\/\/www.accuracy.com\/wp-content\/uploads\/2023\/10\/Accuracy.png\" \/>\n\t<meta property=\"og:image:width\" content=\"1200\" \/>\n\t<meta property=\"og:image:height\" content=\"675\" \/>\n\t<meta property=\"og:image:type\" content=\"image\/png\" \/>\n<meta name=\"author\" content=\"Aziliz TEILLIAIS\" \/>\n<meta name=\"twitter:card\" content=\"summary_large_image\" \/>\n<meta name=\"twitter:label1\" content=\"\u00c9crit par\" \/>\n\t<meta name=\"twitter:data1\" content=\"Aziliz TEILLIAIS\" \/>\n\t<meta name=\"twitter:label2\" content=\"Estimation du temps de lecture\" \/>\n\t<meta name=\"twitter:data2\" content=\"1 minute\" \/>\n<script type=\"application\/ld+json\" class=\"yoast-schema-graph\">{\"@context\":\"https:\\\/\\\/schema.org\",\"@graph\":[{\"@type\":\"Article\",\"@id\":\"https:\\\/\\\/www.accuracy.com\\\/un-actionnaire-du-fc-sochaux-montbeliard-appelle-a-la-vente-du-club-tout-montelibard\\\/#article\",\"isPartOf\":{\"@id\":\"https:\\\/\\\/www.accuracy.com\\\/un-actionnaire-du-fc-sochaux-montbeliard-appelle-a-la-vente-du-club-tout-montelibard\\\/\"},\"author\":{\"name\":\"Aziliz TEILLIAIS\",\"@id\":\"https:\\\/\\\/www.accuracy.com\\\/#\\\/schema\\\/person\\\/13870522b85390da9c0f53f9c0064f3d\"},\"headline\":\"Un actionnaire du FC Sochaux-Montb\u00e9liard appelle \u00e0 la vente du club &#8211; Tout Mont\u00e9libard\",\"datePublished\":\"2026-02-14T11:00:35+00:00\",\"dateModified\":\"2026-04-01T13:07:31+00:00\",\"mainEntityOfPage\":{\"@id\":\"https:\\\/\\\/www.accuracy.com\\\/un-actionnaire-du-fc-sochaux-montbeliard-appelle-a-la-vente-du-club-tout-montelibard\\\/\"},\"wordCount\":180,\"publisher\":{\"@id\":\"https:\\\/\\\/www.accuracy.com\\\/#organization\"},\"articleSection\":[\"FR (Press)\"],\"inLanguage\":\"fr-CA\"},{\"@type\":\"WebPage\",\"@id\":\"https:\\\/\\\/www.accuracy.com\\\/un-actionnaire-du-fc-sochaux-montbeliard-appelle-a-la-vente-du-club-tout-montelibard\\\/\",\"url\":\"https:\\\/\\\/www.accuracy.com\\\/un-actionnaire-du-fc-sochaux-montbeliard-appelle-a-la-vente-du-club-tout-montelibard\\\/\",\"name\":\"Un actionnaire du FC Sochaux-Montb\u00e9liard appelle \u00e0 la vente du club - Tout Mont\u00e9libard - Accuracy\",\"isPartOf\":{\"@id\":\"https:\\\/\\\/www.accuracy.com\\\/#website\"},\"datePublished\":\"2026-02-14T11:00:35+00:00\",\"dateModified\":\"2026-04-01T13:07:31+00:00\",\"breadcrumb\":{\"@id\":\"https:\\\/\\\/www.accuracy.com\\\/un-actionnaire-du-fc-sochaux-montbeliard-appelle-a-la-vente-du-club-tout-montelibard\\\/#breadcrumb\"},\"inLanguage\":\"fr-CA\",\"potentialAction\":[{\"@type\":\"ReadAction\",\"target\":[\"https:\\\/\\\/www.accuracy.com\\\/un-actionnaire-du-fc-sochaux-montbeliard-appelle-a-la-vente-du-club-tout-montelibard\\\/\"]}]},{\"@type\":\"BreadcrumbList\",\"@id\":\"https:\\\/\\\/www.accuracy.com\\\/un-actionnaire-du-fc-sochaux-montbeliard-appelle-a-la-vente-du-club-tout-montelibard\\\/#breadcrumb\",\"itemListElement\":[{\"@type\":\"ListItem\",\"position\":1,\"name\":\"Accueil\",\"item\":\"https:\\\/\\\/www.accuracy.com\\\/\"},{\"@type\":\"ListItem\",\"position\":2,\"name\":\"Un actionnaire du FC Sochaux-Montb\u00e9liard appelle \u00e0 la vente du club &#8211; Tout Mont\u00e9libard\"}]},{\"@type\":\"WebSite\",\"@id\":\"https:\\\/\\\/www.accuracy.com\\\/#website\",\"url\":\"https:\\\/\\\/www.accuracy.com\\\/\",\"name\":\"Accuracy\",\"description\":\"Business Advisers - Financial Consultants\",\"publisher\":{\"@id\":\"https:\\\/\\\/www.accuracy.com\\\/#organization\"},\"potentialAction\":[{\"@type\":\"SearchAction\",\"target\":{\"@type\":\"EntryPoint\",\"urlTemplate\":\"https:\\\/\\\/www.accuracy.com\\\/?s={search_term_string}\"},\"query-input\":{\"@type\":\"PropertyValueSpecification\",\"valueRequired\":true,\"valueName\":\"search_term_string\"}}],\"inLanguage\":\"fr-CA\"},{\"@type\":\"Organization\",\"@id\":\"https:\\\/\\\/www.accuracy.com\\\/#organization\",\"name\":\"Accuracy\",\"url\":\"https:\\\/\\\/www.accuracy.com\\\/\",\"logo\":{\"@type\":\"ImageObject\",\"inLanguage\":\"fr-CA\",\"@id\":\"https:\\\/\\\/www.accuracy.com\\\/#\\\/schema\\\/logo\\\/image\\\/\",\"url\":\"https:\\\/\\\/www.accuracy.com\\\/wp-content\\\/uploads\\\/2023\\\/08\\\/unnamed-3.jpg\",\"contentUrl\":\"https:\\\/\\\/www.accuracy.com\\\/wp-content\\\/uploads\\\/2023\\\/08\\\/unnamed-3.jpg\",\"width\":512,\"height\":512,\"caption\":\"Accuracy\"},\"image\":{\"@id\":\"https:\\\/\\\/www.accuracy.com\\\/#\\\/schema\\\/logo\\\/image\\\/\"},\"sameAs\":[\"https:\\\/\\\/www.linkedin.com\\\/company\\\/accuracy\\\/?originalSubdomain=fr\",\"https:\\\/\\\/www.instagram.com\\\/accuracycareers\\\/\"]},{\"@type\":\"Person\",\"@id\":\"https:\\\/\\\/www.accuracy.com\\\/#\\\/schema\\\/person\\\/13870522b85390da9c0f53f9c0064f3d\",\"name\":\"Aziliz TEILLIAIS\",\"image\":{\"@type\":\"ImageObject\",\"inLanguage\":\"fr-CA\",\"@id\":\"https:\\\/\\\/secure.gravatar.com\\\/avatar\\\/390cae82144068d55ec7a0c4826e892c869068283c6a721187da11d8c44ac085?s=96&d=blank&r=g\",\"url\":\"https:\\\/\\\/secure.gravatar.com\\\/avatar\\\/390cae82144068d55ec7a0c4826e892c869068283c6a721187da11d8c44ac085?s=96&d=blank&r=g\",\"contentUrl\":\"https:\\\/\\\/secure.gravatar.com\\\/avatar\\\/390cae82144068d55ec7a0c4826e892c869068283c6a721187da11d8c44ac085?s=96&d=blank&r=g\",\"caption\":\"Aziliz TEILLIAIS\"}}]}<\/script>\n<!-- \/ Yoast SEO Premium plugin. -->","yoast_head_json":{"title":"Un actionnaire du FC Sochaux-Montb\u00e9liard appelle \u00e0 la vente du club - Tout Mont\u00e9libard - Accuracy","robots":{"index,nofollow":"noindex,nofollow"},"canonical":"https:\/\/www.accuracy.com\/fr\/un-actionnaire-du-fc-sochaux-montbeliard-appelle-a-la-vente-du-club-tout-montelibard\/","og_locale":"fr_CA","og_type":"article","og_title":"Un actionnaire du FC Sochaux-Montb\u00e9liard appelle \u00e0 la vente du club - Tout Mont\u00e9libard","og_description":"L\u2019Assembl\u00e9e G\u00e9n\u00e9rale Extraordinaire qui s\u2019est tenue le vendredi 13 octobre 2025, en amont du match opposant le FCSM \u00e0 Paris 13 Atletico, s\u2019est d\u00e9roul\u00e9e dans un climat serein, malgr\u00e9 l\u2019actualit\u00e9 particuli\u00e8rement agit\u00e9e de la semaine. Ma participation, vivement conseill\u00e9e et influenc\u00e9e, en visioconf\u00e9rence a contribu\u00e9 \u00e0 garantir la bonne tenue des d\u00e9bats. 80 % des [&hellip;]","og_url":"https:\/\/www.accuracy.com\/fr\/un-actionnaire-du-fc-sochaux-montbeliard-appelle-a-la-vente-du-club-tout-montelibard\/","og_site_name":"Accuracy","article_published_time":"2026-02-14T11:00:35+00:00","article_modified_time":"2026-04-01T13:07:31+00:00","og_image":[{"width":1200,"height":675,"url":"https:\/\/www.accuracy.com\/wp-content\/uploads\/2023\/10\/Accuracy.png","type":"image\/png"}],"author":"Aziliz TEILLIAIS","twitter_card":"summary_large_image","twitter_misc":{"\u00c9crit par":"Aziliz TEILLIAIS","Estimation du temps de lecture":"1 minute"},"schema":{"@context":"https:\/\/schema.org","@graph":[{"@type":"Article","@id":"https:\/\/www.accuracy.com\/un-actionnaire-du-fc-sochaux-montbeliard-appelle-a-la-vente-du-club-tout-montelibard\/#article","isPartOf":{"@id":"https:\/\/www.accuracy.com\/un-actionnaire-du-fc-sochaux-montbeliard-appelle-a-la-vente-du-club-tout-montelibard\/"},"author":{"name":"Aziliz TEILLIAIS","@id":"https:\/\/www.accuracy.com\/#\/schema\/person\/13870522b85390da9c0f53f9c0064f3d"},"headline":"Un actionnaire du FC Sochaux-Montb\u00e9liard appelle \u00e0 la vente du club &#8211; Tout Mont\u00e9libard","datePublished":"2026-02-14T11:00:35+00:00","dateModified":"2026-04-01T13:07:31+00:00","mainEntityOfPage":{"@id":"https:\/\/www.accuracy.com\/un-actionnaire-du-fc-sochaux-montbeliard-appelle-a-la-vente-du-club-tout-montelibard\/"},"wordCount":180,"publisher":{"@id":"https:\/\/www.accuracy.com\/#organization"},"articleSection":["FR (Press)"],"inLanguage":"fr-CA"},{"@type":"WebPage","@id":"https:\/\/www.accuracy.com\/un-actionnaire-du-fc-sochaux-montbeliard-appelle-a-la-vente-du-club-tout-montelibard\/","url":"https:\/\/www.accuracy.com\/un-actionnaire-du-fc-sochaux-montbeliard-appelle-a-la-vente-du-club-tout-montelibard\/","name":"Un actionnaire du FC Sochaux-Montb\u00e9liard appelle \u00e0 la vente du club - Tout Mont\u00e9libard - Accuracy","isPartOf":{"@id":"https:\/\/www.accuracy.com\/#website"},"datePublished":"2026-02-14T11:00:35+00:00","dateModified":"2026-04-01T13:07:31+00:00","breadcrumb":{"@id":"https:\/\/www.accuracy.com\/un-actionnaire-du-fc-sochaux-montbeliard-appelle-a-la-vente-du-club-tout-montelibard\/#breadcrumb"},"inLanguage":"fr-CA","potentialAction":[{"@type":"ReadAction","target":["https:\/\/www.accuracy.com\/un-actionnaire-du-fc-sochaux-montbeliard-appelle-a-la-vente-du-club-tout-montelibard\/"]}]},{"@type":"BreadcrumbList","@id":"https:\/\/www.accuracy.com\/un-actionnaire-du-fc-sochaux-montbeliard-appelle-a-la-vente-du-club-tout-montelibard\/#breadcrumb","itemListElement":[{"@type":"ListItem","position":1,"name":"Accueil","item":"https:\/\/www.accuracy.com\/"},{"@type":"ListItem","position":2,"name":"Un actionnaire du FC Sochaux-Montb\u00e9liard appelle \u00e0 la vente du club &#8211; Tout Mont\u00e9libard"}]},{"@type":"WebSite","@id":"https:\/\/www.accuracy.com\/#website","url":"https:\/\/www.accuracy.com\/","name":"Pr\u00e9cision","description":"Conseillers d'entreprise - Consultants financiers","publisher":{"@id":"https:\/\/www.accuracy.com\/#organization"},"potentialAction":[{"@type":"SearchAction","target":{"@type":"EntryPoint","urlTemplate":"https:\/\/www.accuracy.com\/?s={search_term_string}"},"query-input":{"@type":"PropertyValueSpecification","valueRequired":true,"valueName":"search_term_string"}}],"inLanguage":"fr-CA"},{"@type":"Organization","@id":"https:\/\/www.accuracy.com\/#organization","name":"Pr\u00e9cision","url":"https:\/\/www.accuracy.com\/","logo":{"@type":"ImageObject","inLanguage":"fr-CA","@id":"https:\/\/www.accuracy.com\/#\/schema\/logo\/image\/","url":"https:\/\/www.accuracy.com\/wp-content\/uploads\/2023\/08\/unnamed-3.jpg","contentUrl":"https:\/\/www.accuracy.com\/wp-content\/uploads\/2023\/08\/unnamed-3.jpg","width":512,"height":512,"caption":"Accuracy"},"image":{"@id":"https:\/\/www.accuracy.com\/#\/schema\/logo\/image\/"},"sameAs":["https:\/\/www.linkedin.com\/company\/accuracy\/?originalSubdomain=fr","https:\/\/www.instagram.com\/accuracycareers\/"]},{"@type":"Person","@id":"https:\/\/www.accuracy.com\/#\/schema\/person\/13870522b85390da9c0f53f9c0064f3d","name":"Aziliz TEILLIAIS","image":{"@type":"ImageObject","inLanguage":"fr-CA","@id":"https:\/\/secure.gravatar.com\/avatar\/390cae82144068d55ec7a0c4826e892c869068283c6a721187da11d8c44ac085?s=96&d=blank&r=g","url":"https:\/\/secure.gravatar.com\/avatar\/390cae82144068d55ec7a0c4826e892c869068283c6a721187da11d8c44ac085?s=96&d=blank&r=g","contentUrl":"https:\/\/secure.gravatar.com\/avatar\/390cae82144068d55ec7a0c4826e892c869068283c6a721187da11d8c44ac085?s=96&d=blank&r=g","caption":"Aziliz TEILLIAIS"}}]}},"_links":{"self":[{"href":"https:\/\/www.accuracy.com\/fr\/wp-json\/wp\/v2\/posts\/60933","targetHints":{"allow":["GET"]}}],"collection":[{"href":"https:\/\/www.accuracy.com\/fr\/wp-json\/wp\/v2\/posts"}],"about":[{"href":"https:\/\/www.accuracy.com\/fr\/wp-json\/wp\/v2\/types\/post"}],"author":[{"embeddable":true,"href":"https:\/\/www.accuracy.com\/fr\/wp-json\/wp\/v2\/users\/60"}],"replies":[{"embeddable":true,"href":"https:\/\/www.accuracy.com\/fr\/wp-json\/wp\/v2\/comments?post=60933"}],"version-history":[{"count":3,"href":"https:\/\/www.accuracy.com\/fr\/wp-json\/wp\/v2\/posts\/60933\/revisions"}],"predecessor-version":[{"id":60936,"href":"https:\/\/www.accuracy.com\/fr\/wp-json\/wp\/v2\/posts\/60933\/revisions\/60936"}],"wp:attachment":[{"href":"https:\/\/www.accuracy.com\/fr\/wp-json\/wp\/v2\/media?parent=60933"}],"wp:term":[{"taxonomy":"category","embeddable":true,"href":"https:\/\/www.accuracy.com\/fr\/wp-json\/wp\/v2\/categories?post=60933"},{"taxonomy":"post_tag","embeddable":true,"href":"https:\/\/www.accuracy.com\/fr\/wp-json\/wp\/v2\/tags?post=60933"}],"curies":[{"name":"wp","href":"https:\/\/api.w.org\/{rel}","templated":true}]}}