{"id":60578,"date":"2026-03-25T10:36:22","date_gmt":"2026-03-25T09:36:22","guid":{"rendered":"https:\/\/www.accuracy.com\/?p=60578"},"modified":"2026-03-26T10:02:10","modified_gmt":"2026-03-26T09:02:10","slug":"dos-anos-impulsando-the-inclusive-circular-lab-con-fundacion-juan-xxiii","status":"publish","type":"post","link":"https:\/\/www.accuracy.com\/fr\/dos-anos-impulsando-the-inclusive-circular-lab-con-fundacion-juan-xxiii\/","title":{"rendered":"Dos a\u00f1os impulsando The Inclusive Circular Lab con Fundaci\u00f3n Juan XXIII"},"content":{"rendered":"\t\t<div data-elementor-type=\"wp-post\" data-elementor-id=\"60578\" class=\"elementor elementor-60578\" data-elementor-post-type=\"post\">\n\t\t\t\t<div class=\"elementor-element elementor-element-37028856 e-flex e-con-boxed e-con e-parent\" data-id=\"37028856\" data-element_type=\"container\" data-e-type=\"container\">\n\t\t\t\t\t<div class=\"e-con-inner\">\n\t\t\t\t<div class=\"elementor-element elementor-element-116ecd4c elementor-widget elementor-widget-text-editor\" data-id=\"116ecd4c\" data-element_type=\"widget\" data-e-type=\"widget\" data-widget_type=\"text-editor.default\">\n\t\t\t\t\t\t\t\t\t<p>En <strong>Accuracy<\/strong> creemos que el impacto real se construye con alianzas reales. Desde hace dos a\u00f1os, nuestro compromiso con la sostenibilidad y la inclusi\u00f3n social se materializa junto a <strong>Fundaci\u00f3n Juan XXIII<\/strong> a trav\u00e9s de\u00a0<strong><em>The Inclusive Circular Lab<\/em><\/strong>, un programa pionero en Espa\u00f1a que lleva la econom\u00eda circular y la ciencia ciudadana directamente a las aulas.<\/p>\t\t\t\t\t\t\t\t<\/div>\n\t\t\t\t\t<\/div>\n\t\t\t\t<\/div>\n\t\t<div class=\"elementor-element elementor-element-6216987 e-flex e-con-boxed e-con e-parent\" data-id=\"6216987\" data-element_type=\"container\" data-e-type=\"container\">\n\t\t\t\t\t<div class=\"e-con-inner\">\n\t\t\t\t<div class=\"elementor-element elementor-element-bcbc564 elementor-widget elementor-widget-image\" data-id=\"bcbc564\" data-element_type=\"widget\" data-e-type=\"widget\" data-widget_type=\"image.default\">\n\t\t\t\t\t\t\t\t\t\t\t\t\t\t\t<img fetchpriority=\"high\" decoding=\"async\" width=\"768\" height=\"614\" src=\"https:\/\/www.accuracy.com\/wp-content\/uploads\/2026\/03\/Collage-de-fotos-horizontal-Mascota-perro-Simple-Gris-2-768x614.png\" class=\"attachment-medium_large size-medium_large wp-image-60602\" alt=\"\" srcset=\"https:\/\/www.accuracy.com\/wp-content\/uploads\/2026\/03\/Collage-de-fotos-horizontal-Mascota-perro-Simple-Gris-2-768x614.png 768w, https:\/\/www.accuracy.com\/wp-content\/uploads\/2026\/03\/Collage-de-fotos-horizontal-Mascota-perro-Simple-Gris-2-300x240.png 300w, https:\/\/www.accuracy.com\/wp-content\/uploads\/2026\/03\/Collage-de-fotos-horizontal-Mascota-perro-Simple-Gris-2-1024x819.png 1024w, https:\/\/www.accuracy.com\/wp-content\/uploads\/2026\/03\/Collage-de-fotos-horizontal-Mascota-perro-Simple-Gris-2-1536x1229.png 1536w, https:\/\/www.accuracy.com\/wp-content\/uploads\/2026\/03\/Collage-de-fotos-horizontal-Mascota-perro-Simple-Gris-2-15x12.png 15w, https:\/\/www.accuracy.com\/wp-content\/uploads\/2026\/03\/Collage-de-fotos-horizontal-Mascota-perro-Simple-Gris-2.png 1920w\" sizes=\"(max-width: 768px) 100vw, 768px\" \/>\t\t\t\t\t\t\t\t\t\t\t\t\t\t\t<\/div>\n\t\t\t\t<div class=\"elementor-element elementor-element-3e0d751 elementor-widget elementor-widget-spacer\" data-id=\"3e0d751\" data-element_type=\"widget\" data-e-type=\"widget\" data-widget_type=\"spacer.default\">\n\t\t\t\t\t\t\t<div class=\"elementor-spacer\">\n\t\t\t<div class=\"elementor-spacer-inner\"><\/div>\n\t\t<\/div>\n\t\t\t\t\t\t<\/div>\n\t\t\t\t<div class=\"elementor-element elementor-element-66defec elementor-widget elementor-widget-text-editor\" data-id=\"66defec\" data-element_type=\"widget\" data-e-type=\"widget\" data-widget_type=\"text-editor.default\">\n\t\t\t\t\t\t\t\t\t<h3 id=\"impacto-en-la-comunidad-educativa\" class=\"font-editorial font-bold mb-2 mt-4 [.has-inline-images_&amp;]:clear-end text-lg first:mt-0 md:text-lg [hr+&amp;]:mt-4\">Impacto en la comunidad educativa<\/h3><p class=\"my-2 [&amp;+p]:mt-4 [&amp;_strong:has(+br)]:inline-block [&amp;_strong:has(+br)]:pb-2\">El objetivo principal del programa es desarrollar iniciativas de econom\u00eda circular y ciencia ciudadana que involucren a alumnado, familias y comunidades escolares en innovaciones sostenibles. Hemos alcanzado <strong>48.079 beneficiarios directos en 70 centros educativos distribuidos en 19 municipios de la Comunidad de Madrid, junto con 96.158 beneficiarios indirectos, principalmente familias.<\/strong> Esta red abarca todas las etapas educativas, desde educaci\u00f3n infantil hasta Formaci\u00f3n Profesional, incluyendo centros de educaci\u00f3n especial.<\/p>\t\t\t\t\t\t\t\t<\/div>\n\t\t\t\t\t<\/div>\n\t\t\t\t<\/div>\n\t\t<div class=\"elementor-element elementor-element-55fe48f e-flex e-con-boxed e-con e-parent\" data-id=\"55fe48f\" data-element_type=\"container\" data-e-type=\"container\">\n\t\t\t\t\t<div class=\"e-con-inner\">\n\t\t\t\t<div class=\"elementor-element elementor-element-bd7c0ce elementor-widget elementor-widget-text-editor\" data-id=\"bd7c0ce\" data-element_type=\"widget\" data-e-type=\"widget\" data-widget_type=\"text-editor.default\">\n\t\t\t\t\t\t\t\t\t<h3>Logros clave en objetivos espec\u00edficos<\/h3><p class=\"my-2 [&amp;+p]:mt-4 [&amp;_strong:has(+br)]:inline-block [&amp;_strong:has(+br)]:pb-2\">Nuestra participaci\u00f3n ha generado resultados tangibles en m\u00faltiples \u00e1reas:<\/p><ul class=\"marker:text-quiet list-disc pl-8\"><li class=\"py-0 my-0 prose-p:pt-0 prose-p:mb-2 prose-p:my-0 [&amp;&gt;p]:pt-0 [&amp;&gt;p]:mb-2 [&amp;&gt;p]:my-0\"><p class=\"my-2 [&amp;+p]:mt-4 [&amp;_strong:has(+br)]:inline-block [&amp;_strong:has(+br)]:pb-2\"><strong>Empleo inclusivo<\/strong>: 1 persona con discapacidad intelectual empleada a jornada completa.<\/p><\/li><li class=\"py-0 my-0 prose-p:pt-0 prose-p:mb-2 prose-p:my-0 [&amp;&gt;p]:pt-0 [&amp;&gt;p]:mb-2 [&amp;&gt;p]:my-0\"><p class=\"my-2 [&amp;+p]:mt-4 [&amp;_strong:has(+br)]:inline-block [&amp;_strong:has(+br)]:pb-2\"><strong>Espacios de compostaje<\/strong>: Creaci\u00f3n de 19 nuevos espacios de compostaje.<\/p><\/li><li class=\"py-0 my-0 prose-p:pt-0 prose-p:mb-2 prose-p:my-0 [&amp;&gt;p]:pt-0 [&amp;&gt;p]:mb-2 [&amp;&gt;p]:my-0\"><p class=\"my-2 [&amp;+p]:mt-4 [&amp;_strong:has(+br)]:inline-block [&amp;_strong:has(+br)]:pb-2\"><strong>Formaci\u00f3n especializada<\/strong>: Formaci\u00f3n a 27 personas con discapacidad, 6 horas lectivas para alumnado, 52 horas para docentes y 52 visitas t\u00e9cnicas realizadas.<\/p><\/li><li class=\"py-0 my-0 prose-p:pt-0 prose-p:mb-2 prose-p:my-0 [&amp;&gt;p]:pt-0 [&amp;&gt;p]:mb-2 [&amp;&gt;p]:my-0\"><p class=\"my-2 [&amp;+p]:mt-4 [&amp;_strong:has(+br)]:inline-block [&amp;_strong:has(+br)]:pb-2\"><strong>Sensibilizaci\u00f3n y talleres<\/strong>: 31 jornadas y talleres implementados, adem\u00e1s de 1 exposici\u00f3n itinerante entregada a los 70 centros participantes.<\/p><\/li><\/ul><p class=\"my-2 [&amp;+p]:mt-4 [&amp;_strong:has(+br)]:inline-block [&amp;_strong:has(+br)]:pb-2\">Estos avances, registrados en el periodo intermedio de agosto a diciembre de 2025, demuestran el \u00e9xito rotundo del proyecto.<\/p>\t\t\t\t\t\t\t\t<\/div>\n\t\t\t\t\t<\/div>\n\t\t\t\t<\/div>\n\t\t<div class=\"elementor-element elementor-element-dcb6b5e e-flex e-con-boxed e-con e-parent\" data-id=\"dcb6b5e\" data-element_type=\"container\" data-e-type=\"container\">\n\t\t\t\t\t<div class=\"e-con-inner\">\n\t\t\t\t<div class=\"elementor-element elementor-element-d911156 elementor-widget elementor-widget-text-editor\" data-id=\"d911156\" data-element_type=\"widget\" data-e-type=\"widget\" data-widget_type=\"text-editor.default\">\n\t\t\t\t\t\t\t\t\t<h3>Pr\u00f3ximos hitos y visi\u00f3n futura<\/h3><p class=\"my-2 [&amp;+p]:mt-4 [&amp;_strong:has(+br)]:inline-block [&amp;_strong:has(+br)]:pb-2\">El programa contin\u00faa con acciones clave como visitas t\u00e9cnicas adicionales, laboratorios de comunidades de aprendizaje y el VI Congreso de Escuelas Circulares y Sostenibles 2030 en mayo de 2026.<\/p><p class=\"my-2 [&amp;+p]:mt-4 [&amp;_strong:has(+br)]:inline-block [&amp;_strong:has(+br)]:pb-2\">En <strong>Accuracy<\/strong>, reafirmamos nuestro compromiso inquebrantable para seguir impulsando esta iniciativa transformadora, contribuyendo a un futuro m\u00e1s inclusivo y sostenible.<\/p>\t\t\t\t\t\t\t\t<\/div>\n\t\t\t\t\t<\/div>\n\t\t\t\t<\/div>\n\t\t\t\t<\/div>\n\t\t","protected":false},"excerpt":{"rendered":"<p>En Accuracy creemos que el impacto real se construye con alianzas reales. Desde hace dos a\u00f1os, nuestro compromiso con la sostenibilidad y la inclusi\u00f3n social se materializa junto a Fundaci\u00f3n Juan XXIII a trav\u00e9s de\u00a0The Inclusive Circular Lab, un programa pionero en Espa\u00f1a que lleva la econom\u00eda circular y la ciencia ciudadana directamente a las [&hellip;]<\/p>\n","protected":false},"author":10,"featured_media":0,"comment_status":"closed","ping_status":"closed","sticky":false,"template":"","format":"standard","meta":{"_acf_changed":false,"footnotes":""},"categories":[58,17],"tags":[],"class_list":["post-60578","post","type-post","status-publish","format-standard","hentry","category-news","category-spain"],"acf":[],"yoast_head":"<!-- This site is optimized with the Yoast SEO Premium plugin v27.4 (Yoast SEO v27.4) - https:\/\/yoast.com\/product\/yoast-seo-premium-wordpress\/ -->\n<title>Dos a\u00f1os impulsando The Inclusive Circular Lab con Fundaci\u00f3n Juan XXIII - Accuracy<\/title>\n<meta name=\"description\" content=\"Desde hace dos a\u00f1os, nuestro compromiso con la sostenibilidad y la inclusi\u00f3n social se materializa junto a Fundaci\u00f3n Juan XXIII a trav\u00e9s de\u00a0The Inclusive Circular Lab, un programa pionero en Espa\u00f1a que lleva la econom\u00eda circular y la ciencia ciudadana directamente a las aulas.\" \/>\n<meta name=\"robots\" content=\"noindex,nofollow\" \/>\n<link rel=\"canonical\" href=\"https:\/\/www.accuracy.com\/fr\/dos-anos-impulsando-the-inclusive-circular-lab-con-fundacion-juan-xxiii\/\" \/>\n<meta property=\"og:locale\" content=\"fr_CA\" \/>\n<meta property=\"og:type\" content=\"article\" \/>\n<meta property=\"og:title\" content=\"Dos a\u00f1os impulsando The Inclusive Circular Lab con Fundaci\u00f3n Juan XXIII\" \/>\n<meta property=\"og:description\" content=\"Desde hace dos a\u00f1os, nuestro compromiso con la sostenibilidad y la inclusi\u00f3n social se materializa junto a Fundaci\u00f3n Juan XXIII a trav\u00e9s de\u00a0The Inclusive Circular Lab, un programa pionero en Espa\u00f1a que lleva la econom\u00eda circular y la ciencia ciudadana directamente a las aulas.\" \/>\n<meta property=\"og:url\" content=\"https:\/\/www.accuracy.com\/fr\/dos-anos-impulsando-the-inclusive-circular-lab-con-fundacion-juan-xxiii\/\" \/>\n<meta property=\"og:site_name\" content=\"Accuracy\" \/>\n<meta property=\"article:published_time\" content=\"2026-03-25T09:36:22+00:00\" \/>\n<meta property=\"article:modified_time\" content=\"2026-03-26T09:02:10+00:00\" \/>\n<meta property=\"og:image\" content=\"https:\/\/www.accuracy.com\/wp-content\/uploads\/2026\/03\/Collage-de-fotos-horizontal-Mascota-perro-Simple-Gris-2-1024x819.png\" \/>\n\t<meta property=\"og:image:width\" content=\"1024\" \/>\n\t<meta property=\"og:image:height\" content=\"819\" \/>\n\t<meta property=\"og:image:type\" content=\"image\/png\" \/>\n<meta name=\"author\" content=\"Laura Portugal\" \/>\n<meta name=\"twitter:card\" content=\"summary_large_image\" \/>\n<meta name=\"twitter:label1\" content=\"\u00c9crit par\" \/>\n\t<meta name=\"twitter:data1\" content=\"Laura Portugal\" \/>\n\t<meta name=\"twitter:label2\" content=\"Estimation du temps de lecture\" \/>\n\t<meta name=\"twitter:data2\" content=\"2 minutes\" \/>\n<script type=\"application\/ld+json\" class=\"yoast-schema-graph\">{\"@context\":\"https:\\\/\\\/schema.org\",\"@graph\":[{\"@type\":\"Article\",\"@id\":\"https:\\\/\\\/www.accuracy.com\\\/dos-anos-impulsando-the-inclusive-circular-lab-con-fundacion-juan-xxiii\\\/#article\",\"isPartOf\":{\"@id\":\"https:\\\/\\\/www.accuracy.com\\\/dos-anos-impulsando-the-inclusive-circular-lab-con-fundacion-juan-xxiii\\\/\"},\"author\":{\"name\":\"Laura Portugal\",\"@id\":\"https:\\\/\\\/www.accuracy.com\\\/#\\\/schema\\\/person\\\/46baff672ca2165ec1e67656cb0b87ff\"},\"headline\":\"Dos a\u00f1os impulsando The Inclusive Circular Lab con Fundaci\u00f3n Juan XXIII\",\"datePublished\":\"2026-03-25T09:36:22+00:00\",\"dateModified\":\"2026-03-26T09:02:10+00:00\",\"mainEntityOfPage\":{\"@id\":\"https:\\\/\\\/www.accuracy.com\\\/dos-anos-impulsando-the-inclusive-circular-lab-con-fundacion-juan-xxiii\\\/\"},\"wordCount\":301,\"publisher\":{\"@id\":\"https:\\\/\\\/www.accuracy.com\\\/#organization\"},\"image\":{\"@id\":\"https:\\\/\\\/www.accuracy.com\\\/dos-anos-impulsando-the-inclusive-circular-lab-con-fundacion-juan-xxiii\\\/#primaryimage\"},\"thumbnailUrl\":\"https:\\\/\\\/www.accuracy.com\\\/wp-content\\\/uploads\\\/2026\\\/03\\\/Collage-de-fotos-horizontal-Mascota-perro-Simple-Gris-2-768x614.png\",\"articleSection\":[\"News\",\"Spain\"],\"inLanguage\":\"fr-CA\"},{\"@type\":\"WebPage\",\"@id\":\"https:\\\/\\\/www.accuracy.com\\\/dos-anos-impulsando-the-inclusive-circular-lab-con-fundacion-juan-xxiii\\\/\",\"url\":\"https:\\\/\\\/www.accuracy.com\\\/dos-anos-impulsando-the-inclusive-circular-lab-con-fundacion-juan-xxiii\\\/\",\"name\":\"Dos a\u00f1os impulsando The Inclusive Circular Lab con Fundaci\u00f3n Juan XXIII - Accuracy\",\"isPartOf\":{\"@id\":\"https:\\\/\\\/www.accuracy.com\\\/#website\"},\"primaryImageOfPage\":{\"@id\":\"https:\\\/\\\/www.accuracy.com\\\/dos-anos-impulsando-the-inclusive-circular-lab-con-fundacion-juan-xxiii\\\/#primaryimage\"},\"image\":{\"@id\":\"https:\\\/\\\/www.accuracy.com\\\/dos-anos-impulsando-the-inclusive-circular-lab-con-fundacion-juan-xxiii\\\/#primaryimage\"},\"thumbnailUrl\":\"https:\\\/\\\/www.accuracy.com\\\/wp-content\\\/uploads\\\/2026\\\/03\\\/Collage-de-fotos-horizontal-Mascota-perro-Simple-Gris-2-768x614.png\",\"datePublished\":\"2026-03-25T09:36:22+00:00\",\"dateModified\":\"2026-03-26T09:02:10+00:00\",\"description\":\"Desde hace dos a\u00f1os, nuestro compromiso con la sostenibilidad y la inclusi\u00f3n social se materializa junto a Fundaci\u00f3n Juan XXIII a trav\u00e9s de\u00a0The Inclusive Circular Lab, un programa pionero en Espa\u00f1a que lleva la econom\u00eda circular y la ciencia ciudadana directamente a las aulas.\",\"breadcrumb\":{\"@id\":\"https:\\\/\\\/www.accuracy.com\\\/dos-anos-impulsando-the-inclusive-circular-lab-con-fundacion-juan-xxiii\\\/#breadcrumb\"},\"inLanguage\":\"fr-CA\",\"potentialAction\":[{\"@type\":\"ReadAction\",\"target\":[\"https:\\\/\\\/www.accuracy.com\\\/dos-anos-impulsando-the-inclusive-circular-lab-con-fundacion-juan-xxiii\\\/\"]}]},{\"@type\":\"ImageObject\",\"inLanguage\":\"fr-CA\",\"@id\":\"https:\\\/\\\/www.accuracy.com\\\/dos-anos-impulsando-the-inclusive-circular-lab-con-fundacion-juan-xxiii\\\/#primaryimage\",\"url\":\"https:\\\/\\\/www.accuracy.com\\\/wp-content\\\/uploads\\\/2026\\\/03\\\/Collage-de-fotos-horizontal-Mascota-perro-Simple-Gris-2-768x614.png\",\"contentUrl\":\"https:\\\/\\\/www.accuracy.com\\\/wp-content\\\/uploads\\\/2026\\\/03\\\/Collage-de-fotos-horizontal-Mascota-perro-Simple-Gris-2-768x614.png\"},{\"@type\":\"BreadcrumbList\",\"@id\":\"https:\\\/\\\/www.accuracy.com\\\/dos-anos-impulsando-the-inclusive-circular-lab-con-fundacion-juan-xxiii\\\/#breadcrumb\",\"itemListElement\":[{\"@type\":\"ListItem\",\"position\":1,\"name\":\"Accueil\",\"item\":\"https:\\\/\\\/www.accuracy.com\\\/\"},{\"@type\":\"ListItem\",\"position\":2,\"name\":\"Dos a\u00f1os impulsando The Inclusive Circular Lab con Fundaci\u00f3n Juan XXIII\"}]},{\"@type\":\"WebSite\",\"@id\":\"https:\\\/\\\/www.accuracy.com\\\/#website\",\"url\":\"https:\\\/\\\/www.accuracy.com\\\/\",\"name\":\"Accuracy\",\"description\":\"Business Advisers - Financial Consultants\",\"publisher\":{\"@id\":\"https:\\\/\\\/www.accuracy.com\\\/#organization\"},\"potentialAction\":[{\"@type\":\"SearchAction\",\"target\":{\"@type\":\"EntryPoint\",\"urlTemplate\":\"https:\\\/\\\/www.accuracy.com\\\/?s={search_term_string}\"},\"query-input\":{\"@type\":\"PropertyValueSpecification\",\"valueRequired\":true,\"valueName\":\"search_term_string\"}}],\"inLanguage\":\"fr-CA\"},{\"@type\":\"Organization\",\"@id\":\"https:\\\/\\\/www.accuracy.com\\\/#organization\",\"name\":\"Accuracy\",\"url\":\"https:\\\/\\\/www.accuracy.com\\\/\",\"logo\":{\"@type\":\"ImageObject\",\"inLanguage\":\"fr-CA\",\"@id\":\"https:\\\/\\\/www.accuracy.com\\\/#\\\/schema\\\/logo\\\/image\\\/\",\"url\":\"https:\\\/\\\/www.accuracy.com\\\/wp-content\\\/uploads\\\/2023\\\/08\\\/unnamed-3.jpg\",\"contentUrl\":\"https:\\\/\\\/www.accuracy.com\\\/wp-content\\\/uploads\\\/2023\\\/08\\\/unnamed-3.jpg\",\"width\":512,\"height\":512,\"caption\":\"Accuracy\"},\"image\":{\"@id\":\"https:\\\/\\\/www.accuracy.com\\\/#\\\/schema\\\/logo\\\/image\\\/\"},\"sameAs\":[\"https:\\\/\\\/www.linkedin.com\\\/company\\\/accuracy\\\/?originalSubdomain=fr\",\"https:\\\/\\\/www.instagram.com\\\/accuracycareers\\\/\"]},{\"@type\":\"Person\",\"@id\":\"https:\\\/\\\/www.accuracy.com\\\/#\\\/schema\\\/person\\\/46baff672ca2165ec1e67656cb0b87ff\",\"name\":\"Laura Portugal\",\"image\":{\"@type\":\"ImageObject\",\"inLanguage\":\"fr-CA\",\"@id\":\"https:\\\/\\\/secure.gravatar.com\\\/avatar\\\/fc5c641248b7461e51b2400e852c633fd13eb86f4dbc3dca9d178c8505af041d?s=96&d=blank&r=g\",\"url\":\"https:\\\/\\\/secure.gravatar.com\\\/avatar\\\/fc5c641248b7461e51b2400e852c633fd13eb86f4dbc3dca9d178c8505af041d?s=96&d=blank&r=g\",\"contentUrl\":\"https:\\\/\\\/secure.gravatar.com\\\/avatar\\\/fc5c641248b7461e51b2400e852c633fd13eb86f4dbc3dca9d178c8505af041d?s=96&d=blank&r=g\",\"caption\":\"Laura Portugal\"}}]}<\/script>\n<!-- \/ Yoast SEO Premium plugin. -->","yoast_head_json":{"title":"Dos a\u00f1os impulsando The Inclusive Circular Lab con Fundaci\u00f3n Juan XXIII - Accuracy","description":"Desde hace dos a\u00f1os, nuestro compromiso con la sostenibilidad y la inclusi\u00f3n social se materializa junto a Fundaci\u00f3n Juan XXIII a trav\u00e9s de\u00a0The Inclusive Circular Lab, un programa pionero en Espa\u00f1a que lleva la econom\u00eda circular y la ciencia ciudadana directamente a las aulas.","robots":{"index,nofollow":"noindex,nofollow"},"canonical":"https:\/\/www.accuracy.com\/fr\/dos-anos-impulsando-the-inclusive-circular-lab-con-fundacion-juan-xxiii\/","og_locale":"fr_CA","og_type":"article","og_title":"Dos a\u00f1os impulsando The Inclusive Circular Lab con Fundaci\u00f3n Juan XXIII","og_description":"Desde hace dos a\u00f1os, nuestro compromiso con la sostenibilidad y la inclusi\u00f3n social se materializa junto a Fundaci\u00f3n Juan XXIII a trav\u00e9s de\u00a0The Inclusive Circular Lab, un programa pionero en Espa\u00f1a que lleva la econom\u00eda circular y la ciencia ciudadana directamente a las aulas.","og_url":"https:\/\/www.accuracy.com\/fr\/dos-anos-impulsando-the-inclusive-circular-lab-con-fundacion-juan-xxiii\/","og_site_name":"Accuracy","article_published_time":"2026-03-25T09:36:22+00:00","article_modified_time":"2026-03-26T09:02:10+00:00","og_image":[{"width":1024,"height":819,"url":"https:\/\/www.accuracy.com\/wp-content\/uploads\/2026\/03\/Collage-de-fotos-horizontal-Mascota-perro-Simple-Gris-2-1024x819.png","type":"image\/png"}],"author":"Laura Portugal","twitter_card":"summary_large_image","twitter_misc":{"\u00c9crit par":"Laura Portugal","Estimation du temps de lecture":"2 minutes"},"schema":{"@context":"https:\/\/schema.org","@graph":[{"@type":"Article","@id":"https:\/\/www.accuracy.com\/dos-anos-impulsando-the-inclusive-circular-lab-con-fundacion-juan-xxiii\/#article","isPartOf":{"@id":"https:\/\/www.accuracy.com\/dos-anos-impulsando-the-inclusive-circular-lab-con-fundacion-juan-xxiii\/"},"author":{"name":"Laura Portugal","@id":"https:\/\/www.accuracy.com\/#\/schema\/person\/46baff672ca2165ec1e67656cb0b87ff"},"headline":"Dos a\u00f1os impulsando The Inclusive Circular Lab con Fundaci\u00f3n Juan XXIII","datePublished":"2026-03-25T09:36:22+00:00","dateModified":"2026-03-26T09:02:10+00:00","mainEntityOfPage":{"@id":"https:\/\/www.accuracy.com\/dos-anos-impulsando-the-inclusive-circular-lab-con-fundacion-juan-xxiii\/"},"wordCount":301,"publisher":{"@id":"https:\/\/www.accuracy.com\/#organization"},"image":{"@id":"https:\/\/www.accuracy.com\/dos-anos-impulsando-the-inclusive-circular-lab-con-fundacion-juan-xxiii\/#primaryimage"},"thumbnailUrl":"https:\/\/www.accuracy.com\/wp-content\/uploads\/2026\/03\/Collage-de-fotos-horizontal-Mascota-perro-Simple-Gris-2-768x614.png","articleSection":["News","Spain"],"inLanguage":"fr-CA"},{"@type":"WebPage","@id":"https:\/\/www.accuracy.com\/dos-anos-impulsando-the-inclusive-circular-lab-con-fundacion-juan-xxiii\/","url":"https:\/\/www.accuracy.com\/dos-anos-impulsando-the-inclusive-circular-lab-con-fundacion-juan-xxiii\/","name":"Dos a\u00f1os impulsando The Inclusive Circular Lab con Fundaci\u00f3n Juan XXIII - Accuracy","isPartOf":{"@id":"https:\/\/www.accuracy.com\/#website"},"primaryImageOfPage":{"@id":"https:\/\/www.accuracy.com\/dos-anos-impulsando-the-inclusive-circular-lab-con-fundacion-juan-xxiii\/#primaryimage"},"image":{"@id":"https:\/\/www.accuracy.com\/dos-anos-impulsando-the-inclusive-circular-lab-con-fundacion-juan-xxiii\/#primaryimage"},"thumbnailUrl":"https:\/\/www.accuracy.com\/wp-content\/uploads\/2026\/03\/Collage-de-fotos-horizontal-Mascota-perro-Simple-Gris-2-768x614.png","datePublished":"2026-03-25T09:36:22+00:00","dateModified":"2026-03-26T09:02:10+00:00","description":"Desde hace dos a\u00f1os, nuestro compromiso con la sostenibilidad y la inclusi\u00f3n social se materializa junto a Fundaci\u00f3n Juan XXIII a trav\u00e9s de\u00a0The Inclusive Circular Lab, un programa pionero en Espa\u00f1a que lleva la econom\u00eda circular y la ciencia ciudadana directamente a las aulas.","breadcrumb":{"@id":"https:\/\/www.accuracy.com\/dos-anos-impulsando-the-inclusive-circular-lab-con-fundacion-juan-xxiii\/#breadcrumb"},"inLanguage":"fr-CA","potentialAction":[{"@type":"ReadAction","target":["https:\/\/www.accuracy.com\/dos-anos-impulsando-the-inclusive-circular-lab-con-fundacion-juan-xxiii\/"]}]},{"@type":"ImageObject","inLanguage":"fr-CA","@id":"https:\/\/www.accuracy.com\/dos-anos-impulsando-the-inclusive-circular-lab-con-fundacion-juan-xxiii\/#primaryimage","url":"https:\/\/www.accuracy.com\/wp-content\/uploads\/2026\/03\/Collage-de-fotos-horizontal-Mascota-perro-Simple-Gris-2-768x614.png","contentUrl":"https:\/\/www.accuracy.com\/wp-content\/uploads\/2026\/03\/Collage-de-fotos-horizontal-Mascota-perro-Simple-Gris-2-768x614.png"},{"@type":"BreadcrumbList","@id":"https:\/\/www.accuracy.com\/dos-anos-impulsando-the-inclusive-circular-lab-con-fundacion-juan-xxiii\/#breadcrumb","itemListElement":[{"@type":"ListItem","position":1,"name":"Accueil","item":"https:\/\/www.accuracy.com\/"},{"@type":"ListItem","position":2,"name":"Dos a\u00f1os impulsando The Inclusive Circular Lab con Fundaci\u00f3n Juan XXIII"}]},{"@type":"WebSite","@id":"https:\/\/www.accuracy.com\/#website","url":"https:\/\/www.accuracy.com\/","name":"Pr\u00e9cision","description":"Conseillers d'entreprise - Consultants financiers","publisher":{"@id":"https:\/\/www.accuracy.com\/#organization"},"potentialAction":[{"@type":"SearchAction","target":{"@type":"EntryPoint","urlTemplate":"https:\/\/www.accuracy.com\/?s={search_term_string}"},"query-input":{"@type":"PropertyValueSpecification","valueRequired":true,"valueName":"search_term_string"}}],"inLanguage":"fr-CA"},{"@type":"Organization","@id":"https:\/\/www.accuracy.com\/#organization","name":"Pr\u00e9cision","url":"https:\/\/www.accuracy.com\/","logo":{"@type":"ImageObject","inLanguage":"fr-CA","@id":"https:\/\/www.accuracy.com\/#\/schema\/logo\/image\/","url":"https:\/\/www.accuracy.com\/wp-content\/uploads\/2023\/08\/unnamed-3.jpg","contentUrl":"https:\/\/www.accuracy.com\/wp-content\/uploads\/2023\/08\/unnamed-3.jpg","width":512,"height":512,"caption":"Accuracy"},"image":{"@id":"https:\/\/www.accuracy.com\/#\/schema\/logo\/image\/"},"sameAs":["https:\/\/www.linkedin.com\/company\/accuracy\/?originalSubdomain=fr","https:\/\/www.instagram.com\/accuracycareers\/"]},{"@type":"Person","@id":"https:\/\/www.accuracy.com\/#\/schema\/person\/46baff672ca2165ec1e67656cb0b87ff","name":"Laura Portugal","image":{"@type":"ImageObject","inLanguage":"fr-CA","@id":"https:\/\/secure.gravatar.com\/avatar\/fc5c641248b7461e51b2400e852c633fd13eb86f4dbc3dca9d178c8505af041d?s=96&d=blank&r=g","url":"https:\/\/secure.gravatar.com\/avatar\/fc5c641248b7461e51b2400e852c633fd13eb86f4dbc3dca9d178c8505af041d?s=96&d=blank&r=g","contentUrl":"https:\/\/secure.gravatar.com\/avatar\/fc5c641248b7461e51b2400e852c633fd13eb86f4dbc3dca9d178c8505af041d?s=96&d=blank&r=g","caption":"Laura Portugal"}}]}},"_links":{"self":[{"href":"https:\/\/www.accuracy.com\/fr\/wp-json\/wp\/v2\/posts\/60578","targetHints":{"allow":["GET"]}}],"collection":[{"href":"https:\/\/www.accuracy.com\/fr\/wp-json\/wp\/v2\/posts"}],"about":[{"href":"https:\/\/www.accuracy.com\/fr\/wp-json\/wp\/v2\/types\/post"}],"author":[{"embeddable":true,"href":"https:\/\/www.accuracy.com\/fr\/wp-json\/wp\/v2\/users\/10"}],"replies":[{"embeddable":true,"href":"https:\/\/www.accuracy.com\/fr\/wp-json\/wp\/v2\/comments?post=60578"}],"version-history":[{"count":19,"href":"https:\/\/www.accuracy.com\/fr\/wp-json\/wp\/v2\/posts\/60578\/revisions"}],"predecessor-version":[{"id":60719,"href":"https:\/\/www.accuracy.com\/fr\/wp-json\/wp\/v2\/posts\/60578\/revisions\/60719"}],"wp:attachment":[{"href":"https:\/\/www.accuracy.com\/fr\/wp-json\/wp\/v2\/media?parent=60578"}],"wp:term":[{"taxonomy":"category","embeddable":true,"href":"https:\/\/www.accuracy.com\/fr\/wp-json\/wp\/v2\/categories?post=60578"},{"taxonomy":"post_tag","embeddable":true,"href":"https:\/\/www.accuracy.com\/fr\/wp-json\/wp\/v2\/tags?post=60578"}],"curies":[{"name":"wp","href":"https:\/\/api.w.org\/{rel}","templated":true}]}}