{"id":59139,"date":"2026-01-08T15:05:02","date_gmt":"2026-01-08T14:05:02","guid":{"rendered":"https:\/\/www.accuracy.com\/?p=59139"},"modified":"2026-01-08T15:05:02","modified_gmt":"2026-01-08T14:05:02","slug":"dans-les-restructurations-dentreprises-le-temps-est-determinant","status":"publish","type":"post","link":"https:\/\/www.accuracy.com\/fr\/en-las-reestructuraciones-empresariales-el-tiempo-es-determinante\/","title":{"rendered":"\u201cDans les restructurations d'entreprises, le temps est d\u00e9terminant\u201d"},"content":{"rendered":"<p>Nous vous pr\u00e9sentons un r\u00e9cent entretien avec notre associ\u00e9 g\u00e9rant, <strong>Eduard Saura,<\/strong> dans La Raz\u00f3n. En ella, se analiza el impacto pr\u00e1ctico de la <strong>R\u00e9forme de la loi sur la concurrence de 2022<\/strong> y, en particular, el papel de las reestructuraciones como mecanismo para anticiparse a situaciones de insolvencia.<\/p>\n<p><em>\u201cAnticiper, comprendre les outils de la loi et \u00e9laborer des \u00e9valuations et des plans de viabilit\u00e9 sens\u00e9s sont les cl\u00e9s pour faciliter les accords entre le bailleur et les propri\u00e9taires.<\/em><\/p>\n<p>Nous vous invitons \u00e0 lire sa vision \u00e0 la suite :<\/p>\n<p>&nbsp;<\/p>\n<p>&nbsp;<\/p>\n<p><img fetchpriority=\"high\" decoding=\"async\" class=\"wp-image-59145 aligncenter\" src=\"https:\/\/www.accuracy.com\/wp-content\/uploads\/2026\/01\/Entrevista-Reestructuring-La-Razon-280x300.png\" alt=\"Eduard Saura\" width=\"679\" height=\"728\" srcset=\"https:\/\/www.accuracy.com\/wp-content\/uploads\/2026\/01\/Entrevista-Reestructuring-La-Razon-280x300.png 280w, https:\/\/www.accuracy.com\/wp-content\/uploads\/2026\/01\/Entrevista-Reestructuring-La-Razon-768x824.png 768w, https:\/\/www.accuracy.com\/wp-content\/uploads\/2026\/01\/Entrevista-Reestructuring-La-Razon-11x12.png 11w, https:\/\/www.accuracy.com\/wp-content\/uploads\/2026\/01\/Entrevista-Reestructuring-La-Razon.png 921w\" sizes=\"(max-width: 679px) 100vw, 679px\" \/><\/p>\n<p>&nbsp;<\/p>","protected":false},"excerpt":{"rendered":"<p>Compartimos una reciente entrevista a nuestro managing partner, Eduard Saura, en La Raz\u00f3n. En ella, se analiza el impacto pr\u00e1ctico de la reforma de la Ley Concursal de 2022 y, en particular, el papel de las reestructuraciones como mecanismo para anticiparse a situaciones de insolvencia. &#8220;Anticiparse, comprender las herramientas de la Ley y elaborar valoraciones [&hellip;]<\/p>\n","protected":false},"author":10,"featured_media":0,"comment_status":"closed","ping_status":"closed","sticky":false,"template":"","format":"standard","meta":{"_acf_changed":false,"footnotes":""},"categories":[319,17],"tags":[],"class_list":["post-59139","post","type-post","status-publish","format-standard","hentry","category-es-press","category-spain"],"acf":[],"yoast_head":"<!-- This site is optimized with the Yoast SEO Premium plugin v27.5 (Yoast SEO v27.5) - https:\/\/yoast.com\/product\/yoast-seo-premium-wordpress\/ -->\n<title>&quot;En las reestructuraciones empresariales el tiempo es determinante&quot; - Accuracy<\/title>\n<meta name=\"description\" content=\"Compartimos una reciente entrevista a nuestro managing partner, Eduard Saura, en La Raz\u00f3n. En ella, se analiza el impacto pr\u00e1ctico de la reforma de la Ley Concursal de 2022 y, en particular, el papel de las reestructuraciones como mecanismo para anticiparse a situaciones de insolvencia. Anticiparse, comprender las herramientas de la Ley y elaborar valoraciones y planes de viabilidad sensatos son las claves para facilitar acuerdos entre deudor y acreedores\" \/>\n<meta name=\"robots\" content=\"index, follow, max-snippet:-1, max-image-preview:large, max-video-preview:-1\" \/>\n<link rel=\"canonical\" href=\"https:\/\/www.accuracy.com\/fr\/dans-les-restructurations-dentreprises-le-temps-est-determinant\/\" \/>\n<meta property=\"og:locale\" content=\"fr_CA\" \/>\n<meta property=\"og:type\" content=\"article\" \/>\n<meta property=\"og:title\" content=\"&quot;En las reestructuraciones empresariales el tiempo es determinante&quot;\" \/>\n<meta property=\"og:description\" content=\"Compartimos una reciente entrevista a nuestro managing partner, Eduard Saura, en La Raz\u00f3n. En ella, se analiza el impacto pr\u00e1ctico de la reforma de la Ley Concursal de 2022 y, en particular, el papel de las reestructuraciones como mecanismo para anticiparse a situaciones de insolvencia. Anticiparse, comprender las herramientas de la Ley y elaborar valoraciones y planes de viabilidad sensatos son las claves para facilitar acuerdos entre deudor y acreedores\" \/>\n<meta property=\"og:url\" content=\"https:\/\/www.accuracy.com\/fr\/dans-les-restructurations-dentreprises-le-temps-est-determinant\/\" \/>\n<meta property=\"og:site_name\" content=\"Accuracy\" \/>\n<meta property=\"article:published_time\" content=\"2026-01-08T14:05:02+00:00\" \/>\n<meta property=\"og:image\" content=\"https:\/\/www.accuracy.com\/wp-content\/uploads\/2026\/01\/Entrevista-Reestructuring-La-Razon-280x300.png\" \/>\n<meta name=\"author\" content=\"Laura Portugal\" \/>\n<meta name=\"twitter:card\" content=\"summary_large_image\" \/>\n<meta name=\"twitter:label1\" content=\"\u00c9crit par\" \/>\n\t<meta name=\"twitter:data1\" content=\"Laura Portugal\" \/>\n\t<meta name=\"twitter:label2\" content=\"Estimation du temps de lecture\" \/>\n\t<meta name=\"twitter:data2\" content=\"1 minute\" \/>\n<script type=\"application\/ld+json\" class=\"yoast-schema-graph\">{\"@context\":\"https:\\\/\\\/schema.org\",\"@graph\":[{\"@type\":\"Article\",\"@id\":\"https:\\\/\\\/www.accuracy.com\\\/en_gb\\\/en-las-reestructuraciones-empresariales-el-tiempo-es-determinante\\\/#article\",\"isPartOf\":{\"@id\":\"https:\\\/\\\/www.accuracy.com\\\/en_gb\\\/en-las-reestructuraciones-empresariales-el-tiempo-es-determinante\\\/\"},\"author\":{\"name\":\"Laura Portugal\",\"@id\":\"https:\\\/\\\/www.accuracy.com\\\/#\\\/schema\\\/person\\\/46baff672ca2165ec1e67656cb0b87ff\"},\"headline\":\"&#8220;En las reestructuraciones empresariales el tiempo es determinante&#8221;\",\"datePublished\":\"2026-01-08T14:05:02+00:00\",\"mainEntityOfPage\":{\"@id\":\"https:\\\/\\\/www.accuracy.com\\\/en_gb\\\/en-las-reestructuraciones-empresariales-el-tiempo-es-determinante\\\/\"},\"wordCount\":92,\"publisher\":{\"@id\":\"https:\\\/\\\/www.accuracy.com\\\/#organization\"},\"image\":{\"@id\":\"https:\\\/\\\/www.accuracy.com\\\/en_gb\\\/en-las-reestructuraciones-empresariales-el-tiempo-es-determinante\\\/#primaryimage\"},\"thumbnailUrl\":\"https:\\\/\\\/www.accuracy.com\\\/wp-content\\\/uploads\\\/2026\\\/01\\\/Entrevista-Reestructuring-La-Razon-280x300.png\",\"articleSection\":[\"ES (Press)\",\"Spain\"],\"inLanguage\":\"fr-CA\"},{\"@type\":\"WebPage\",\"@id\":\"https:\\\/\\\/www.accuracy.com\\\/en_gb\\\/en-las-reestructuraciones-empresariales-el-tiempo-es-determinante\\\/\",\"url\":\"https:\\\/\\\/www.accuracy.com\\\/en_gb\\\/en-las-reestructuraciones-empresariales-el-tiempo-es-determinante\\\/\",\"name\":\"\\\"En las reestructuraciones empresariales el tiempo es determinante\\\" - Accuracy\",\"isPartOf\":{\"@id\":\"https:\\\/\\\/www.accuracy.com\\\/#website\"},\"primaryImageOfPage\":{\"@id\":\"https:\\\/\\\/www.accuracy.com\\\/en_gb\\\/en-las-reestructuraciones-empresariales-el-tiempo-es-determinante\\\/#primaryimage\"},\"image\":{\"@id\":\"https:\\\/\\\/www.accuracy.com\\\/en_gb\\\/en-las-reestructuraciones-empresariales-el-tiempo-es-determinante\\\/#primaryimage\"},\"thumbnailUrl\":\"https:\\\/\\\/www.accuracy.com\\\/wp-content\\\/uploads\\\/2026\\\/01\\\/Entrevista-Reestructuring-La-Razon-280x300.png\",\"datePublished\":\"2026-01-08T14:05:02+00:00\",\"description\":\"Compartimos una reciente entrevista a nuestro managing partner, Eduard Saura, en La Raz\u00f3n. En ella, se analiza el impacto pr\u00e1ctico de la reforma de la Ley Concursal de 2022 y, en particular, el papel de las reestructuraciones como mecanismo para anticiparse a situaciones de insolvencia. Anticiparse, comprender las herramientas de la Ley y elaborar valoraciones y planes de viabilidad sensatos son las claves para facilitar acuerdos entre deudor y acreedores\",\"breadcrumb\":{\"@id\":\"https:\\\/\\\/www.accuracy.com\\\/en_gb\\\/en-las-reestructuraciones-empresariales-el-tiempo-es-determinante\\\/#breadcrumb\"},\"inLanguage\":\"fr-CA\",\"potentialAction\":[{\"@type\":\"ReadAction\",\"target\":[\"https:\\\/\\\/www.accuracy.com\\\/en_gb\\\/en-las-reestructuraciones-empresariales-el-tiempo-es-determinante\\\/\"]}]},{\"@type\":\"ImageObject\",\"inLanguage\":\"fr-CA\",\"@id\":\"https:\\\/\\\/www.accuracy.com\\\/en_gb\\\/en-las-reestructuraciones-empresariales-el-tiempo-es-determinante\\\/#primaryimage\",\"url\":\"https:\\\/\\\/www.accuracy.com\\\/wp-content\\\/uploads\\\/2026\\\/01\\\/Entrevista-Reestructuring-La-Razon-280x300.png\",\"contentUrl\":\"https:\\\/\\\/www.accuracy.com\\\/wp-content\\\/uploads\\\/2026\\\/01\\\/Entrevista-Reestructuring-La-Razon-280x300.png\"},{\"@type\":\"BreadcrumbList\",\"@id\":\"https:\\\/\\\/www.accuracy.com\\\/en_gb\\\/en-las-reestructuraciones-empresariales-el-tiempo-es-determinante\\\/#breadcrumb\",\"itemListElement\":[{\"@type\":\"ListItem\",\"position\":1,\"name\":\"Accueil\",\"item\":\"https:\\\/\\\/www.accuracy.com\\\/\"},{\"@type\":\"ListItem\",\"position\":2,\"name\":\"&#8220;En las reestructuraciones empresariales el tiempo es determinante&#8221;\"}]},{\"@type\":\"WebSite\",\"@id\":\"https:\\\/\\\/www.accuracy.com\\\/#website\",\"url\":\"https:\\\/\\\/www.accuracy.com\\\/\",\"name\":\"Accuracy\",\"description\":\"Business Advisers - Financial Consultants\",\"publisher\":{\"@id\":\"https:\\\/\\\/www.accuracy.com\\\/#organization\"},\"potentialAction\":[{\"@type\":\"SearchAction\",\"target\":{\"@type\":\"EntryPoint\",\"urlTemplate\":\"https:\\\/\\\/www.accuracy.com\\\/?s={search_term_string}\"},\"query-input\":{\"@type\":\"PropertyValueSpecification\",\"valueRequired\":true,\"valueName\":\"search_term_string\"}}],\"inLanguage\":\"fr-CA\"},{\"@type\":\"Organization\",\"@id\":\"https:\\\/\\\/www.accuracy.com\\\/#organization\",\"name\":\"Accuracy\",\"url\":\"https:\\\/\\\/www.accuracy.com\\\/\",\"logo\":{\"@type\":\"ImageObject\",\"inLanguage\":\"fr-CA\",\"@id\":\"https:\\\/\\\/www.accuracy.com\\\/#\\\/schema\\\/logo\\\/image\\\/\",\"url\":\"https:\\\/\\\/www.accuracy.com\\\/wp-content\\\/uploads\\\/2023\\\/08\\\/unnamed-3.jpg\",\"contentUrl\":\"https:\\\/\\\/www.accuracy.com\\\/wp-content\\\/uploads\\\/2023\\\/08\\\/unnamed-3.jpg\",\"width\":512,\"height\":512,\"caption\":\"Accuracy\"},\"image\":{\"@id\":\"https:\\\/\\\/www.accuracy.com\\\/#\\\/schema\\\/logo\\\/image\\\/\"},\"sameAs\":[\"https:\\\/\\\/www.linkedin.com\\\/company\\\/accuracy\\\/?originalSubdomain=fr\",\"https:\\\/\\\/www.instagram.com\\\/accuracycareers\\\/\"]},{\"@type\":\"Person\",\"@id\":\"https:\\\/\\\/www.accuracy.com\\\/#\\\/schema\\\/person\\\/46baff672ca2165ec1e67656cb0b87ff\",\"name\":\"Laura Portugal\",\"image\":{\"@type\":\"ImageObject\",\"inLanguage\":\"fr-CA\",\"@id\":\"https:\\\/\\\/secure.gravatar.com\\\/avatar\\\/fc5c641248b7461e51b2400e852c633fd13eb86f4dbc3dca9d178c8505af041d?s=96&d=blank&r=g\",\"url\":\"https:\\\/\\\/secure.gravatar.com\\\/avatar\\\/fc5c641248b7461e51b2400e852c633fd13eb86f4dbc3dca9d178c8505af041d?s=96&d=blank&r=g\",\"contentUrl\":\"https:\\\/\\\/secure.gravatar.com\\\/avatar\\\/fc5c641248b7461e51b2400e852c633fd13eb86f4dbc3dca9d178c8505af041d?s=96&d=blank&r=g\",\"caption\":\"Laura Portugal\"}}]}<\/script>\n<!-- \/ Yoast SEO Premium plugin. -->","yoast_head_json":{"title":"\"Dans les restructurations d'entreprises, le temps est d\u00e9terminant\" - Accuracy","description":"Compartimos una reciente entrevista a nuestro managing partner, Eduard Saura, en La Raz\u00f3n. Il y analyse l'impact pratique de la r\u00e9forme de la loi sur la concurrence de 2022 et, en particulier, le r\u00f4le des restructurations en tant que m\u00e9canisme permettant d'anticiper les situations d'insolvabilit\u00e9. Anticiper, comprendre les outils de la loi et \u00e9laborer des \u00e9valuations et des plans de viabilit\u00e9 sens\u00e9s sont les cl\u00e9s pour faciliter les accords entre le bailleur et les propri\u00e9taires.","robots":{"index":"index","follow":"follow","max-snippet":"max-snippet:-1","max-image-preview":"max-image-preview:large","max-video-preview":"max-video-preview:-1"},"canonical":"https:\/\/www.accuracy.com\/fr\/dans-les-restructurations-dentreprises-le-temps-est-determinant\/","og_locale":"fr_CA","og_type":"article","og_title":"\"En las reestructuraciones empresariales el tiempo es determinante\"","og_description":"Compartimos una reciente entrevista a nuestro managing partner, Eduard Saura, en La Raz\u00f3n. En ella, se analiza el impacto pr\u00e1ctico de la reforma de la Ley Concursal de 2022 y, en particular, el papel de las reestructuraciones como mecanismo para anticiparse a situaciones de insolvencia. Anticiparse, comprender las herramientas de la Ley y elaborar valoraciones y planes de viabilidad sensatos son las claves para facilitar acuerdos entre deudor y acreedores","og_url":"https:\/\/www.accuracy.com\/fr\/dans-les-restructurations-dentreprises-le-temps-est-determinant\/","og_site_name":"Accuracy","article_published_time":"2026-01-08T14:05:02+00:00","og_image":[{"url":"https:\/\/www.accuracy.com\/wp-content\/uploads\/2026\/01\/Entrevista-Reestructuring-La-Razon-280x300.png","type":"","width":"","height":""}],"author":"Laura Portugal","twitter_card":"summary_large_image","twitter_misc":{"\u00c9crit par":"Laura Portugal","Estimation du temps de lecture":"1 minute"},"schema":{"@context":"https:\/\/schema.org","@graph":[{"@type":"Article","@id":"https:\/\/www.accuracy.com\/en_gb\/en-las-reestructuraciones-empresariales-el-tiempo-es-determinante\/#article","isPartOf":{"@id":"https:\/\/www.accuracy.com\/en_gb\/en-las-reestructuraciones-empresariales-el-tiempo-es-determinante\/"},"author":{"name":"Laura Portugal","@id":"https:\/\/www.accuracy.com\/#\/schema\/person\/46baff672ca2165ec1e67656cb0b87ff"},"headline":"&#8220;En las reestructuraciones empresariales el tiempo es determinante&#8221;","datePublished":"2026-01-08T14:05:02+00:00","mainEntityOfPage":{"@id":"https:\/\/www.accuracy.com\/en_gb\/en-las-reestructuraciones-empresariales-el-tiempo-es-determinante\/"},"wordCount":92,"publisher":{"@id":"https:\/\/www.accuracy.com\/#organization"},"image":{"@id":"https:\/\/www.accuracy.com\/en_gb\/en-las-reestructuraciones-empresariales-el-tiempo-es-determinante\/#primaryimage"},"thumbnailUrl":"https:\/\/www.accuracy.com\/wp-content\/uploads\/2026\/01\/Entrevista-Reestructuring-La-Razon-280x300.png","articleSection":["ES (Press)","Spain"],"inLanguage":"fr-CA"},{"@type":"WebPage","@id":"https:\/\/www.accuracy.com\/en_gb\/en-las-reestructuraciones-empresariales-el-tiempo-es-determinante\/","url":"https:\/\/www.accuracy.com\/en_gb\/en-las-reestructuraciones-empresariales-el-tiempo-es-determinante\/","name":"\"Dans les restructurations d'entreprises, le temps est d\u00e9terminant\" - Accuracy","isPartOf":{"@id":"https:\/\/www.accuracy.com\/#website"},"primaryImageOfPage":{"@id":"https:\/\/www.accuracy.com\/en_gb\/en-las-reestructuraciones-empresariales-el-tiempo-es-determinante\/#primaryimage"},"image":{"@id":"https:\/\/www.accuracy.com\/en_gb\/en-las-reestructuraciones-empresariales-el-tiempo-es-determinante\/#primaryimage"},"thumbnailUrl":"https:\/\/www.accuracy.com\/wp-content\/uploads\/2026\/01\/Entrevista-Reestructuring-La-Razon-280x300.png","datePublished":"2026-01-08T14:05:02+00:00","description":"Compartimos una reciente entrevista a nuestro managing partner, Eduard Saura, en La Raz\u00f3n. Il y analyse l'impact pratique de la r\u00e9forme de la loi sur la concurrence de 2022 et, en particulier, le r\u00f4le des restructurations en tant que m\u00e9canisme permettant d'anticiper les situations d'insolvabilit\u00e9. Anticiper, comprendre les outils de la loi et \u00e9laborer des \u00e9valuations et des plans de viabilit\u00e9 sens\u00e9s sont les cl\u00e9s pour faciliter les accords entre le bailleur et les propri\u00e9taires.","breadcrumb":{"@id":"https:\/\/www.accuracy.com\/en_gb\/en-las-reestructuraciones-empresariales-el-tiempo-es-determinante\/#breadcrumb"},"inLanguage":"fr-CA","potentialAction":[{"@type":"ReadAction","target":["https:\/\/www.accuracy.com\/en_gb\/en-las-reestructuraciones-empresariales-el-tiempo-es-determinante\/"]}]},{"@type":"ImageObject","inLanguage":"fr-CA","@id":"https:\/\/www.accuracy.com\/en_gb\/en-las-reestructuraciones-empresariales-el-tiempo-es-determinante\/#primaryimage","url":"https:\/\/www.accuracy.com\/wp-content\/uploads\/2026\/01\/Entrevista-Reestructuring-La-Razon-280x300.png","contentUrl":"https:\/\/www.accuracy.com\/wp-content\/uploads\/2026\/01\/Entrevista-Reestructuring-La-Razon-280x300.png"},{"@type":"BreadcrumbList","@id":"https:\/\/www.accuracy.com\/en_gb\/en-las-reestructuraciones-empresariales-el-tiempo-es-determinante\/#breadcrumb","itemListElement":[{"@type":"ListItem","position":1,"name":"Accueil","item":"https:\/\/www.accuracy.com\/"},{"@type":"ListItem","position":2,"name":"&#8220;En las reestructuraciones empresariales el tiempo es determinante&#8221;"}]},{"@type":"WebSite","@id":"https:\/\/www.accuracy.com\/#website","url":"https:\/\/www.accuracy.com\/","name":"Pr\u00e9cision","description":"Conseillers d'entreprise - Consultants financiers","publisher":{"@id":"https:\/\/www.accuracy.com\/#organization"},"potentialAction":[{"@type":"SearchAction","target":{"@type":"EntryPoint","urlTemplate":"https:\/\/www.accuracy.com\/?s={search_term_string}"},"query-input":{"@type":"PropertyValueSpecification","valueRequired":true,"valueName":"search_term_string"}}],"inLanguage":"fr-CA"},{"@type":"Organization","@id":"https:\/\/www.accuracy.com\/#organization","name":"Pr\u00e9cision","url":"https:\/\/www.accuracy.com\/","logo":{"@type":"ImageObject","inLanguage":"fr-CA","@id":"https:\/\/www.accuracy.com\/#\/schema\/logo\/image\/","url":"https:\/\/www.accuracy.com\/wp-content\/uploads\/2023\/08\/unnamed-3.jpg","contentUrl":"https:\/\/www.accuracy.com\/wp-content\/uploads\/2023\/08\/unnamed-3.jpg","width":512,"height":512,"caption":"Accuracy"},"image":{"@id":"https:\/\/www.accuracy.com\/#\/schema\/logo\/image\/"},"sameAs":["https:\/\/www.linkedin.com\/company\/accuracy\/?originalSubdomain=fr","https:\/\/www.instagram.com\/accuracycareers\/"]},{"@type":"Person","@id":"https:\/\/www.accuracy.com\/#\/schema\/person\/46baff672ca2165ec1e67656cb0b87ff","name":"Laura Portugal","image":{"@type":"ImageObject","inLanguage":"fr-CA","@id":"https:\/\/secure.gravatar.com\/avatar\/fc5c641248b7461e51b2400e852c633fd13eb86f4dbc3dca9d178c8505af041d?s=96&d=blank&r=g","url":"https:\/\/secure.gravatar.com\/avatar\/fc5c641248b7461e51b2400e852c633fd13eb86f4dbc3dca9d178c8505af041d?s=96&d=blank&r=g","contentUrl":"https:\/\/secure.gravatar.com\/avatar\/fc5c641248b7461e51b2400e852c633fd13eb86f4dbc3dca9d178c8505af041d?s=96&d=blank&r=g","caption":"Laura Portugal"}}]}},"_links":{"self":[{"href":"https:\/\/www.accuracy.com\/fr\/wp-json\/wp\/v2\/posts\/59139","targetHints":{"allow":["GET"]}}],"collection":[{"href":"https:\/\/www.accuracy.com\/fr\/wp-json\/wp\/v2\/posts"}],"about":[{"href":"https:\/\/www.accuracy.com\/fr\/wp-json\/wp\/v2\/types\/post"}],"author":[{"embeddable":true,"href":"https:\/\/www.accuracy.com\/fr\/wp-json\/wp\/v2\/users\/10"}],"replies":[{"embeddable":true,"href":"https:\/\/www.accuracy.com\/fr\/wp-json\/wp\/v2\/comments?post=59139"}],"version-history":[{"count":3,"href":"https:\/\/www.accuracy.com\/fr\/wp-json\/wp\/v2\/posts\/59139\/revisions"}],"predecessor-version":[{"id":59148,"href":"https:\/\/www.accuracy.com\/fr\/wp-json\/wp\/v2\/posts\/59139\/revisions\/59148"}],"wp:attachment":[{"href":"https:\/\/www.accuracy.com\/fr\/wp-json\/wp\/v2\/media?parent=59139"}],"wp:term":[{"taxonomy":"category","embeddable":true,"href":"https:\/\/www.accuracy.com\/fr\/wp-json\/wp\/v2\/categories?post=59139"},{"taxonomy":"post_tag","embeddable":true,"href":"https:\/\/www.accuracy.com\/fr\/wp-json\/wp\/v2\/tags?post=59139"}],"curies":[{"name":"wp","href":"https:\/\/api.w.org\/{rel}","templated":true}]}}