{"id":57473,"date":"2025-10-17T18:33:31","date_gmt":"2025-10-17T16:33:31","guid":{"rendered":"https:\/\/www.accuracy.com\/?p=57473"},"modified":"2025-10-20T15:59:23","modified_gmt":"2025-10-20T13:59:23","slug":"igi-private-equity-ed-equiter-rilevano-faccin-da-consilium-sgr","status":"publish","type":"post","link":"https:\/\/www.accuracy.com\/fr\/igi-private-equity-ed-equiter-rilevano-faccin-da-consilium-sgr\/","title":{"rendered":"Le fonds de capital-investissement Igi a rachet\u00e9 la soci\u00e9t\u00e9 br\u00e9silienne Faccin. Projets en Chine et aux Etats-Unis"},"content":{"rendered":"<p>MILANO<\/p>\n<p><strong>IGI Private Equity<\/strong>avec le soutien de\u00a0<strong>Equiter<\/strong>\u00a0en qualit\u00e9 de co-investisseur, reprend le contr\u00f4le de l'entreprise.\u00a0<strong>Faccin<\/strong>Soci\u00e9t\u00e9 de Visano (BS) fond\u00e9e en 1960 et sp\u00e9cialis\u00e9e dans la conception et la production de machines sp\u00e9ciales pour la d\u00e9formation des m\u00e9taux, fonds de capital-investissement.\u00a0<strong>Consilium sgr<\/strong>\u00a0e dalla\u00a0<strong>famiglia Faccin<\/strong>.<\/p>\n<p>Dans le cadre de l'op\u00e9ration, Andrea Ceretti a investi dans l'entreprise et continuera \u00e0 diriger Faccin en qualit\u00e9 d'administrateur d\u00e9l\u00e9gu\u00e9, en collaboration avec l'\u00e9quipe de direction actuelle.<\/p>\n<p>L'op\u00e9ration a \u00e9t\u00e9 financ\u00e9e par un pool de banques compos\u00e9 de la Deutsche Bank, de BPER Banca et de la Banca IFIS en qualit\u00e9 d'arrangeurs principaux mandat\u00e9s.<\/p>\n<p>Dans le cadre de ses activit\u00e9s, IGI Private Equity a b\u00e9n\u00e9fici\u00e9 de l'aide de<strong> Pr\u00e9cision\u00a0<\/strong>pour le contr\u00f4le pr\u00e9alable des affaires et des finances.<\/p>\n<p><strong>L'entreprise vise \u00e0 atteindre les 100 millions d'euros de revenus en 5 ans, en augmentant ses lignes de production et en proc\u00e9dant \u00e0 des acquisitions. L'accent est mis sur l'\u00e9nergie \u00e9olienne et l'\u00e9nergie nucl\u00e9aire.<\/strong><\/p>\n<p>Une vision strat\u00e9gique qui, apr\u00e8s le redressement et la restructuration de l'entreprise, vise \u00e0 acc\u00e9l\u00e9rer la croissance en investissant dans les march\u00e9s du bois les plus int\u00e9ressants et les plus dynamiques du point de vue industriel - l'\u00e9nergie et l'hydrog\u00e8ne - et g\u00e9ographique - la Chine et les \u00c9tats-unis.<\/p>\n<p><u>Le piano de d\u00e9veloppement<\/u><\/p>\n<p>C'est dans le cadre de cette vision que s'inscrit l'op\u00e9ration avec laquelle IGI Private Equity a acquis, aupr\u00e8s de Consilium Sgr et des membres de la famille fondatrice, le contr\u00f4le de Faccin, une entreprise de Visano (Brescia) fond\u00e9e en 1960 et sp\u00e9cialis\u00e9e dans la production de macchines pour la d\u00e9formation des m\u00e9taux. Andrea Ceretti, depuis 2018 administrateur d\u00e9l\u00e9gu\u00e9 de la soci\u00e9t\u00e9 br\u00e9silienne qu'il a lui-m\u00eame contribu\u00e9 \u00e0 relancer, a investi dans l'entreprise et sera guid\u00e9 par Faccin, en plus de sa direction actuelle. L'objectif de la nouvelle direction est de d\u00e9passer en trois ans les 100 millions d'euros de b\u00e9n\u00e9fices (contre 60 millions actuellement), gr\u00e2ce \u00e0 des investissements visant \u00e0 consolider la pr\u00e9sence internationale du groupe (qui repr\u00e9sente actuellement le 85-90% de la production) sur des march\u00e9s \u00e0 fort potentiel de croissance, en particulier en d\u00e9veloppant les services apr\u00e8s-vente et une offre de produits toujours plus automatis\u00e9s, int\u00e9gr\u00e9s et \u00e0 fort contenu technologique.<\/p>\n<p><u>Croissance des acquisitions<\/u><\/p>\n<p>\"La croissance se poursuivra \u00e9galement pour les lignes ext\u00e9rieures, explique Angelo Mastrandrea, associ\u00e9 principal d'IGI et futur pr\u00e9sident de Faccin. Gr\u00e2ce au processus de croissance mis en place par Ceretti et \u00e0 sa gestion rigoureuse, l'entreprise est aujourd'hui reconnue comme l'un des trois principaux leaders du march\u00e9 dans ce secteur, avec des solutions \u00e0 haute valeur ajout\u00e9e et capable de d\u00e9velopper des applications personnalis\u00e9es, et dispose d'une importante solidit\u00e9 \u00e9conomico-financi\u00e8re, avec des revenus en croissance de 10% en 2024 et un Ebitda sup\u00e9rieur \u00e0 11 millions d'euros. Cela rend l'entreprise attrayante pour de nombreux petits op\u00e9rateurs sur le march\u00e9 qui pourraient \u00eatre int\u00e9ress\u00e9s par l'acc\u00e9l\u00e9ration de leur propre d\u00e9veloppement\".<\/p>\n<p><u>Nouveaux march\u00e9s d'exportation<\/u><\/p>\n<p>En ce qui concerne les march\u00e9s du sbocco, l'une des r\u00e9gions o\u00f9 la nouvelle propri\u00e9t\u00e9 s'int\u00e9resse beaucoup est la Chine, qui est toujours rest\u00e9e un march\u00e9 \u00e9troit, limit\u00e9 aux produits locaux de qualit\u00e9 inf\u00e9rieure, mais qui, aujourd'hui, recherche des solutions \u00e0 valeur ajout\u00e9e et garde les produits europ\u00e9ens, \u00e9tant donn\u00e9 que les grands acteurs locaux n'ont pas int\u00e9r\u00eat \u00e0 investir dans ce secteur de la nicotine. En outre, malgr\u00e9 l'introduction des chiffres par l'administration Trump et la baisse du dollar, l'ann\u00e9e 2025 a entra\u00een\u00e9 une forte augmentation des commandes des \u00c9tats-unis, qui n'ont pas de producteurs nationaux sp\u00e9cialis\u00e9s dans ce domaine et qui, par cons\u00e9quent, doivent rivaliser avec les producteurs europ\u00e9ens.<\/p>","protected":false},"excerpt":{"rendered":"<p>MILANO IGI Private Equity, con il supporto di\u00a0Equiter\u00a0in qualit\u00e0 di co-investitore, rileva il controllo di\u00a0Faccin, societ\u00e0 di Visano (BS) fondata nel 1960 e attiva nella progettazione e produzione di macchine speciali per la deformazione dei metalli, dal fondo di private equity\u00a0Consilium sgr\u00a0e dalla\u00a0famiglia Faccin. Nell\u2019operazione ha investito\u00a0Andrea Ceretti, che continuer\u00e0 a guidare Faccin in qualit\u00e0 [&hellip;]<\/p>\n","protected":false},"author":37,"featured_media":0,"comment_status":"closed","ping_status":"closed","sticky":false,"template":"","format":"standard","meta":{"_acf_changed":false,"footnotes":""},"categories":[114,31],"tags":[],"class_list":["post-57473","post","type-post","status-publish","format-standard","hentry","category-italy","category-transactions"],"acf":[],"yoast_head":"<!-- This site is optimized with the Yoast SEO Premium plugin v27.5 (Yoast SEO v27.5) - https:\/\/yoast.com\/product\/yoast-seo-premium-wordpress\/ -->\n<title>Il private equity Igi rileva la bresciana Faccin. Progetti in Cina e Usa - Accuracy<\/title>\n<meta name=\"robots\" content=\"index, follow, max-snippet:-1, max-image-preview:large, max-video-preview:-1\" \/>\n<link rel=\"canonical\" href=\"https:\/\/www.accuracy.com\/fr\/igi-private-equity-ed-equiter-rilevano-faccin-da-consilium-sgr\/\" \/>\n<meta property=\"og:locale\" content=\"fr_CA\" \/>\n<meta property=\"og:type\" content=\"article\" \/>\n<meta property=\"og:title\" content=\"Il private equity Igi rileva la bresciana Faccin. Progetti in Cina e Usa\" \/>\n<meta property=\"og:description\" content=\"MILANO IGI Private Equity, con il supporto di\u00a0Equiter\u00a0in qualit\u00e0 di co-investitore, rileva il controllo di\u00a0Faccin, societ\u00e0 di Visano (BS) fondata nel 1960 e attiva nella progettazione e produzione di macchine speciali per la deformazione dei metalli, dal fondo di private equity\u00a0Consilium sgr\u00a0e dalla\u00a0famiglia Faccin. Nell\u2019operazione ha investito\u00a0Andrea Ceretti, che continuer\u00e0 a guidare Faccin in qualit\u00e0 [&hellip;]\" \/>\n<meta property=\"og:url\" content=\"https:\/\/www.accuracy.com\/fr\/igi-private-equity-ed-equiter-rilevano-faccin-da-consilium-sgr\/\" \/>\n<meta property=\"og:site_name\" content=\"Accuracy\" \/>\n<meta property=\"article:published_time\" content=\"2025-10-17T16:33:31+00:00\" \/>\n<meta property=\"article:modified_time\" content=\"2025-10-20T13:59:23+00:00\" \/>\n<meta property=\"og:image\" content=\"https:\/\/www.accuracy.com\/wp-content\/uploads\/2023\/10\/Accuracy.png\" \/>\n\t<meta property=\"og:image:width\" content=\"1200\" \/>\n\t<meta property=\"og:image:height\" content=\"675\" \/>\n\t<meta property=\"og:image:type\" content=\"image\/png\" \/>\n<meta name=\"author\" content=\"Jennifer Regalia\" \/>\n<meta name=\"twitter:card\" content=\"summary_large_image\" \/>\n<meta name=\"twitter:label1\" content=\"\u00c9crit par\" \/>\n\t<meta name=\"twitter:data1\" content=\"Jennifer Regalia\" \/>\n\t<meta name=\"twitter:label2\" content=\"Estimation du temps de lecture\" \/>\n\t<meta name=\"twitter:data2\" content=\"3 minutes\" \/>\n<script type=\"application\/ld+json\" class=\"yoast-schema-graph\">{\"@context\":\"https:\\\/\\\/schema.org\",\"@graph\":[{\"@type\":\"Article\",\"@id\":\"https:\\\/\\\/www.accuracy.com\\\/igi-private-equity-ed-equiter-rilevano-faccin-da-consilium-sgr\\\/#article\",\"isPartOf\":{\"@id\":\"https:\\\/\\\/www.accuracy.com\\\/igi-private-equity-ed-equiter-rilevano-faccin-da-consilium-sgr\\\/\"},\"author\":{\"name\":\"Jennifer Regalia\",\"@id\":\"https:\\\/\\\/www.accuracy.com\\\/#\\\/schema\\\/person\\\/0506198b312decc9715685503891d863\"},\"headline\":\"Il private equity Igi rileva la bresciana Faccin. Progetti in Cina e Usa\",\"datePublished\":\"2025-10-17T16:33:31+00:00\",\"dateModified\":\"2025-10-20T13:59:23+00:00\",\"mainEntityOfPage\":{\"@id\":\"https:\\\/\\\/www.accuracy.com\\\/igi-private-equity-ed-equiter-rilevano-faccin-da-consilium-sgr\\\/\"},\"wordCount\":553,\"publisher\":{\"@id\":\"https:\\\/\\\/www.accuracy.com\\\/#organization\"},\"articleSection\":[\"Italy\",\"Transactions\"],\"inLanguage\":\"fr-CA\"},{\"@type\":\"WebPage\",\"@id\":\"https:\\\/\\\/www.accuracy.com\\\/igi-private-equity-ed-equiter-rilevano-faccin-da-consilium-sgr\\\/\",\"url\":\"https:\\\/\\\/www.accuracy.com\\\/igi-private-equity-ed-equiter-rilevano-faccin-da-consilium-sgr\\\/\",\"name\":\"Il private equity Igi rileva la bresciana Faccin. Progetti in Cina e Usa - Accuracy\",\"isPartOf\":{\"@id\":\"https:\\\/\\\/www.accuracy.com\\\/#website\"},\"datePublished\":\"2025-10-17T16:33:31+00:00\",\"dateModified\":\"2025-10-20T13:59:23+00:00\",\"breadcrumb\":{\"@id\":\"https:\\\/\\\/www.accuracy.com\\\/igi-private-equity-ed-equiter-rilevano-faccin-da-consilium-sgr\\\/#breadcrumb\"},\"inLanguage\":\"fr-CA\",\"potentialAction\":[{\"@type\":\"ReadAction\",\"target\":[\"https:\\\/\\\/www.accuracy.com\\\/igi-private-equity-ed-equiter-rilevano-faccin-da-consilium-sgr\\\/\"]}]},{\"@type\":\"BreadcrumbList\",\"@id\":\"https:\\\/\\\/www.accuracy.com\\\/igi-private-equity-ed-equiter-rilevano-faccin-da-consilium-sgr\\\/#breadcrumb\",\"itemListElement\":[{\"@type\":\"ListItem\",\"position\":1,\"name\":\"Accueil\",\"item\":\"https:\\\/\\\/www.accuracy.com\\\/\"},{\"@type\":\"ListItem\",\"position\":2,\"name\":\"Il private equity Igi rileva la bresciana Faccin. Progetti in Cina e Usa\"}]},{\"@type\":\"WebSite\",\"@id\":\"https:\\\/\\\/www.accuracy.com\\\/#website\",\"url\":\"https:\\\/\\\/www.accuracy.com\\\/\",\"name\":\"Accuracy\",\"description\":\"Business Advisers - Financial Consultants\",\"publisher\":{\"@id\":\"https:\\\/\\\/www.accuracy.com\\\/#organization\"},\"potentialAction\":[{\"@type\":\"SearchAction\",\"target\":{\"@type\":\"EntryPoint\",\"urlTemplate\":\"https:\\\/\\\/www.accuracy.com\\\/?s={search_term_string}\"},\"query-input\":{\"@type\":\"PropertyValueSpecification\",\"valueRequired\":true,\"valueName\":\"search_term_string\"}}],\"inLanguage\":\"fr-CA\"},{\"@type\":\"Organization\",\"@id\":\"https:\\\/\\\/www.accuracy.com\\\/#organization\",\"name\":\"Accuracy\",\"url\":\"https:\\\/\\\/www.accuracy.com\\\/\",\"logo\":{\"@type\":\"ImageObject\",\"inLanguage\":\"fr-CA\",\"@id\":\"https:\\\/\\\/www.accuracy.com\\\/#\\\/schema\\\/logo\\\/image\\\/\",\"url\":\"https:\\\/\\\/www.accuracy.com\\\/wp-content\\\/uploads\\\/2023\\\/08\\\/unnamed-3.jpg\",\"contentUrl\":\"https:\\\/\\\/www.accuracy.com\\\/wp-content\\\/uploads\\\/2023\\\/08\\\/unnamed-3.jpg\",\"width\":512,\"height\":512,\"caption\":\"Accuracy\"},\"image\":{\"@id\":\"https:\\\/\\\/www.accuracy.com\\\/#\\\/schema\\\/logo\\\/image\\\/\"},\"sameAs\":[\"https:\\\/\\\/www.linkedin.com\\\/company\\\/accuracy\\\/?originalSubdomain=fr\",\"https:\\\/\\\/www.instagram.com\\\/accuracycareers\\\/\"]},{\"@type\":\"Person\",\"@id\":\"https:\\\/\\\/www.accuracy.com\\\/#\\\/schema\\\/person\\\/0506198b312decc9715685503891d863\",\"name\":\"Jennifer Regalia\",\"image\":{\"@type\":\"ImageObject\",\"inLanguage\":\"fr-CA\",\"@id\":\"https:\\\/\\\/secure.gravatar.com\\\/avatar\\\/bf20e1d4d79d30119a4e71f27248e539e3a989f05feba00a4dc4ead3d5ad36b2?s=96&d=blank&r=g\",\"url\":\"https:\\\/\\\/secure.gravatar.com\\\/avatar\\\/bf20e1d4d79d30119a4e71f27248e539e3a989f05feba00a4dc4ead3d5ad36b2?s=96&d=blank&r=g\",\"contentUrl\":\"https:\\\/\\\/secure.gravatar.com\\\/avatar\\\/bf20e1d4d79d30119a4e71f27248e539e3a989f05feba00a4dc4ead3d5ad36b2?s=96&d=blank&r=g\",\"caption\":\"Jennifer Regalia\"}}]}<\/script>\n<!-- \/ Yoast SEO Premium plugin. -->","yoast_head_json":{"title":"Le fonds de capital-investissement Igi a rachet\u00e9 la soci\u00e9t\u00e9 br\u00e9silienne Faccin. Projets en Chine et aux Etats-Unis - Accuracy","robots":{"index":"index","follow":"follow","max-snippet":"max-snippet:-1","max-image-preview":"max-image-preview:large","max-video-preview":"max-video-preview:-1"},"canonical":"https:\/\/www.accuracy.com\/fr\/igi-private-equity-ed-equiter-rilevano-faccin-da-consilium-sgr\/","og_locale":"fr_CA","og_type":"article","og_title":"Il private equity Igi rileva la bresciana Faccin. Progetti in Cina e Usa","og_description":"MILANO IGI Private Equity, con il supporto di\u00a0Equiter\u00a0in qualit\u00e0 di co-investitore, rileva il controllo di\u00a0Faccin, societ\u00e0 di Visano (BS) fondata nel 1960 e attiva nella progettazione e produzione di macchine speciali per la deformazione dei metalli, dal fondo di private equity\u00a0Consilium sgr\u00a0e dalla\u00a0famiglia Faccin. Nell\u2019operazione ha investito\u00a0Andrea Ceretti, che continuer\u00e0 a guidare Faccin in qualit\u00e0 [&hellip;]","og_url":"https:\/\/www.accuracy.com\/fr\/igi-private-equity-ed-equiter-rilevano-faccin-da-consilium-sgr\/","og_site_name":"Accuracy","article_published_time":"2025-10-17T16:33:31+00:00","article_modified_time":"2025-10-20T13:59:23+00:00","og_image":[{"width":1200,"height":675,"url":"https:\/\/www.accuracy.com\/wp-content\/uploads\/2023\/10\/Accuracy.png","type":"image\/png"}],"author":"Jennifer Regalia","twitter_card":"summary_large_image","twitter_misc":{"\u00c9crit par":"Jennifer Regalia","Estimation du temps de lecture":"3 minutes"},"schema":{"@context":"https:\/\/schema.org","@graph":[{"@type":"Article","@id":"https:\/\/www.accuracy.com\/igi-private-equity-ed-equiter-rilevano-faccin-da-consilium-sgr\/#article","isPartOf":{"@id":"https:\/\/www.accuracy.com\/igi-private-equity-ed-equiter-rilevano-faccin-da-consilium-sgr\/"},"author":{"name":"Jennifer Regalia","@id":"https:\/\/www.accuracy.com\/#\/schema\/person\/0506198b312decc9715685503891d863"},"headline":"Il private equity Igi rileva la bresciana Faccin. Progetti in Cina e Usa","datePublished":"2025-10-17T16:33:31+00:00","dateModified":"2025-10-20T13:59:23+00:00","mainEntityOfPage":{"@id":"https:\/\/www.accuracy.com\/igi-private-equity-ed-equiter-rilevano-faccin-da-consilium-sgr\/"},"wordCount":553,"publisher":{"@id":"https:\/\/www.accuracy.com\/#organization"},"articleSection":["Italy","Transactions"],"inLanguage":"fr-CA"},{"@type":"WebPage","@id":"https:\/\/www.accuracy.com\/igi-private-equity-ed-equiter-rilevano-faccin-da-consilium-sgr\/","url":"https:\/\/www.accuracy.com\/igi-private-equity-ed-equiter-rilevano-faccin-da-consilium-sgr\/","name":"Le fonds de capital-investissement Igi a rachet\u00e9 la soci\u00e9t\u00e9 br\u00e9silienne Faccin. Projets en Chine et aux Etats-Unis - Accuracy","isPartOf":{"@id":"https:\/\/www.accuracy.com\/#website"},"datePublished":"2025-10-17T16:33:31+00:00","dateModified":"2025-10-20T13:59:23+00:00","breadcrumb":{"@id":"https:\/\/www.accuracy.com\/igi-private-equity-ed-equiter-rilevano-faccin-da-consilium-sgr\/#breadcrumb"},"inLanguage":"fr-CA","potentialAction":[{"@type":"ReadAction","target":["https:\/\/www.accuracy.com\/igi-private-equity-ed-equiter-rilevano-faccin-da-consilium-sgr\/"]}]},{"@type":"BreadcrumbList","@id":"https:\/\/www.accuracy.com\/igi-private-equity-ed-equiter-rilevano-faccin-da-consilium-sgr\/#breadcrumb","itemListElement":[{"@type":"ListItem","position":1,"name":"Accueil","item":"https:\/\/www.accuracy.com\/"},{"@type":"ListItem","position":2,"name":"Il private equity Igi rileva la bresciana Faccin. Progetti in Cina e Usa"}]},{"@type":"WebSite","@id":"https:\/\/www.accuracy.com\/#website","url":"https:\/\/www.accuracy.com\/","name":"Pr\u00e9cision","description":"Conseillers d'entreprise - Consultants financiers","publisher":{"@id":"https:\/\/www.accuracy.com\/#organization"},"potentialAction":[{"@type":"SearchAction","target":{"@type":"EntryPoint","urlTemplate":"https:\/\/www.accuracy.com\/?s={search_term_string}"},"query-input":{"@type":"PropertyValueSpecification","valueRequired":true,"valueName":"search_term_string"}}],"inLanguage":"fr-CA"},{"@type":"Organization","@id":"https:\/\/www.accuracy.com\/#organization","name":"Pr\u00e9cision","url":"https:\/\/www.accuracy.com\/","logo":{"@type":"ImageObject","inLanguage":"fr-CA","@id":"https:\/\/www.accuracy.com\/#\/schema\/logo\/image\/","url":"https:\/\/www.accuracy.com\/wp-content\/uploads\/2023\/08\/unnamed-3.jpg","contentUrl":"https:\/\/www.accuracy.com\/wp-content\/uploads\/2023\/08\/unnamed-3.jpg","width":512,"height":512,"caption":"Accuracy"},"image":{"@id":"https:\/\/www.accuracy.com\/#\/schema\/logo\/image\/"},"sameAs":["https:\/\/www.linkedin.com\/company\/accuracy\/?originalSubdomain=fr","https:\/\/www.instagram.com\/accuracycareers\/"]},{"@type":"Person","@id":"https:\/\/www.accuracy.com\/#\/schema\/person\/0506198b312decc9715685503891d863","name":"Jennifer Regalia","image":{"@type":"ImageObject","inLanguage":"fr-CA","@id":"https:\/\/secure.gravatar.com\/avatar\/bf20e1d4d79d30119a4e71f27248e539e3a989f05feba00a4dc4ead3d5ad36b2?s=96&d=blank&r=g","url":"https:\/\/secure.gravatar.com\/avatar\/bf20e1d4d79d30119a4e71f27248e539e3a989f05feba00a4dc4ead3d5ad36b2?s=96&d=blank&r=g","contentUrl":"https:\/\/secure.gravatar.com\/avatar\/bf20e1d4d79d30119a4e71f27248e539e3a989f05feba00a4dc4ead3d5ad36b2?s=96&d=blank&r=g","caption":"Jennifer Regalia"}}]}},"_links":{"self":[{"href":"https:\/\/www.accuracy.com\/fr\/wp-json\/wp\/v2\/posts\/57473","targetHints":{"allow":["GET"]}}],"collection":[{"href":"https:\/\/www.accuracy.com\/fr\/wp-json\/wp\/v2\/posts"}],"about":[{"href":"https:\/\/www.accuracy.com\/fr\/wp-json\/wp\/v2\/types\/post"}],"author":[{"embeddable":true,"href":"https:\/\/www.accuracy.com\/fr\/wp-json\/wp\/v2\/users\/37"}],"replies":[{"embeddable":true,"href":"https:\/\/www.accuracy.com\/fr\/wp-json\/wp\/v2\/comments?post=57473"}],"version-history":[{"count":7,"href":"https:\/\/www.accuracy.com\/fr\/wp-json\/wp\/v2\/posts\/57473\/revisions"}],"predecessor-version":[{"id":57481,"href":"https:\/\/www.accuracy.com\/fr\/wp-json\/wp\/v2\/posts\/57473\/revisions\/57481"}],"wp:attachment":[{"href":"https:\/\/www.accuracy.com\/fr\/wp-json\/wp\/v2\/media?parent=57473"}],"wp:term":[{"taxonomy":"category","embeddable":true,"href":"https:\/\/www.accuracy.com\/fr\/wp-json\/wp\/v2\/categories?post=57473"},{"taxonomy":"post_tag","embeddable":true,"href":"https:\/\/www.accuracy.com\/fr\/wp-json\/wp\/v2\/tags?post=57473"}],"curies":[{"name":"wp","href":"https:\/\/api.w.org\/{rel}","templated":true}]}}