{"id":55691,"date":"2025-09-24T17:39:22","date_gmt":"2025-09-24T15:39:22","guid":{"rendered":"https:\/\/www.accuracy.com\/?p=55691"},"modified":"2025-10-13T14:30:44","modified_gmt":"2025-10-13T12:30:44","slug":"la-reestructuracion-como-palanca-de-transformacion-empresarial","status":"publish","type":"post","link":"https:\/\/www.accuracy.com\/fr\/la-reestructuracion-como-palanca-de-transformacion-empresarial\/","title":{"rendered":"La restructuration comme outil de transformation de l'entreprise"},"content":{"rendered":"<p><a class=\"link\" href=\"https:\/\/es.linkedin.com\/in\/albertofernandezrevenga?trk=public_post_reshare-text\" target=\"_self\" data-tracking-control-name=\"public_post_reshare-text\" data-tracking-will-navigate=\"\"><img fetchpriority=\"high\" decoding=\"async\" class=\"wp-image-55693 aligncenter\" src=\"https:\/\/www.accuracy.com\/wp-content\/uploads\/2025\/09\/Alberto-Fernandez-y-Alberto-Valle.-Accuracy-300x157.jpg\" alt=\"\" width=\"539\" height=\"282\" srcset=\"https:\/\/www.accuracy.com\/wp-content\/uploads\/2025\/09\/Alberto-Fernandez-y-Alberto-Valle.-Accuracy-300x157.jpg 300w, https:\/\/www.accuracy.com\/wp-content\/uploads\/2025\/09\/Alberto-Fernandez-y-Alberto-Valle.-Accuracy-1024x536.jpg 1024w, https:\/\/www.accuracy.com\/wp-content\/uploads\/2025\/09\/Alberto-Fernandez-y-Alberto-Valle.-Accuracy-768x402.jpg 768w, https:\/\/www.accuracy.com\/wp-content\/uploads\/2025\/09\/Alberto-Fernandez-y-Alberto-Valle.-Accuracy-18x9.jpg 18w, https:\/\/www.accuracy.com\/wp-content\/uploads\/2025\/09\/Alberto-Fernandez-y-Alberto-Valle.-Accuracy.jpg 1083w\" sizes=\"(max-width: 539px) 100vw, 539px\" \/><\/a><\/p>\n<p>&nbsp;<\/p>\n<p><a class=\"link\" href=\"https:\/\/es.linkedin.com\/in\/albertofernandezrevenga?trk=public_post_reshare-text\" target=\"_self\" data-tracking-control-name=\"public_post_reshare-text\" data-tracking-will-navigate=\"\">Alberto Fern\u00e1ndez Revenga<\/a> y <a class=\"link\" href=\"https:\/\/es.linkedin.com\/in\/albertovallegarcia\/en?trk=public_post_reshare-text\" target=\"_self\" data-tracking-control-name=\"public_post_reshare-text\" data-tracking-will-navigate=\"\">Alberto Valle Garc\u00eda<\/a>La soci\u00e9t\u00e9 de l'information dans le domaine de la restructuration de l'\u00e9conomie <a class=\"link\" href=\"https:\/\/sg.linkedin.com\/company\/accuracy?trk=public_post_reshare-text\" target=\"_self\" data-tracking-control-name=\"public_post_reshare-text\" data-tracking-will-navigate=\"\">Pr\u00e9cision<\/a> et directeur du secteur de la restructuration d'Accuracy, respectivement ; exposent, dans la revue Capital, leur vision de la restructuration en tant que moyen de transformation de l'entreprise.<\/p>\n<p>En su opini\u00f3n, \"<em>les entreprises peuvent anticiper les difficult\u00e9s financi\u00e8res et les transformer en opportunit\u00e9s.  La restructuration bien g\u00e9r\u00e9e n'est pas un dernier recours, mais un outil strat\u00e9gique pour r\u00e9tablir les \u00e9quilibres, pr\u00e9server l'emploi et transformer les mod\u00e8les d'entreprise\".<\/em><\/p>\n<p>Afirman que <em>\"Nous nous trouvons face \u00e0 une opportunit\u00e9 unique : convertir la restructuration en une palette de changement qui anticipe les probl\u00e8mes financiers imminents et futurs (et non en un dernier recours d\u00e9fensif), permettant une meilleure r\u00e9partition du capital, un mod\u00e8le d'entreprise plus r\u00e9silient et des entreprises avec une viabilit\u00e9 \u00e9conomique r\u00e9elle \u00e0 long terme\".<\/em><\/p>\n<p>Nous vous invitons \u00e0 d\u00e9couvrir sa vision dans l'article suivant : <a href=\"https:\/\/capital.es\/opinion\/la-reestructuracion-como-palanca-de-transformacion-empresarial\/143669\/\">La restructuration comme outil de transformation de l'entreprise<\/a><\/p>","protected":false},"excerpt":{"rendered":"<p>&nbsp; Alberto Fern\u00e1ndez Revenga y Alberto Valle Garc\u00eda, Socio del \u00e1rea de Restructuring de Accuracy y Director del \u00e1rea de Restructuring de Accuracy respectivamente; comparten, en la revista Capital, su visi\u00f3n sobre reestructuraci\u00f3n como palanca de transformaci\u00f3n empresarial. En su opini\u00f3n, &#8220;las empresas pueden anticiparse a los retos financieros y convertirlos en oportunidades.\u00a0 La reestructuraci\u00f3n [&hellip;]<\/p>\n","protected":false},"author":10,"featured_media":0,"comment_status":"closed","ping_status":"closed","sticky":false,"template":"","format":"standard","meta":{"_acf_changed":false,"footnotes":""},"categories":[319,17],"tags":[],"class_list":["post-55691","post","type-post","status-publish","format-standard","hentry","category-es-press","category-spain"],"acf":[],"yoast_head":"<!-- This site is optimized with the Yoast SEO Premium plugin v27.4 (Yoast SEO v27.4) - https:\/\/yoast.com\/product\/yoast-seo-premium-wordpress\/ -->\n<title>La reestructuraci\u00f3n como palanca de transformaci\u00f3n empresarial - Accuracy<\/title>\n<meta name=\"description\" content=\"Alberto Fern\u00e1ndez Revenga y Alberto Valle Garc\u00eda, Socio del \u00e1rea de Restructuring de Accuracy y Director del \u00e1rea de Restructuring de Accuracy respectivamente; comparten en la revista Capital, su visi\u00f3n sobre reestructuraci\u00f3n como palanca de transformaci\u00f3n empresarial.\" \/>\n<meta name=\"robots\" content=\"noindex,nofollow\" \/>\n<link rel=\"canonical\" href=\"https:\/\/www.accuracy.com\/fr\/la-reestructuracion-como-palanca-de-transformacion-empresarial\/\" \/>\n<meta property=\"og:locale\" content=\"fr_CA\" \/>\n<meta property=\"og:type\" content=\"article\" \/>\n<meta property=\"og:title\" content=\"La reestructuraci\u00f3n como palanca de transformaci\u00f3n empresarial\" \/>\n<meta property=\"og:description\" content=\"Alberto Fern\u00e1ndez Revenga y Alberto Valle Garc\u00eda, Socio del \u00e1rea de Restructuring de Accuracy y Director del \u00e1rea de Restructuring de Accuracy respectivamente; comparten en la revista Capital, su visi\u00f3n sobre reestructuraci\u00f3n como palanca de transformaci\u00f3n empresarial.\" \/>\n<meta property=\"og:url\" content=\"https:\/\/www.accuracy.com\/fr\/la-reestructuracion-como-palanca-de-transformacion-empresarial\/\" \/>\n<meta property=\"og:site_name\" content=\"Accuracy\" \/>\n<meta property=\"article:published_time\" content=\"2025-09-24T15:39:22+00:00\" \/>\n<meta property=\"article:modified_time\" content=\"2025-10-13T12:30:44+00:00\" \/>\n<meta property=\"og:image\" content=\"https:\/\/www.accuracy.com\/wp-content\/uploads\/2025\/09\/Alberto-Fernandez-y-Alberto-Valle.-Accuracy-300x157.jpg\" \/>\n<meta name=\"author\" content=\"Laura Portugal\" \/>\n<meta name=\"twitter:card\" content=\"summary_large_image\" \/>\n<meta name=\"twitter:label1\" content=\"\u00c9crit par\" \/>\n\t<meta name=\"twitter:data1\" content=\"Laura Portugal\" \/>\n\t<meta name=\"twitter:label2\" content=\"Estimation du temps de lecture\" \/>\n\t<meta name=\"twitter:data2\" content=\"1 minute\" \/>\n<script type=\"application\/ld+json\" class=\"yoast-schema-graph\">{\"@context\":\"https:\\\/\\\/schema.org\",\"@graph\":[{\"@type\":\"Article\",\"@id\":\"https:\\\/\\\/www.accuracy.com\\\/en_gb\\\/la-reestructuracion-como-palanca-de-transformacion-empresarial\\\/#article\",\"isPartOf\":{\"@id\":\"https:\\\/\\\/www.accuracy.com\\\/en_gb\\\/la-reestructuracion-como-palanca-de-transformacion-empresarial\\\/\"},\"author\":{\"name\":\"Laura Portugal\",\"@id\":\"https:\\\/\\\/www.accuracy.com\\\/#\\\/schema\\\/person\\\/46baff672ca2165ec1e67656cb0b87ff\"},\"headline\":\"La reestructuraci\u00f3n como palanca de transformaci\u00f3n empresarial\",\"datePublished\":\"2025-09-24T15:39:22+00:00\",\"dateModified\":\"2025-10-13T12:30:44+00:00\",\"mainEntityOfPage\":{\"@id\":\"https:\\\/\\\/www.accuracy.com\\\/en_gb\\\/la-reestructuracion-como-palanca-de-transformacion-empresarial\\\/\"},\"wordCount\":172,\"publisher\":{\"@id\":\"https:\\\/\\\/www.accuracy.com\\\/#organization\"},\"image\":{\"@id\":\"https:\\\/\\\/www.accuracy.com\\\/en_gb\\\/la-reestructuracion-como-palanca-de-transformacion-empresarial\\\/#primaryimage\"},\"thumbnailUrl\":\"https:\\\/\\\/www.accuracy.com\\\/wp-content\\\/uploads\\\/2025\\\/09\\\/Alberto-Fernandez-y-Alberto-Valle.-Accuracy-300x157.jpg\",\"articleSection\":[\"ES (Press)\",\"Spain\"],\"inLanguage\":\"fr-CA\"},{\"@type\":\"WebPage\",\"@id\":\"https:\\\/\\\/www.accuracy.com\\\/en_gb\\\/la-reestructuracion-como-palanca-de-transformacion-empresarial\\\/\",\"url\":\"https:\\\/\\\/www.accuracy.com\\\/en_gb\\\/la-reestructuracion-como-palanca-de-transformacion-empresarial\\\/\",\"name\":\"La reestructuraci\u00f3n como palanca de transformaci\u00f3n empresarial - Accuracy\",\"isPartOf\":{\"@id\":\"https:\\\/\\\/www.accuracy.com\\\/#website\"},\"primaryImageOfPage\":{\"@id\":\"https:\\\/\\\/www.accuracy.com\\\/en_gb\\\/la-reestructuracion-como-palanca-de-transformacion-empresarial\\\/#primaryimage\"},\"image\":{\"@id\":\"https:\\\/\\\/www.accuracy.com\\\/en_gb\\\/la-reestructuracion-como-palanca-de-transformacion-empresarial\\\/#primaryimage\"},\"thumbnailUrl\":\"https:\\\/\\\/www.accuracy.com\\\/wp-content\\\/uploads\\\/2025\\\/09\\\/Alberto-Fernandez-y-Alberto-Valle.-Accuracy-300x157.jpg\",\"datePublished\":\"2025-09-24T15:39:22+00:00\",\"dateModified\":\"2025-10-13T12:30:44+00:00\",\"description\":\"Alberto Fern\u00e1ndez Revenga y Alberto Valle Garc\u00eda, Socio del \u00e1rea de Restructuring de Accuracy y Director del \u00e1rea de Restructuring de Accuracy respectivamente; comparten en la revista Capital, su visi\u00f3n sobre reestructuraci\u00f3n como palanca de transformaci\u00f3n empresarial.\",\"breadcrumb\":{\"@id\":\"https:\\\/\\\/www.accuracy.com\\\/en_gb\\\/la-reestructuracion-como-palanca-de-transformacion-empresarial\\\/#breadcrumb\"},\"inLanguage\":\"fr-CA\",\"potentialAction\":[{\"@type\":\"ReadAction\",\"target\":[\"https:\\\/\\\/www.accuracy.com\\\/en_gb\\\/la-reestructuracion-como-palanca-de-transformacion-empresarial\\\/\"]}]},{\"@type\":\"ImageObject\",\"inLanguage\":\"fr-CA\",\"@id\":\"https:\\\/\\\/www.accuracy.com\\\/en_gb\\\/la-reestructuracion-como-palanca-de-transformacion-empresarial\\\/#primaryimage\",\"url\":\"https:\\\/\\\/www.accuracy.com\\\/wp-content\\\/uploads\\\/2025\\\/09\\\/Alberto-Fernandez-y-Alberto-Valle.-Accuracy-300x157.jpg\",\"contentUrl\":\"https:\\\/\\\/www.accuracy.com\\\/wp-content\\\/uploads\\\/2025\\\/09\\\/Alberto-Fernandez-y-Alberto-Valle.-Accuracy-300x157.jpg\"},{\"@type\":\"BreadcrumbList\",\"@id\":\"https:\\\/\\\/www.accuracy.com\\\/en_gb\\\/la-reestructuracion-como-palanca-de-transformacion-empresarial\\\/#breadcrumb\",\"itemListElement\":[{\"@type\":\"ListItem\",\"position\":1,\"name\":\"Accueil\",\"item\":\"https:\\\/\\\/www.accuracy.com\\\/\"},{\"@type\":\"ListItem\",\"position\":2,\"name\":\"La reestructuraci\u00f3n como palanca de transformaci\u00f3n empresarial\"}]},{\"@type\":\"WebSite\",\"@id\":\"https:\\\/\\\/www.accuracy.com\\\/#website\",\"url\":\"https:\\\/\\\/www.accuracy.com\\\/\",\"name\":\"Accuracy\",\"description\":\"Business Advisers - Financial Consultants\",\"publisher\":{\"@id\":\"https:\\\/\\\/www.accuracy.com\\\/#organization\"},\"potentialAction\":[{\"@type\":\"SearchAction\",\"target\":{\"@type\":\"EntryPoint\",\"urlTemplate\":\"https:\\\/\\\/www.accuracy.com\\\/?s={search_term_string}\"},\"query-input\":{\"@type\":\"PropertyValueSpecification\",\"valueRequired\":true,\"valueName\":\"search_term_string\"}}],\"inLanguage\":\"fr-CA\"},{\"@type\":\"Organization\",\"@id\":\"https:\\\/\\\/www.accuracy.com\\\/#organization\",\"name\":\"Accuracy\",\"url\":\"https:\\\/\\\/www.accuracy.com\\\/\",\"logo\":{\"@type\":\"ImageObject\",\"inLanguage\":\"fr-CA\",\"@id\":\"https:\\\/\\\/www.accuracy.com\\\/#\\\/schema\\\/logo\\\/image\\\/\",\"url\":\"https:\\\/\\\/www.accuracy.com\\\/wp-content\\\/uploads\\\/2023\\\/08\\\/unnamed-3.jpg\",\"contentUrl\":\"https:\\\/\\\/www.accuracy.com\\\/wp-content\\\/uploads\\\/2023\\\/08\\\/unnamed-3.jpg\",\"width\":512,\"height\":512,\"caption\":\"Accuracy\"},\"image\":{\"@id\":\"https:\\\/\\\/www.accuracy.com\\\/#\\\/schema\\\/logo\\\/image\\\/\"},\"sameAs\":[\"https:\\\/\\\/www.linkedin.com\\\/company\\\/accuracy\\\/?originalSubdomain=fr\",\"https:\\\/\\\/www.instagram.com\\\/accuracycareers\\\/\"]},{\"@type\":\"Person\",\"@id\":\"https:\\\/\\\/www.accuracy.com\\\/#\\\/schema\\\/person\\\/46baff672ca2165ec1e67656cb0b87ff\",\"name\":\"Laura Portugal\",\"image\":{\"@type\":\"ImageObject\",\"inLanguage\":\"fr-CA\",\"@id\":\"https:\\\/\\\/secure.gravatar.com\\\/avatar\\\/fc5c641248b7461e51b2400e852c633fd13eb86f4dbc3dca9d178c8505af041d?s=96&d=blank&r=g\",\"url\":\"https:\\\/\\\/secure.gravatar.com\\\/avatar\\\/fc5c641248b7461e51b2400e852c633fd13eb86f4dbc3dca9d178c8505af041d?s=96&d=blank&r=g\",\"contentUrl\":\"https:\\\/\\\/secure.gravatar.com\\\/avatar\\\/fc5c641248b7461e51b2400e852c633fd13eb86f4dbc3dca9d178c8505af041d?s=96&d=blank&r=g\",\"caption\":\"Laura Portugal\"}}]}<\/script>\n<!-- \/ Yoast SEO Premium plugin. -->","yoast_head_json":{"title":"La restructuration comme outil de transformation de l'entreprise - Accuracy","description":"Alberto Fern\u00e1ndez Revenga et Alberto Valle Garc\u00eda, respectivement Socio du domaine de la restructuration d'Accuracy et Directeur du domaine de la restructuration d'Accuracy, exposent dans la revue Capital leur vision de la restructuration en tant que moyen de transformation de l'entreprise.","robots":{"index,nofollow":"noindex,nofollow"},"canonical":"https:\/\/www.accuracy.com\/fr\/la-reestructuracion-como-palanca-de-transformacion-empresarial\/","og_locale":"fr_CA","og_type":"article","og_title":"La reestructuraci\u00f3n como palanca de transformaci\u00f3n empresarial","og_description":"Alberto Fern\u00e1ndez Revenga y Alberto Valle Garc\u00eda, Socio del \u00e1rea de Restructuring de Accuracy y Director del \u00e1rea de Restructuring de Accuracy respectivamente; comparten en la revista Capital, su visi\u00f3n sobre reestructuraci\u00f3n como palanca de transformaci\u00f3n empresarial.","og_url":"https:\/\/www.accuracy.com\/fr\/la-reestructuracion-como-palanca-de-transformacion-empresarial\/","og_site_name":"Accuracy","article_published_time":"2025-09-24T15:39:22+00:00","article_modified_time":"2025-10-13T12:30:44+00:00","og_image":[{"url":"https:\/\/www.accuracy.com\/wp-content\/uploads\/2025\/09\/Alberto-Fernandez-y-Alberto-Valle.-Accuracy-300x157.jpg","type":"","width":"","height":""}],"author":"Laura Portugal","twitter_card":"summary_large_image","twitter_misc":{"\u00c9crit par":"Laura Portugal","Estimation du temps de lecture":"1 minute"},"schema":{"@context":"https:\/\/schema.org","@graph":[{"@type":"Article","@id":"https:\/\/www.accuracy.com\/en_gb\/la-reestructuracion-como-palanca-de-transformacion-empresarial\/#article","isPartOf":{"@id":"https:\/\/www.accuracy.com\/en_gb\/la-reestructuracion-como-palanca-de-transformacion-empresarial\/"},"author":{"name":"Laura Portugal","@id":"https:\/\/www.accuracy.com\/#\/schema\/person\/46baff672ca2165ec1e67656cb0b87ff"},"headline":"La reestructuraci\u00f3n como palanca de transformaci\u00f3n empresarial","datePublished":"2025-09-24T15:39:22+00:00","dateModified":"2025-10-13T12:30:44+00:00","mainEntityOfPage":{"@id":"https:\/\/www.accuracy.com\/en_gb\/la-reestructuracion-como-palanca-de-transformacion-empresarial\/"},"wordCount":172,"publisher":{"@id":"https:\/\/www.accuracy.com\/#organization"},"image":{"@id":"https:\/\/www.accuracy.com\/en_gb\/la-reestructuracion-como-palanca-de-transformacion-empresarial\/#primaryimage"},"thumbnailUrl":"https:\/\/www.accuracy.com\/wp-content\/uploads\/2025\/09\/Alberto-Fernandez-y-Alberto-Valle.-Accuracy-300x157.jpg","articleSection":["ES (Press)","Spain"],"inLanguage":"fr-CA"},{"@type":"WebPage","@id":"https:\/\/www.accuracy.com\/en_gb\/la-reestructuracion-como-palanca-de-transformacion-empresarial\/","url":"https:\/\/www.accuracy.com\/en_gb\/la-reestructuracion-como-palanca-de-transformacion-empresarial\/","name":"La restructuration comme outil de transformation de l'entreprise - Accuracy","isPartOf":{"@id":"https:\/\/www.accuracy.com\/#website"},"primaryImageOfPage":{"@id":"https:\/\/www.accuracy.com\/en_gb\/la-reestructuracion-como-palanca-de-transformacion-empresarial\/#primaryimage"},"image":{"@id":"https:\/\/www.accuracy.com\/en_gb\/la-reestructuracion-como-palanca-de-transformacion-empresarial\/#primaryimage"},"thumbnailUrl":"https:\/\/www.accuracy.com\/wp-content\/uploads\/2025\/09\/Alberto-Fernandez-y-Alberto-Valle.-Accuracy-300x157.jpg","datePublished":"2025-09-24T15:39:22+00:00","dateModified":"2025-10-13T12:30:44+00:00","description":"Alberto Fern\u00e1ndez Revenga et Alberto Valle Garc\u00eda, respectivement Socio du domaine de la restructuration d'Accuracy et Directeur du domaine de la restructuration d'Accuracy, exposent dans la revue Capital leur vision de la restructuration en tant que moyen de transformation de l'entreprise.","breadcrumb":{"@id":"https:\/\/www.accuracy.com\/en_gb\/la-reestructuracion-como-palanca-de-transformacion-empresarial\/#breadcrumb"},"inLanguage":"fr-CA","potentialAction":[{"@type":"ReadAction","target":["https:\/\/www.accuracy.com\/en_gb\/la-reestructuracion-como-palanca-de-transformacion-empresarial\/"]}]},{"@type":"ImageObject","inLanguage":"fr-CA","@id":"https:\/\/www.accuracy.com\/en_gb\/la-reestructuracion-como-palanca-de-transformacion-empresarial\/#primaryimage","url":"https:\/\/www.accuracy.com\/wp-content\/uploads\/2025\/09\/Alberto-Fernandez-y-Alberto-Valle.-Accuracy-300x157.jpg","contentUrl":"https:\/\/www.accuracy.com\/wp-content\/uploads\/2025\/09\/Alberto-Fernandez-y-Alberto-Valle.-Accuracy-300x157.jpg"},{"@type":"BreadcrumbList","@id":"https:\/\/www.accuracy.com\/en_gb\/la-reestructuracion-como-palanca-de-transformacion-empresarial\/#breadcrumb","itemListElement":[{"@type":"ListItem","position":1,"name":"Accueil","item":"https:\/\/www.accuracy.com\/"},{"@type":"ListItem","position":2,"name":"La reestructuraci\u00f3n como palanca de transformaci\u00f3n empresarial"}]},{"@type":"WebSite","@id":"https:\/\/www.accuracy.com\/#website","url":"https:\/\/www.accuracy.com\/","name":"Pr\u00e9cision","description":"Conseillers d'entreprise - Consultants financiers","publisher":{"@id":"https:\/\/www.accuracy.com\/#organization"},"potentialAction":[{"@type":"SearchAction","target":{"@type":"EntryPoint","urlTemplate":"https:\/\/www.accuracy.com\/?s={search_term_string}"},"query-input":{"@type":"PropertyValueSpecification","valueRequired":true,"valueName":"search_term_string"}}],"inLanguage":"fr-CA"},{"@type":"Organization","@id":"https:\/\/www.accuracy.com\/#organization","name":"Pr\u00e9cision","url":"https:\/\/www.accuracy.com\/","logo":{"@type":"ImageObject","inLanguage":"fr-CA","@id":"https:\/\/www.accuracy.com\/#\/schema\/logo\/image\/","url":"https:\/\/www.accuracy.com\/wp-content\/uploads\/2023\/08\/unnamed-3.jpg","contentUrl":"https:\/\/www.accuracy.com\/wp-content\/uploads\/2023\/08\/unnamed-3.jpg","width":512,"height":512,"caption":"Accuracy"},"image":{"@id":"https:\/\/www.accuracy.com\/#\/schema\/logo\/image\/"},"sameAs":["https:\/\/www.linkedin.com\/company\/accuracy\/?originalSubdomain=fr","https:\/\/www.instagram.com\/accuracycareers\/"]},{"@type":"Person","@id":"https:\/\/www.accuracy.com\/#\/schema\/person\/46baff672ca2165ec1e67656cb0b87ff","name":"Laura Portugal","image":{"@type":"ImageObject","inLanguage":"fr-CA","@id":"https:\/\/secure.gravatar.com\/avatar\/fc5c641248b7461e51b2400e852c633fd13eb86f4dbc3dca9d178c8505af041d?s=96&d=blank&r=g","url":"https:\/\/secure.gravatar.com\/avatar\/fc5c641248b7461e51b2400e852c633fd13eb86f4dbc3dca9d178c8505af041d?s=96&d=blank&r=g","contentUrl":"https:\/\/secure.gravatar.com\/avatar\/fc5c641248b7461e51b2400e852c633fd13eb86f4dbc3dca9d178c8505af041d?s=96&d=blank&r=g","caption":"Laura Portugal"}}]}},"_links":{"self":[{"href":"https:\/\/www.accuracy.com\/fr\/wp-json\/wp\/v2\/posts\/55691","targetHints":{"allow":["GET"]}}],"collection":[{"href":"https:\/\/www.accuracy.com\/fr\/wp-json\/wp\/v2\/posts"}],"about":[{"href":"https:\/\/www.accuracy.com\/fr\/wp-json\/wp\/v2\/types\/post"}],"author":[{"embeddable":true,"href":"https:\/\/www.accuracy.com\/fr\/wp-json\/wp\/v2\/users\/10"}],"replies":[{"embeddable":true,"href":"https:\/\/www.accuracy.com\/fr\/wp-json\/wp\/v2\/comments?post=55691"}],"version-history":[{"count":10,"href":"https:\/\/www.accuracy.com\/fr\/wp-json\/wp\/v2\/posts\/55691\/revisions"}],"predecessor-version":[{"id":55702,"href":"https:\/\/www.accuracy.com\/fr\/wp-json\/wp\/v2\/posts\/55691\/revisions\/55702"}],"wp:attachment":[{"href":"https:\/\/www.accuracy.com\/fr\/wp-json\/wp\/v2\/media?parent=55691"}],"wp:term":[{"taxonomy":"category","embeddable":true,"href":"https:\/\/www.accuracy.com\/fr\/wp-json\/wp\/v2\/categories?post=55691"},{"taxonomy":"post_tag","embeddable":true,"href":"https:\/\/www.accuracy.com\/fr\/wp-json\/wp\/v2\/tags?post=55691"}],"curies":[{"name":"wp","href":"https:\/\/api.w.org\/{rel}","templated":true}]}}