{"id":52584,"date":"2025-04-18T11:29:13","date_gmt":"2025-04-18T09:29:13","guid":{"rendered":"https:\/\/www.accuracy.com\/?p=52584"},"modified":"2025-05-07T10:58:26","modified_gmt":"2025-05-07T08:58:26","slug":"les-donnees-demographiques-ne-sont-elles-que-des-chiffres","status":"publish","type":"post","link":"https:\/\/www.accuracy.com\/fr\/are-demographics-just-numbers\/","title":{"rendered":"Les donn\u00e9es d\u00e9mographiques ne sont-elles que des chiffres ?"},"content":{"rendered":"<p><strong>La d\u00e9mographie n'est pas qu'une question de chiffres et de statistiques<\/strong>. Dans \"La Volont\u00e9 de savoir\", puis dans son cours au Coll\u00e8ge de France intitul\u00e9 \"S\u00e9curit\u00e9, Territoire, Population\", le philosophe Michel Foucault d\u00e9veloppe l'id\u00e9e que <strong>c'est avant tout un outil de pouvoir<\/strong>. Il montre comment, au XVIIIe si\u00e8cle, la notion de \"population\" est devenue une question \u00e9conomique et politique cruciale. Les gouvernements ont commenc\u00e9 \u00e0 consid\u00e9rer la population non pas simplement comme un peuple, mais comme un ensemble de variables mesurables : <strong>taux de natalit\u00e9, taux de mortalit\u00e9, \u00e9tat de sant\u00e9, f\u00e9condit\u00e9<\/strong>. Ces donn\u00e9es permettent une gestion strat\u00e9gique visant \u00e0 \u00e9quilibrer la croissance d\u00e9mographique et les ressources disponibles. <strong>Ainsi, la population est consid\u00e9r\u00e9e comme un bien collectif et une force de travail essentielle \u00e0 l'\u00e9conomie lib\u00e9rale.<\/strong><\/p>\n<p>Cette \u00e9volution a donn\u00e9 naissance \u00e0 ce que Foucault appelle les <strong>\"biopouvoir\"<\/strong>Le pouvoir : un pouvoir qui ne s'exerce plus seulement sur les individus, mais sur l'ensemble de la population. Contrairement aux formes traditionnelles de domination, <strong>ce pouvoir agit en influen\u00e7ant les conditions g\u00e9n\u00e9rales de vie<\/strong> plut\u00f4t qu'en imposant des r\u00e8gles strictes.<\/p>\n<p>Par exemple, les gouvernements cherchent \u00e0 r\u00e9guler des variables telles que l'esp\u00e9rance de vie ou la sant\u00e9 publique en intervenant sur des facteurs environnementaux ou sociaux, tout en laissant une certaine libert\u00e9 \u00e0 l'individu.<\/p>\n<p>Les d\u00e9bats actuels sur le vieillissement de la population, les migrations et la sant\u00e9 publique r\u00e9v\u00e8lent \u00e0 quel point les politiques d\u00e9mographiques sont encore li\u00e9es \u00e0 la politique du pouvoir. <strong>Mais la question demeure : comment concilier la gestion collective et le respect des libert\u00e9s individuelles ?<\/strong><\/p>\n<p>Derri\u00e8re chaque chiffre, chaque pourcentage et chaque courbe statistique, il y a des trajectoires de vie singuli\u00e8res que l'approche de la d\u00e9mographie par le grand chapiteau tend \u00e0 occulter.<\/p>\n<p>Contrer les st\u00e9r\u00e9otypes qui r\u00e9duisent la migration \u00e0 un flux abstrait ou \u00e0 un probl\u00e8me \u00e0 g\u00e9rer, <strong>l'\u00e9tonnante exposition \"Migrations, une odyss\u00e9e humaine\",<\/strong> qui se tient au Mus\u00e9e de l'Homme \u00e0 Paris jusqu'au 8 juin 2025, privil\u00e9gie une approche sensible.<\/p>\n<p>En commen\u00e7ant par une exploration des mots que nous utilisons - migrant, r\u00e9fugi\u00e9, sans-papiers, expatri\u00e9, \u00e9tranger -, la Commission europ\u00e9enne a mis en place une s\u00e9rie de mesures visant \u00e0 am\u00e9liorer l'acc\u00e8s \u00e0 l'information et \u00e0 la formation. <strong>l'exposition illustre la mesure dans laquelle le langage fa\u00e7onne notre perception de la mobilit\u00e9 humaine. <\/strong>Ces termes, parfois techniques ou administratifs, masquent souvent la diversit\u00e9 des histoires qui les sous-tendent. Rosa, ing\u00e9nieure syrienne pass\u00e9e par la Guyane, et Diallo, Malien ayant brav\u00e9 la M\u00e9diterran\u00e9e, incarnent ces histoires complexes. L'exposition relie leurs parcours \u00e0 ceux de figures c\u00e9l\u00e8bres comme Maria Casar\u00e8s ou M\u00e9lin\u00e9e Manouchian, nous rappelant que chaque migration est \u00e0 la fois ordinaire et extraordinaire, marqu\u00e9e par des projets, des r\u00eaves et des d\u00e9fis uniques.<\/p>\n<p>En fin de compte, la population - <strong>\u00e0 la fois objet et sujet de savoir et de pouvoir <\/strong>- refl\u00e8te les tensions entre le contr\u00f4le et l'autonomie dans nos soci\u00e9t\u00e9s modernes.<\/p>\n<p><strong>Derri\u00e8re les chiffres et les statistiques, ce sont des choix politiques et des vies humaines qui sont en jeu.<\/strong><\/p>\n<p>&nbsp;<\/p>\n<p><em>R\u00e9f\u00e9rences<\/em><\/p>\n<p><em>- Michel Foucault, \"Histoire de la Sexualit\u00e9. 1. La Volont\u00e9 de Savoir\", Gallimard, 1976<\/em><\/p>\n<p><em>- Michel Foucault, \"S\u00e9curit\u00e9, Territoire, Population\", Cours au Coll\u00e8ge de France 1978, Gallimard\/Seuil, 2004<\/em><\/p>\n<p><em>- Migrations, une odyss\u00e9e humaine\", exposition, Mus\u00e9e de l'Homme, Paris, du 27\/11\/2024 au 08\/06\/2025<\/em><\/p>\n<p><a href=\"https:\/\/www.accuracy.com\/wp-content\/uploads\/2025\/05\/Accuracy-Talks-Straight-12-UK.pdf\">T\u00e9l\u00e9charger le PDF &gt;<\/a><\/p>\n<p>&nbsp;<\/p>\n<hr \/>\n<p><strong>Sophie Chassat - Associ\u00e9e, Accuracy<\/strong><br \/>\n<em>Accuracy Talks Straight #12 - Le coin culturel<\/em><\/p>","protected":false},"excerpt":{"rendered":"<p>Demography is not just a matter of figures and statistics. In \u201cLa Volont\u00e9 de savoir\u201d, then in his lecture at the Coll\u00e8ge de France entitled \u201cS\u00e9curit\u00e9, Territoire, Population\u201d, the philosopher Michel Foucault develops the idea that it is above all a tool of power. He shows how, in the 18th century, the notion of \u201cpopulation\u201d [&hellip;]<\/p>\n","protected":false},"author":1,"featured_media":52477,"comment_status":"closed","ping_status":"closed","sticky":false,"template":"","format":"standard","meta":{"_acf_changed":false,"footnotes":""},"categories":[212,233],"tags":[386],"class_list":["post-52584","post","type-post","status-publish","format-standard","has-post-thumbnail","hentry","category-analysis","category-article","tag-accuracy-talks-straight-12"],"acf":[],"yoast_head":"<!-- This site is optimized with the Yoast SEO Premium plugin v27.5 (Yoast SEO v27.5) - https:\/\/yoast.com\/product\/yoast-seo-premium-wordpress\/ -->\n<title>Are demographics just numbers - Accuracy<\/title>\n<meta name=\"robots\" content=\"index, follow, max-snippet:-1, max-image-preview:large, max-video-preview:-1\" \/>\n<link rel=\"canonical\" href=\"https:\/\/www.accuracy.com\/fr\/les-donnees-demographiques-ne-sont-elles-que-des-chiffres\/\" \/>\n<meta property=\"og:locale\" content=\"fr_CA\" \/>\n<meta property=\"og:type\" content=\"article\" \/>\n<meta property=\"og:title\" content=\"Are demographics just numbers\" \/>\n<meta property=\"og:description\" content=\"Demography is not just a matter of figures and statistics. In \u201cLa Volont\u00e9 de savoir\u201d, then in his lecture at the Coll\u00e8ge de France entitled \u201cS\u00e9curit\u00e9, Territoire, Population\u201d, the philosopher Michel Foucault develops the idea that it is above all a tool of power. He shows how, in the 18th century, the notion of \u201cpopulation\u201d [&hellip;]\" \/>\n<meta property=\"og:url\" content=\"https:\/\/www.accuracy.com\/fr\/les-donnees-demographiques-ne-sont-elles-que-des-chiffres\/\" \/>\n<meta property=\"og:site_name\" content=\"Accuracy\" \/>\n<meta property=\"article:published_time\" content=\"2025-04-18T09:29:13+00:00\" \/>\n<meta property=\"article:modified_time\" content=\"2025-05-07T08:58:26+00:00\" \/>\n<meta property=\"og:image\" content=\"https:\/\/www.accuracy.com\/wp-content\/uploads\/2025\/04\/shutterstock_2366626339-scaled.jpg\" \/>\n\t<meta property=\"og:image:width\" content=\"2560\" \/>\n\t<meta property=\"og:image:height\" content=\"1440\" \/>\n\t<meta property=\"og:image:type\" content=\"image\/jpeg\" \/>\n<meta name=\"author\" content=\"dev\" \/>\n<meta name=\"twitter:card\" content=\"summary_large_image\" \/>\n<meta name=\"twitter:label1\" content=\"\u00c9crit par\" \/>\n\t<meta name=\"twitter:data1\" content=\"dev\" \/>\n\t<meta name=\"twitter:label2\" content=\"Estimation du temps de lecture\" \/>\n\t<meta name=\"twitter:data2\" content=\"3 minutes\" \/>\n<script type=\"application\/ld+json\" class=\"yoast-schema-graph\">{\"@context\":\"https:\\\/\\\/schema.org\",\"@graph\":[{\"@type\":\"Article\",\"@id\":\"https:\\\/\\\/www.accuracy.com\\\/en_gb\\\/are-demographics-just-numbers\\\/#article\",\"isPartOf\":{\"@id\":\"https:\\\/\\\/www.accuracy.com\\\/en_gb\\\/are-demographics-just-numbers\\\/\"},\"author\":{\"name\":\"dev\",\"@id\":\"https:\\\/\\\/www.accuracy.com\\\/#\\\/schema\\\/person\\\/8cfdef62d7af45536d2b7b45979f72e7\"},\"headline\":\"Are demographics just numbers\",\"datePublished\":\"2025-04-18T09:29:13+00:00\",\"dateModified\":\"2025-05-07T08:58:26+00:00\",\"mainEntityOfPage\":{\"@id\":\"https:\\\/\\\/www.accuracy.com\\\/en_gb\\\/are-demographics-just-numbers\\\/\"},\"wordCount\":501,\"publisher\":{\"@id\":\"https:\\\/\\\/www.accuracy.com\\\/#organization\"},\"image\":{\"@id\":\"https:\\\/\\\/www.accuracy.com\\\/en_gb\\\/are-demographics-just-numbers\\\/#primaryimage\"},\"thumbnailUrl\":\"https:\\\/\\\/www.accuracy.com\\\/wp-content\\\/uploads\\\/2025\\\/04\\\/shutterstock_2366626339-scaled.jpg\",\"keywords\":[\"Accuracy Talks Straight 12\"],\"articleSection\":[\"Analysis\",\"Article\"],\"inLanguage\":\"fr-CA\"},{\"@type\":\"WebPage\",\"@id\":\"https:\\\/\\\/www.accuracy.com\\\/en_gb\\\/are-demographics-just-numbers\\\/\",\"url\":\"https:\\\/\\\/www.accuracy.com\\\/en_gb\\\/are-demographics-just-numbers\\\/\",\"name\":\"Are demographics just numbers - Accuracy\",\"isPartOf\":{\"@id\":\"https:\\\/\\\/www.accuracy.com\\\/#website\"},\"primaryImageOfPage\":{\"@id\":\"https:\\\/\\\/www.accuracy.com\\\/en_gb\\\/are-demographics-just-numbers\\\/#primaryimage\"},\"image\":{\"@id\":\"https:\\\/\\\/www.accuracy.com\\\/en_gb\\\/are-demographics-just-numbers\\\/#primaryimage\"},\"thumbnailUrl\":\"https:\\\/\\\/www.accuracy.com\\\/wp-content\\\/uploads\\\/2025\\\/04\\\/shutterstock_2366626339-scaled.jpg\",\"datePublished\":\"2025-04-18T09:29:13+00:00\",\"dateModified\":\"2025-05-07T08:58:26+00:00\",\"breadcrumb\":{\"@id\":\"https:\\\/\\\/www.accuracy.com\\\/en_gb\\\/are-demographics-just-numbers\\\/#breadcrumb\"},\"inLanguage\":\"fr-CA\",\"potentialAction\":[{\"@type\":\"ReadAction\",\"target\":[\"https:\\\/\\\/www.accuracy.com\\\/en_gb\\\/are-demographics-just-numbers\\\/\"]}]},{\"@type\":\"ImageObject\",\"inLanguage\":\"fr-CA\",\"@id\":\"https:\\\/\\\/www.accuracy.com\\\/en_gb\\\/are-demographics-just-numbers\\\/#primaryimage\",\"url\":\"https:\\\/\\\/www.accuracy.com\\\/wp-content\\\/uploads\\\/2025\\\/04\\\/shutterstock_2366626339-scaled.jpg\",\"contentUrl\":\"https:\\\/\\\/www.accuracy.com\\\/wp-content\\\/uploads\\\/2025\\\/04\\\/shutterstock_2366626339-scaled.jpg\",\"width\":2560,\"height\":1440},{\"@type\":\"BreadcrumbList\",\"@id\":\"https:\\\/\\\/www.accuracy.com\\\/en_gb\\\/are-demographics-just-numbers\\\/#breadcrumb\",\"itemListElement\":[{\"@type\":\"ListItem\",\"position\":1,\"name\":\"Accueil\",\"item\":\"https:\\\/\\\/www.accuracy.com\\\/\"},{\"@type\":\"ListItem\",\"position\":2,\"name\":\"Are demographics just numbers\"}]},{\"@type\":\"WebSite\",\"@id\":\"https:\\\/\\\/www.accuracy.com\\\/#website\",\"url\":\"https:\\\/\\\/www.accuracy.com\\\/\",\"name\":\"Accuracy\",\"description\":\"Business Advisers - Financial Consultants\",\"publisher\":{\"@id\":\"https:\\\/\\\/www.accuracy.com\\\/#organization\"},\"potentialAction\":[{\"@type\":\"SearchAction\",\"target\":{\"@type\":\"EntryPoint\",\"urlTemplate\":\"https:\\\/\\\/www.accuracy.com\\\/?s={search_term_string}\"},\"query-input\":{\"@type\":\"PropertyValueSpecification\",\"valueRequired\":true,\"valueName\":\"search_term_string\"}}],\"inLanguage\":\"fr-CA\"},{\"@type\":\"Organization\",\"@id\":\"https:\\\/\\\/www.accuracy.com\\\/#organization\",\"name\":\"Accuracy\",\"url\":\"https:\\\/\\\/www.accuracy.com\\\/\",\"logo\":{\"@type\":\"ImageObject\",\"inLanguage\":\"fr-CA\",\"@id\":\"https:\\\/\\\/www.accuracy.com\\\/#\\\/schema\\\/logo\\\/image\\\/\",\"url\":\"https:\\\/\\\/www.accuracy.com\\\/wp-content\\\/uploads\\\/2023\\\/08\\\/unnamed-3.jpg\",\"contentUrl\":\"https:\\\/\\\/www.accuracy.com\\\/wp-content\\\/uploads\\\/2023\\\/08\\\/unnamed-3.jpg\",\"width\":512,\"height\":512,\"caption\":\"Accuracy\"},\"image\":{\"@id\":\"https:\\\/\\\/www.accuracy.com\\\/#\\\/schema\\\/logo\\\/image\\\/\"},\"sameAs\":[\"https:\\\/\\\/www.linkedin.com\\\/company\\\/accuracy\\\/?originalSubdomain=fr\",\"https:\\\/\\\/www.instagram.com\\\/accuracycareers\\\/\"]},{\"@type\":\"Person\",\"@id\":\"https:\\\/\\\/www.accuracy.com\\\/#\\\/schema\\\/person\\\/8cfdef62d7af45536d2b7b45979f72e7\",\"name\":\"dev\",\"image\":{\"@type\":\"ImageObject\",\"inLanguage\":\"fr-CA\",\"@id\":\"https:\\\/\\\/secure.gravatar.com\\\/avatar\\\/f1ffcac9ca2fa95ad3ec33e9be3ade82f752acb0cabe541e56c5889225afa88a?s=96&d=blank&r=g\",\"url\":\"https:\\\/\\\/secure.gravatar.com\\\/avatar\\\/f1ffcac9ca2fa95ad3ec33e9be3ade82f752acb0cabe541e56c5889225afa88a?s=96&d=blank&r=g\",\"contentUrl\":\"https:\\\/\\\/secure.gravatar.com\\\/avatar\\\/f1ffcac9ca2fa95ad3ec33e9be3ade82f752acb0cabe541e56c5889225afa88a?s=96&d=blank&r=g\",\"caption\":\"dev\"},\"sameAs\":[\"https:\\\/\\\/www.accuracy.com\"]}]}<\/script>\n<!-- \/ Yoast SEO Premium plugin. -->","yoast_head_json":{"title":"Les donn\u00e9es d\u00e9mographiques ne sont-elles que des chiffres ? - Accuracy","robots":{"index":"index","follow":"follow","max-snippet":"max-snippet:-1","max-image-preview":"max-image-preview:large","max-video-preview":"max-video-preview:-1"},"canonical":"https:\/\/www.accuracy.com\/fr\/les-donnees-demographiques-ne-sont-elles-que-des-chiffres\/","og_locale":"fr_CA","og_type":"article","og_title":"Are demographics just numbers","og_description":"Demography is not just a matter of figures and statistics. In \u201cLa Volont\u00e9 de savoir\u201d, then in his lecture at the Coll\u00e8ge de France entitled \u201cS\u00e9curit\u00e9, Territoire, Population\u201d, the philosopher Michel Foucault develops the idea that it is above all a tool of power. He shows how, in the 18th century, the notion of \u201cpopulation\u201d [&hellip;]","og_url":"https:\/\/www.accuracy.com\/fr\/les-donnees-demographiques-ne-sont-elles-que-des-chiffres\/","og_site_name":"Accuracy","article_published_time":"2025-04-18T09:29:13+00:00","article_modified_time":"2025-05-07T08:58:26+00:00","og_image":[{"width":2560,"height":1440,"url":"https:\/\/www.accuracy.com\/wp-content\/uploads\/2025\/04\/shutterstock_2366626339-scaled.jpg","type":"image\/jpeg"}],"author":"dev","twitter_card":"summary_large_image","twitter_misc":{"\u00c9crit par":"dev","Estimation du temps de lecture":"3 minutes"},"schema":{"@context":"https:\/\/schema.org","@graph":[{"@type":"Article","@id":"https:\/\/www.accuracy.com\/en_gb\/are-demographics-just-numbers\/#article","isPartOf":{"@id":"https:\/\/www.accuracy.com\/en_gb\/are-demographics-just-numbers\/"},"author":{"name":"dev","@id":"https:\/\/www.accuracy.com\/#\/schema\/person\/8cfdef62d7af45536d2b7b45979f72e7"},"headline":"Are demographics just numbers","datePublished":"2025-04-18T09:29:13+00:00","dateModified":"2025-05-07T08:58:26+00:00","mainEntityOfPage":{"@id":"https:\/\/www.accuracy.com\/en_gb\/are-demographics-just-numbers\/"},"wordCount":501,"publisher":{"@id":"https:\/\/www.accuracy.com\/#organization"},"image":{"@id":"https:\/\/www.accuracy.com\/en_gb\/are-demographics-just-numbers\/#primaryimage"},"thumbnailUrl":"https:\/\/www.accuracy.com\/wp-content\/uploads\/2025\/04\/shutterstock_2366626339-scaled.jpg","keywords":["Accuracy Talks Straight 12"],"articleSection":["Analysis","Article"],"inLanguage":"fr-CA"},{"@type":"WebPage","@id":"https:\/\/www.accuracy.com\/en_gb\/are-demographics-just-numbers\/","url":"https:\/\/www.accuracy.com\/en_gb\/are-demographics-just-numbers\/","name":"Les donn\u00e9es d\u00e9mographiques ne sont-elles que des chiffres ? - Accuracy","isPartOf":{"@id":"https:\/\/www.accuracy.com\/#website"},"primaryImageOfPage":{"@id":"https:\/\/www.accuracy.com\/en_gb\/are-demographics-just-numbers\/#primaryimage"},"image":{"@id":"https:\/\/www.accuracy.com\/en_gb\/are-demographics-just-numbers\/#primaryimage"},"thumbnailUrl":"https:\/\/www.accuracy.com\/wp-content\/uploads\/2025\/04\/shutterstock_2366626339-scaled.jpg","datePublished":"2025-04-18T09:29:13+00:00","dateModified":"2025-05-07T08:58:26+00:00","breadcrumb":{"@id":"https:\/\/www.accuracy.com\/en_gb\/are-demographics-just-numbers\/#breadcrumb"},"inLanguage":"fr-CA","potentialAction":[{"@type":"ReadAction","target":["https:\/\/www.accuracy.com\/en_gb\/are-demographics-just-numbers\/"]}]},{"@type":"ImageObject","inLanguage":"fr-CA","@id":"https:\/\/www.accuracy.com\/en_gb\/are-demographics-just-numbers\/#primaryimage","url":"https:\/\/www.accuracy.com\/wp-content\/uploads\/2025\/04\/shutterstock_2366626339-scaled.jpg","contentUrl":"https:\/\/www.accuracy.com\/wp-content\/uploads\/2025\/04\/shutterstock_2366626339-scaled.jpg","width":2560,"height":1440},{"@type":"BreadcrumbList","@id":"https:\/\/www.accuracy.com\/en_gb\/are-demographics-just-numbers\/#breadcrumb","itemListElement":[{"@type":"ListItem","position":1,"name":"Accueil","item":"https:\/\/www.accuracy.com\/"},{"@type":"ListItem","position":2,"name":"Are demographics just numbers"}]},{"@type":"WebSite","@id":"https:\/\/www.accuracy.com\/#website","url":"https:\/\/www.accuracy.com\/","name":"Pr\u00e9cision","description":"Conseillers d'entreprise - Consultants financiers","publisher":{"@id":"https:\/\/www.accuracy.com\/#organization"},"potentialAction":[{"@type":"SearchAction","target":{"@type":"EntryPoint","urlTemplate":"https:\/\/www.accuracy.com\/?s={search_term_string}"},"query-input":{"@type":"PropertyValueSpecification","valueRequired":true,"valueName":"search_term_string"}}],"inLanguage":"fr-CA"},{"@type":"Organization","@id":"https:\/\/www.accuracy.com\/#organization","name":"Pr\u00e9cision","url":"https:\/\/www.accuracy.com\/","logo":{"@type":"ImageObject","inLanguage":"fr-CA","@id":"https:\/\/www.accuracy.com\/#\/schema\/logo\/image\/","url":"https:\/\/www.accuracy.com\/wp-content\/uploads\/2023\/08\/unnamed-3.jpg","contentUrl":"https:\/\/www.accuracy.com\/wp-content\/uploads\/2023\/08\/unnamed-3.jpg","width":512,"height":512,"caption":"Accuracy"},"image":{"@id":"https:\/\/www.accuracy.com\/#\/schema\/logo\/image\/"},"sameAs":["https:\/\/www.linkedin.com\/company\/accuracy\/?originalSubdomain=fr","https:\/\/www.instagram.com\/accuracycareers\/"]},{"@type":"Person","@id":"https:\/\/www.accuracy.com\/#\/schema\/person\/8cfdef62d7af45536d2b7b45979f72e7","name":"dev","image":{"@type":"ImageObject","inLanguage":"fr-CA","@id":"https:\/\/secure.gravatar.com\/avatar\/f1ffcac9ca2fa95ad3ec33e9be3ade82f752acb0cabe541e56c5889225afa88a?s=96&d=blank&r=g","url":"https:\/\/secure.gravatar.com\/avatar\/f1ffcac9ca2fa95ad3ec33e9be3ade82f752acb0cabe541e56c5889225afa88a?s=96&d=blank&r=g","contentUrl":"https:\/\/secure.gravatar.com\/avatar\/f1ffcac9ca2fa95ad3ec33e9be3ade82f752acb0cabe541e56c5889225afa88a?s=96&d=blank&r=g","caption":"dev"},"sameAs":["https:\/\/www.accuracy.com"]}]}},"_links":{"self":[{"href":"https:\/\/www.accuracy.com\/fr\/wp-json\/wp\/v2\/posts\/52584","targetHints":{"allow":["GET"]}}],"collection":[{"href":"https:\/\/www.accuracy.com\/fr\/wp-json\/wp\/v2\/posts"}],"about":[{"href":"https:\/\/www.accuracy.com\/fr\/wp-json\/wp\/v2\/types\/post"}],"author":[{"embeddable":true,"href":"https:\/\/www.accuracy.com\/fr\/wp-json\/wp\/v2\/users\/1"}],"replies":[{"embeddable":true,"href":"https:\/\/www.accuracy.com\/fr\/wp-json\/wp\/v2\/comments?post=52584"}],"version-history":[{"count":9,"href":"https:\/\/www.accuracy.com\/fr\/wp-json\/wp\/v2\/posts\/52584\/revisions"}],"predecessor-version":[{"id":53115,"href":"https:\/\/www.accuracy.com\/fr\/wp-json\/wp\/v2\/posts\/52584\/revisions\/53115"}],"wp:featuredmedia":[{"embeddable":true,"href":"https:\/\/www.accuracy.com\/fr\/wp-json\/wp\/v2\/media\/52477"}],"wp:attachment":[{"href":"https:\/\/www.accuracy.com\/fr\/wp-json\/wp\/v2\/media?parent=52584"}],"wp:term":[{"taxonomy":"category","embeddable":true,"href":"https:\/\/www.accuracy.com\/fr\/wp-json\/wp\/v2\/categories?post=52584"},{"taxonomy":"post_tag","embeddable":true,"href":"https:\/\/www.accuracy.com\/fr\/wp-json\/wp\/v2\/tags?post=52584"}],"curies":[{"name":"wp","href":"https:\/\/api.w.org\/{rel}","templated":true}]}}