{"id":52493,"date":"2025-04-22T14:13:01","date_gmt":"2025-04-22T12:13:01","guid":{"rendered":"https:\/\/www.accuracy.com\/?p=52493"},"modified":"2025-05-07T10:47:53","modified_gmt":"2025-05-07T08:47:53","slug":"et-si-la-demographie-netait-plus-resiliente","status":"publish","type":"post","link":"https:\/\/www.accuracy.com\/fr\/what-if-demography-were-no-longer-resilient\/","title":{"rendered":"Et si la d\u00e9mographie n'\u00e9tait plus r\u00e9siliente ?"},"content":{"rendered":"<p><strong>De plus en plus d'experts discutent du risque de d\u00e9clin d\u00e9mographique et de ses implications socio-\u00e9conomiques. <\/strong>Ils soulignent la bombe \u00e0 retardement que constitue le vieillissement de la population chinoise, mais aussi la chute vertigineuse des taux de natalit\u00e9 dans les pays occidentaux, o\u00f9 les taux de f\u00e9condit\u00e9 stagnent.<\/p>\n<p>Il s'agit d'une question cruciale car <strong>la dynamique de la population est souvent le principal moteur de la croissance du march\u00e9 en volume.<\/strong><\/p>\n<p>Il est \u00e9vident que plus une population augmente, plus il y a de bouches \u00e0 nourrir, de personnes \u00e0 v\u00eatir et \u00e0 servir, de marchandises \u00e0 transporter, de services \u00e0 fournir...<\/p>\n<p>Une fois de plus, bien que ce sujet puisse sembler simple et bien document\u00e9, <strong>il est essentiel d'examiner les chiffres pour saisir la r\u00e9alit\u00e9 et \u00e9valuer l'ampleur de cette tendance.<\/strong> Et une fois les ordres de grandeur \u00e9tablis, il faut aussi s'interroger sur l'impact de cette tendance sur des secteurs sp\u00e9cifiques de notre activit\u00e9 \u00e9conomique.<\/p>\n<p><span style=\"color: #ce1719;\"><strong>TENDANCES D\u00c9MOGRAPHIQUES PASS\u00c9ES ET FUTURES<\/strong><\/span><\/p>\n<p><strong>Entre 1950 et 2024, <\/strong>la population mondiale est pass\u00e9e de 2,5 milliards \u00e0 8,1 milliards de personnes.<\/p>\n<p>Cela correspond \u00e0 une croissance annuelle moyenne de 1,6%. <strong>Deux phases peuvent \u00eatre identifi\u00e9es : <\/strong><\/p>\n<ul>\n<li>De 1950 \u00e0 1990, avec une croissance annuelle moyenne de 1,9%<\/li>\n<li>De 1990 \u00e0 2024, avec une croissance annuelle moyenne de 1,3%.<\/li>\n<\/ul>\n<p><strong>La premi\u00e8re observation cl\u00e9<\/strong> est que, malgr\u00e9 une nette d\u00e9c\u00e9l\u00e9ration de la croissance d\u00e9mographique mondiale, la population mondiale a tout de m\u00eame plus que tripl\u00e9 au cours de cette p\u00e9riode.<\/p>\n<p><span style=\"color: #ce1719;\"><strong>CROISSANCE PAR CONTINENT<\/strong><\/span><\/p>\n<p><strong>La deuxi\u00e8me observation cl\u00e9<\/strong> est que la r\u00e9partition g\u00e9ographique de la population a consid\u00e9rablement chang\u00e9.<\/p>\n<p><strong>En 1950,<\/strong> L'Asie repr\u00e9sentait 53% de la population mondiale ; l'Europe et les Am\u00e9riques, 36% ; et l'Afrique et le Moyen-Orient, 11% (population totale de 2,5 milliards).<\/p>\n<p><strong>En 2024,<\/strong> L'Asie repr\u00e9sentait 55% de la population ; l'Europe et les Am\u00e9riques, 23% ; et l'Afrique et le Moyen-Orient, 22% (population totale de 8,1 milliards).<\/p>\n<p>Il convient de noter qu'en termes absolus, <strong>les populations europ\u00e9ennes et am\u00e9ricaines ont encore doubl\u00e9, mais les populations africaines et du Moyen-Orient ont \u00e9t\u00e9 multipli\u00e9es par plus de six.<\/strong><\/p>\n<p style=\"text-align: center;\"><strong>R\u00e9partition de la population mondiale par secteur g\u00e9ographique - 1950<\/strong><\/p>\n<p><img fetchpriority=\"high\" decoding=\"async\" class=\"wp-image-52502 aligncenter\" src=\"https:\/\/www.accuracy.com\/wp-content\/uploads\/2025\/04\/ATS12-1.png\" alt=\"\" width=\"650\" height=\"499\" srcset=\"https:\/\/www.accuracy.com\/wp-content\/uploads\/2025\/04\/ATS12-1.png 1021w, https:\/\/www.accuracy.com\/wp-content\/uploads\/2025\/04\/ATS12-1-300x230.png 300w, https:\/\/www.accuracy.com\/wp-content\/uploads\/2025\/04\/ATS12-1-768x590.png 768w, https:\/\/www.accuracy.com\/wp-content\/uploads\/2025\/04\/ATS12-1-16x12.png 16w\" sizes=\"(max-width: 650px) 100vw, 650px\" \/><\/p>\n<p>&nbsp;<\/p>\n<p style=\"text-align: center;\"><strong>R\u00e9partition de la population mondiale par segment g\u00e9ographique - 2024<\/strong><\/p>\n<p><img decoding=\"async\" class=\"aligncenter wp-image-52501\" src=\"https:\/\/www.accuracy.com\/wp-content\/uploads\/2025\/04\/ATS12-2.png\" alt=\"\" width=\"650\" height=\"475\" srcset=\"https:\/\/www.accuracy.com\/wp-content\/uploads\/2025\/04\/ATS12-2.png 961w, https:\/\/www.accuracy.com\/wp-content\/uploads\/2025\/04\/ATS12-2-300x219.png 300w, https:\/\/www.accuracy.com\/wp-content\/uploads\/2025\/04\/ATS12-2-768x562.png 768w, https:\/\/www.accuracy.com\/wp-content\/uploads\/2025\/04\/ATS12-2-16x12.png 16w\" sizes=\"(max-width: 650px) 100vw, 650px\" \/><\/p>\n<p>&nbsp;<\/p>\n<p><span style=\"color: #ce1719;\"><strong>DEUX PRINCIPAUX MOTEURS DE CROISSANCE<\/strong><\/span><\/p>\n<p>Suite \u00e0 cette premi\u00e8re s\u00e9rie d'observations, notre premi\u00e8re remarque est l'explosion de la population mondiale entre 1950 et aujourd'hui.<\/p>\n<p>Cette croissance historique est due \u00e0 deux facteurs compl\u00e9mentaires :<\/p>\n<ul>\n<li>Un taux de natalit\u00e9 \u00e9lev\u00e9, d\u00e9passant le seuil de remplacement des g\u00e9n\u00e9rations : en 1950, le taux de f\u00e9condit\u00e9 moyen \u00e9tait de 4,9 enfants par femme, mais il n'a cess\u00e9 de diminuer pour atteindre 2,3 enfants par femme en 2024.<\/li>\n<li>Une augmentation de l'esp\u00e9rance de vie moyenne, rendue possible par les progr\u00e8s significatifs de l'industrie pharmaceutique et de l'acc\u00e8s aux soins de sant\u00e9. Selon les statistiques de l'ONU, celle-ci est pass\u00e9e d'une moyenne de 46,5 ans en 1950 \u00e0 73,3 ans en 2024.<\/li>\n<\/ul>\n<p>&nbsp;<\/p>\n<p><span style=\"color: #ce1719;\"><strong>D\u00c9VELOPPEMENT FUTUR PR\u00c9VU<\/strong><\/span><\/p>\n<p>Notre analyse des tendances futures de la population mondiale est bas\u00e9e sur le sc\u00e9nario central des Nations unies et tient compte de l'\u00e9volution des deux principaux facteurs mentionn\u00e9s ci-dessus.<\/p>\n<p><em><strong>Taux de f\u00e9condit\u00e9<\/strong><\/em><\/p>\n<p>Les d\u00e9mographes des Nations unies pr\u00e9voient que les taux de natalit\u00e9 en 2100 sur tous les continents seront inf\u00e9rieurs au seuil de remplacement des g\u00e9n\u00e9rations.<\/p>\n<p>Le taux de f\u00e9condit\u00e9 mondial moyen est alors estim\u00e9 \u00e0 1,8 enfant par femme.<\/p>\n<p>Les derni\u00e8res r\u00e9gions \u00e0 passer sous ce seuil seraient l'Asie du Sud (2040), l'Asie centrale et l'Afrique du Nord \/ Moyen-Orient (2070) et l'Afrique subsaharienne (2100).<\/p>\n<p><em><strong>Esp\u00e9rance de vie<\/strong><\/em><\/p>\n<p>Les Nations unies pr\u00e9voient une esp\u00e9rance de vie moyenne de 77 ans en 2050, soit une augmentation de 3,7 ans par rapport au niveau actuel.<\/p>\n<p>Les projections pour 2100 ne sont pas explicitement indiqu\u00e9es, mais nous comprenons que le mod\u00e8le int\u00e8gre un ralentissement de la croissance de l'esp\u00e9rance de vie entre 2050 et 2100.<\/p>\n<p>Sur la base de ces hypoth\u00e8ses, la population mondiale devrait culminer \u00e0 environ 10,4 milliards d'habitants entre 2080 et 2090, avant de commencer \u00e0 diminuer \u00e0 partir de 2100.<\/p>\n<p><strong>Le taux de croissance par d\u00e9cennie serait le suivant :<\/strong><\/p>\n<p><img decoding=\"async\" class=\"wp-image-52500 size-full alignnone\" src=\"https:\/\/www.accuracy.com\/wp-content\/uploads\/2025\/04\/ATS12-3.png\" alt=\"\" width=\"1021\" height=\"123\" srcset=\"https:\/\/www.accuracy.com\/wp-content\/uploads\/2025\/04\/ATS12-3.png 1021w, https:\/\/www.accuracy.com\/wp-content\/uploads\/2025\/04\/ATS12-3-300x36.png 300w, https:\/\/www.accuracy.com\/wp-content\/uploads\/2025\/04\/ATS12-3-768x93.png 768w, https:\/\/www.accuracy.com\/wp-content\/uploads\/2025\/04\/ATS12-3-18x2.png 18w\" sizes=\"(max-width: 1021px) 100vw, 1021px\" \/><\/p>\n<p>\u00c0 l'\u00e9chelle mondiale, et compte tenu de l'impact actuel de l'humanit\u00e9 sur la plan\u00e8te, la synth\u00e8se des <strong>Ces pr\u00e9visions semblent plut\u00f4t rassurantes :<\/strong><\/p>\n<ul>\n<li>La croissance de la population mondiale devrait ralentir pour atteindre 0% en 2090.<\/li>\n<li>La population mondiale devrait atteindre temporairement un pic d'environ 10,4 milliards d'habitants et d\u00e9cliner lentement par la suite.<\/li>\n<\/ul>\n<p><strong>Cependant, il existe deux grands contrepoints \u00e0 cette vision :<\/strong><\/p>\n<ul>\n<li>Cette projection comprend une <strong>le vieillissement important de la population :<\/strong> dans la seconde moiti\u00e9 des ann\u00e9es 2070, le nombre de personnes \u00e2g\u00e9es de 65 ans et plus devrait atteindre 2,2 milliards, d\u00e9passant le nombre de personnes \u00e2g\u00e9es de moins de 18 ans.<\/li>\n<li><strong>Sur le plan g\u00e9ographique, la dynamique serait beaucoup plus vari\u00e9e :<br \/>\n<\/strong>En 2100, l'Asie ne repr\u00e9senterait plus que 40% de la population ; l'Europe et les Am\u00e9riques, 17% ; et l'Afrique et le Moyen-Orient, 43% (population totale de 10,4 milliards).<\/li>\n<\/ul>\n<p><strong>En d'autres termes (et chiffres !):<\/strong><\/p>\n<ul>\n<li>La population chinoise sera 45% moins nombreuse en 2100 qu'en 2024.<\/li>\n<li>La population europ\u00e9enne diminuera de 13%.<\/li>\n<li>La population des Am\u00e9riques augmentera de 5%.<\/li>\n<li>L'Asie (hors Chine) conna\u00eetra une augmentation de 13%.<\/li>\n<li>Les populations d'Afrique et du Moyen-Orient augmenteront de +146%.<\/li>\n<\/ul>\n<p style=\"text-align: center;\"><strong>R\u00e9partition de la population mondiale par segment g\u00e9ographique - 2100<\/strong><\/p>\n<p><img loading=\"lazy\" decoding=\"async\" class=\"wp-image-52829 aligncenter\" src=\"https:\/\/www.accuracy.com\/wp-content\/uploads\/2025\/04\/ATS12-4-copy.jpg\" alt=\"\" width=\"650\" height=\"347\" srcset=\"https:\/\/www.accuracy.com\/wp-content\/uploads\/2025\/04\/ATS12-4-copy.jpg 984w, https:\/\/www.accuracy.com\/wp-content\/uploads\/2025\/04\/ATS12-4-copy-300x160.jpg 300w, https:\/\/www.accuracy.com\/wp-content\/uploads\/2025\/04\/ATS12-4-copy-768x411.jpg 768w, https:\/\/www.accuracy.com\/wp-content\/uploads\/2025\/04\/ATS12-4-copy-18x10.jpg 18w\" sizes=\"(max-width: 650px) 100vw, 650px\" \/><\/p>\n<p><span style=\"color: #ce1719;\"><strong>EN R\u00c9SUM\u00c9<\/strong><\/span><\/p>\n<p><strong>Au-del\u00e0 des id\u00e9es re\u00e7ues, un examen d\u00e9taill\u00e9 des projections de l'ONU permet d'\u00e9clairer les enjeux :<\/strong><\/p>\n<ul>\n<li>Le d\u00e9fi d\u00e9mographique auquel est confront\u00e9e la Chine est crucial :<strong> la population devrait diminuer de moiti\u00e9, <\/strong>combin\u00e9e \u00e0 un vieillissement tr\u00e8s marqu\u00e9. La capacit\u00e9 de la Chine \u00e0 s'ouvrir \u00e0 ses pays voisins et sa politique \u00e0 l'\u00e9gard de l'Afrique (les politiques actuelles sont davantage ax\u00e9es sur le d\u00e9veloppement de l'extraction des mati\u00e8res premi\u00e8res et des infrastructures de transport que sur le d\u00e9veloppement urbain et les infrastructures d\u00e9di\u00e9es \u00e0 la population) seront des questions cruciales.<\/li>\n<li>La population de l'Europe devrait <strong>le d\u00e9clin et l'\u00e2ge<\/strong> Mais les flux migratoires en provenance d'Afrique pourront compenser la baisse de population, sous r\u00e9serve de la capacit\u00e9 de ces zones \u00e0 g\u00e9rer positivement la pression d\u00e9mographique africaine sur le continent africain et en Europe.<\/li>\n<li><strong>Les Am\u00e9riques offriront de loin la plus grande r\u00e9sistance d\u00e9mographique au cours du si\u00e8cle \u00e0 venir. <\/strong><\/li>\n<\/ul>\n<p>&nbsp;<\/p>\n<p><span style=\"color: #ce1719;\"><strong>QUELLES SONT LES IMPLICATIONS POUR LES ENTREPRISES ?<\/strong><\/span><\/p>\n<p>Ces tendances fondamentales ne manqueront pas d'avoir <strong>des implications majeures pour des pans entiers de nos \u00e9conomies. <\/strong><\/p>\n<p>Nous d\u00e9crivons ci-dessous les principaux d\u00e9fis pour trois d'entre eux :<strong> les infrastructures, les soins de sant\u00e9 et les biens de consommation (mode\/FMCG).<\/strong><\/p>\n<p><strong>INFRASTRUCTURE<\/strong><\/p>\n<p>Les projections de croissance d\u00e9mographique future mettent en \u00e9vidence <strong>l'immense besoin d'investissements dans les infrastructures<\/strong> en Afrique\/Moyen-Orient et, dans une moindre mesure, en Asie hors Chine.<\/p>\n<p>\u00c9tant donn\u00e9 que les infrastructures de l'Afrique sont en retard par rapport au reste du monde et que sa population devrait \u00eatre multipli\u00e9e par 2,5 d'ici 2100, ces besoins en infrastructures deviendront imp\u00e9ratifs si l'on ne veut pas que certaines soci\u00e9t\u00e9s s'effondrent. De nombreuses questions restent en suspens quant au financement de ces infrastructures et \u00e0 la capacit\u00e9 des pays \u00e0 r\u00e9aliser des \u00e9conomies d'\u00e9chelle. <strong>la stabilit\u00e9 politique et \u00e9conomique<\/strong> dans les d\u00e9cennies \u00e0 venir.<\/p>\n<p>Esp\u00e9rons que l'exp\u00e9rience pass\u00e9e ne pr\u00e9sage pas de l'avenir et que certaines innovations permettront \u00e0 des pays d'\u00e9merger r\u00e9ellement et d\u00e9finitivement. La combinaison de l'\u00e9nergie photovolta\u00efque avec (i) les technologies de dessalement, (ii) la fertilisation agricole ou (iii) la production d'hydrog\u00e8ne vert semble prometteuse mais encore loin d'une mise en \u0153uvre \u00e0 grande \u00e9chelle. Les monarchies p\u00e9troli\u00e8res semblent avoir pris la mesure de l'enjeu, mais leurs investissements se diffuseront-ils de mani\u00e8re saine et durable en Afrique ?<\/p>\n<p>Et si oui, \u00e0 quelle vitesse ? De l'autre c\u00f4t\u00e9 du spectre, il est probable que l'on s'inqui\u00e8te de plus en plus des conditions et du co\u00fbt de l'entretien des infrastructures europ\u00e9ennes et chinoises face au vieillissement et au d\u00e9clin des populations.<\/p>\n<p><strong>Le d\u00e9fi du vieillissement et de la diminution des populations en Chine et en Europe est \u00e9galement susceptible d'avoir un impact majeur sur certains secteurs :<\/strong><\/p>\n<ul>\n<li>Positif pour l'industrie pharmaceutique<\/li>\n<li>Bilan mitig\u00e9 pour le secteur des services aux particuliers<\/li>\n<li>N\u00e9gatif pour les industries des produits de luxe et des biens de grande consommation.<\/li>\n<\/ul>\n<p>L'analyse suivante fournit des indications utiles sur les diff\u00e9rences de consommation par groupe d'\u00e2ge dans une population \u00e9conomiquement d\u00e9velopp\u00e9e.<\/p>\n<p><span style=\"color: #ce1719;\"><strong>SERVICES DE SANT\u00c9 ET PRODUITS PHARMACEUTIQUES<\/strong><\/span><\/p>\n<p><strong>Il est \u00e9vident que les d\u00e9penses de sant\u00e9 augmentent de mani\u00e8re significative avec l'\u00e2ge des patients.<\/strong> Le vieillissement de la population aura donc un effet multiplicateur sur le secteur, en raison du nombre de patients et du budget moyen par patient. Il est \u00e9galement raisonnable de supposer que <strong>les progr\u00e8s scientifiques constants dans le domaine des soins de sant\u00e9 entra\u00eeneront une nouvelle augmentation des ressources allou\u00e9es par patient. <\/strong><\/p>\n<p><strong>Pour illustrer ce point :<\/strong><\/p>\n<p>Un patient am\u00e9ricain de 70 ans contribue au secteur de la sant\u00e9 \u00e0 hauteur de 1.4T4.300 par an, contre 1.4T650 par an pour un jeune de 20 ans (soit un facteur de 6,6).<\/p>\n<p>En Chine, les diff\u00e9rences sont moins importantes mais restent significatives. <strong>Seront-ils plus nombreux \u00e0 mesure que la m\u00e9decine chinoise s'orientera vers des \u00e9quivalents plus occidentaux ? <\/strong><\/p>\n<p>Un patient chinois de 70 ans rapporte 2 000 RMB par an au secteur de la sant\u00e9, contre 1 100 RMB par an pour un jeune de 20 ans (soit un facteur de 1,8). Au-del\u00e0 du budget sant\u00e9 par habitant, le secteur sera confront\u00e9 \u00e0 une p\u00e9nurie massive de personnel soignant pour assister les personnes \u00e2g\u00e9es, tant au niveau du suivi m\u00e9dical que de l'assistance quotidienne. <strong>Elon Musk pr\u00e9voit une population de 10 milliards de robots humano\u00efdes d'ici la fin du si\u00e8cle.<\/strong> G\u00e9nie visionnaire ou folie ?<\/p>\n<p style=\"text-align: center;\"><strong>D\u00e9penses de sant\u00e9 - \u00c9tats-Unis<br \/>\n<\/strong><br \/>\n<img loading=\"lazy\" decoding=\"async\" class=\"alignnone wp-image-52498\" src=\"https:\/\/www.accuracy.com\/wp-content\/uploads\/2025\/04\/ATS12-5.png\" alt=\"\" width=\"650\" height=\"314\" srcset=\"https:\/\/www.accuracy.com\/wp-content\/uploads\/2025\/04\/ATS12-5.png 1021w, https:\/\/www.accuracy.com\/wp-content\/uploads\/2025\/04\/ATS12-5-300x145.png 300w, https:\/\/www.accuracy.com\/wp-content\/uploads\/2025\/04\/ATS12-5-768x371.png 768w, https:\/\/www.accuracy.com\/wp-content\/uploads\/2025\/04\/ATS12-5-18x9.png 18w\" sizes=\"(max-width: 650px) 100vw, 650px\" \/><\/p>\n<p>&nbsp;<\/p>\n<p style=\"text-align: center;\"><strong>D\u00e9penses de sant\u00e9 - Chine<br \/>\n<\/strong><br \/>\n<img loading=\"lazy\" decoding=\"async\" class=\"alignnone wp-image-52497\" src=\"https:\/\/www.accuracy.com\/wp-content\/uploads\/2025\/04\/ATS12-6.png\" alt=\"\" width=\"650\" height=\"307\" srcset=\"https:\/\/www.accuracy.com\/wp-content\/uploads\/2025\/04\/ATS12-6.png 1021w, https:\/\/www.accuracy.com\/wp-content\/uploads\/2025\/04\/ATS12-6-300x142.png 300w, https:\/\/www.accuracy.com\/wp-content\/uploads\/2025\/04\/ATS12-6-768x363.png 768w, https:\/\/www.accuracy.com\/wp-content\/uploads\/2025\/04\/ATS12-6-18x8.png 18w\" sizes=\"(max-width: 650px) 100vw, 650px\" \/><\/p>\n<p>&nbsp;<\/p>\n<p><span style=\"color: #ce1719;\"><strong>MODE ET FMCG<\/strong><\/span><\/p>\n<p>\u00c0 l'autre extr\u00e9mit\u00e9 du spectre, on trouve les budgets des consommateurs consacr\u00e9s aux articles de mode. <strong>Il est bien connu que la p\u00e9riode de consommation maximale pour ce type d'articles se situe entre 25 et 50 ans,<\/strong> lorsque les gens deviennent plus conscients de leur apparence et commencent \u00e0 disposer d'un pouvoir d'achat croissant et significatif. Les personnes plus \u00e2g\u00e9es, bien que disposant de moyens financiers plus importants, sont moins soucieuses de leur garde-robe et vivent de leur stock de v\u00eatements existant.<\/p>\n<ul>\n<li><strong>Consommateurs am\u00e9ricains \u00e2g\u00e9s de 45 \u00e0 54 ans <\/strong>d\u00e9pensent en moyenne $837 par an pour des articles de mode, contre $611 pour les personnes \u00e2g\u00e9es de 65 \u00e0 74 ans et $481 pour celles de plus de 75 ans.<\/li>\n<li><strong>Consommateurs chinois \u00e2g\u00e9s de 30 ans<\/strong> d\u00e9pensent en moyenne 1 200 RMB par an pour des articles de mode, contre 500 RMB pour les personnes \u00e2g\u00e9es de 75 ans et plus.<\/li>\n<\/ul>\n<p><strong>Le vieillissement de la population constituera donc une double charge pour ce secteur \u00e9conomique,<\/strong> avec moins de jeunes consommateurs tr\u00e8s d\u00e9pensiers et plus de consommateurs plus \u00e2g\u00e9s qui sont moins sensibles \u00e0 cette cat\u00e9gorie.<\/p>\n<p style=\"text-align: center;\"><strong>D\u00e9penses d'habillement - \u00c9tats-Unis<br \/>\n<\/strong><br \/>\n<img loading=\"lazy\" decoding=\"async\" class=\"alignnone wp-image-52496\" src=\"https:\/\/www.accuracy.com\/wp-content\/uploads\/2025\/04\/ATS12-7.png\" alt=\"\" width=\"650\" height=\"323\" srcset=\"https:\/\/www.accuracy.com\/wp-content\/uploads\/2025\/04\/ATS12-7.png 1021w, https:\/\/www.accuracy.com\/wp-content\/uploads\/2025\/04\/ATS12-7-300x149.png 300w, https:\/\/www.accuracy.com\/wp-content\/uploads\/2025\/04\/ATS12-7-768x381.png 768w, https:\/\/www.accuracy.com\/wp-content\/uploads\/2025\/04\/ATS12-7-18x9.png 18w\" sizes=\"(max-width: 650px) 100vw, 650px\" \/><\/p>\n<p style=\"text-align: center;\"><strong>D\u00e9penses d'habillement - \u00c9tats-Unis<br \/>\n<\/strong><br \/>\n<img loading=\"lazy\" decoding=\"async\" class=\"alignnone wp-image-52495\" src=\"https:\/\/www.accuracy.com\/wp-content\/uploads\/2025\/04\/ATS12-8.png\" alt=\"\" width=\"650\" height=\"322\" srcset=\"https:\/\/www.accuracy.com\/wp-content\/uploads\/2025\/04\/ATS12-8.png 1021w, https:\/\/www.accuracy.com\/wp-content\/uploads\/2025\/04\/ATS12-8-300x149.png 300w, https:\/\/www.accuracy.com\/wp-content\/uploads\/2025\/04\/ATS12-8-768x381.png 768w, https:\/\/www.accuracy.com\/wp-content\/uploads\/2025\/04\/ATS12-8-18x9.png 18w\" sizes=\"(max-width: 650px) 100vw, 650px\" \/><\/p>\n<p>Nous venons d'analyser bri\u00e8vement <strong>les impacts potentiels pour trois secteurs d'activit\u00e9,<\/strong> et il est clair qu'elles seront importantes.<\/p>\n<p><strong>En r\u00e9alit\u00e9, tous les secteurs d'activit\u00e9 seront massivement touch\u00e9s.<\/strong><\/p>\n<p>Dans le meilleur des cas, il s'agira d'adapter significativement le mod\u00e8le \u00e9conomique, avec une d\u00e9formation importante du mix g\u00e9ographique, un transfert de valeur d'une tranche d'\u00e2ge \u00e0 l'autre, et une refonte des leviers de ciblage et des mod\u00e8les \u00e9conomiques.<\/p>\n<p>Dans les cas plus complexes (par exemple, les infrastructures en Afrique, les soins de sant\u00e9 dans les pays vieillissants, la gestion d'actifs et les syst\u00e8mes de retraite), il faudra partir de z\u00e9ro.<\/p>\n<p><strong>Les statistiques d\u00e9mographiques sont connues pour leur r\u00e9sistance. Les d\u00e9cideurs et les investisseurs ne pourront pas dire qu'ils ne savaient pas...<\/strong><\/p>\n<p>&nbsp;<\/p>\n<p><a href=\"https:\/\/www.accuracy.com\/wp-content\/uploads\/2025\/05\/Accuracy-Talks-Straight-12-UK.pdf\">T\u00e9l\u00e9charger le PDF &gt;<\/a><\/p>\n<hr \/>\n<p><strong>Jean-Fran\u00e7ois Partiot - Associ\u00e9, Accuracy \/ L\u00e9a Bocquillon - Consultante, Accuracy\u00a0<\/strong><br \/>\n<em>Accuracy Talks Straight #12 - Aper\u00e7u de l'industrie<\/em><\/p>","protected":false},"excerpt":{"rendered":"<p>More and more experts are discussing the risk of demographic decline and its socio- economic implications. They point to the ticking time bomb of an ageing Chinese population but also the precipitous fall in the birth rates of Western countries, where fertility rates are stalling. This is a crucial issue because population dynamics frequently serve [&hellip;]<\/p>\n","protected":false},"author":42,"featured_media":52473,"comment_status":"closed","ping_status":"closed","sticky":false,"template":"","format":"standard","meta":{"_acf_changed":false,"footnotes":""},"categories":[212,233],"tags":[386],"class_list":["post-52493","post","type-post","status-publish","format-standard","has-post-thumbnail","hentry","category-analysis","category-article","tag-accuracy-talks-straight-12"],"acf":[],"yoast_head":"<!-- This site is optimized with the Yoast SEO Premium plugin v27.5 (Yoast SEO v27.5) - https:\/\/yoast.com\/product\/yoast-seo-premium-wordpress\/ -->\n<title>What if demography were no longer resilient? - Accuracy<\/title>\n<meta name=\"robots\" content=\"index, follow, max-snippet:-1, max-image-preview:large, max-video-preview:-1\" \/>\n<link rel=\"canonical\" href=\"https:\/\/www.accuracy.com\/fr\/et-si-la-demographie-netait-plus-resiliente\/\" \/>\n<meta property=\"og:locale\" content=\"fr_CA\" \/>\n<meta property=\"og:type\" content=\"article\" \/>\n<meta property=\"og:title\" content=\"What if demography were no longer resilient?\" \/>\n<meta property=\"og:description\" content=\"More and more experts are discussing the risk of demographic decline and its socio- economic implications. They point to the ticking time bomb of an ageing Chinese population but also the precipitous fall in the birth rates of Western countries, where fertility rates are stalling. This is a crucial issue because population dynamics frequently serve [&hellip;]\" \/>\n<meta property=\"og:url\" content=\"https:\/\/www.accuracy.com\/fr\/et-si-la-demographie-netait-plus-resiliente\/\" \/>\n<meta property=\"og:site_name\" content=\"Accuracy\" \/>\n<meta property=\"article:published_time\" content=\"2025-04-22T12:13:01+00:00\" \/>\n<meta property=\"article:modified_time\" content=\"2025-05-07T08:47:53+00:00\" \/>\n<meta property=\"og:image\" content=\"https:\/\/www.accuracy.com\/wp-content\/uploads\/2025\/04\/shutterstock_1727882536-scaled.jpg\" \/>\n\t<meta property=\"og:image:width\" content=\"2560\" \/>\n\t<meta property=\"og:image:height\" content=\"1708\" \/>\n\t<meta property=\"og:image:type\" content=\"image\/jpeg\" \/>\n<meta name=\"author\" content=\"Van Nguyen\" \/>\n<meta name=\"twitter:card\" content=\"summary_large_image\" \/>\n<meta name=\"twitter:label1\" content=\"\u00c9crit par\" \/>\n\t<meta name=\"twitter:data1\" content=\"Van Nguyen\" \/>\n\t<meta name=\"twitter:label2\" content=\"Estimation du temps de lecture\" \/>\n\t<meta name=\"twitter:data2\" content=\"10 minutes\" \/>\n<script type=\"application\/ld+json\" class=\"yoast-schema-graph\">{\"@context\":\"https:\\\/\\\/schema.org\",\"@graph\":[{\"@type\":\"Article\",\"@id\":\"https:\\\/\\\/www.accuracy.com\\\/en_gb\\\/what-if-demography-were-no-longer-resilient\\\/#article\",\"isPartOf\":{\"@id\":\"https:\\\/\\\/www.accuracy.com\\\/en_gb\\\/what-if-demography-were-no-longer-resilient\\\/\"},\"author\":{\"name\":\"Van Nguyen\",\"@id\":\"https:\\\/\\\/www.accuracy.com\\\/#\\\/schema\\\/person\\\/11632b97ec903a99c3d7ea899eb532f0\"},\"headline\":\"What if demography were no longer resilient?\",\"datePublished\":\"2025-04-22T12:13:01+00:00\",\"dateModified\":\"2025-05-07T08:47:53+00:00\",\"mainEntityOfPage\":{\"@id\":\"https:\\\/\\\/www.accuracy.com\\\/en_gb\\\/what-if-demography-were-no-longer-resilient\\\/\"},\"wordCount\":1697,\"publisher\":{\"@id\":\"https:\\\/\\\/www.accuracy.com\\\/#organization\"},\"image\":{\"@id\":\"https:\\\/\\\/www.accuracy.com\\\/en_gb\\\/what-if-demography-were-no-longer-resilient\\\/#primaryimage\"},\"thumbnailUrl\":\"https:\\\/\\\/www.accuracy.com\\\/wp-content\\\/uploads\\\/2025\\\/04\\\/shutterstock_1727882536-scaled.jpg\",\"keywords\":[\"Accuracy Talks Straight 12\"],\"articleSection\":[\"Analysis\",\"Article\"],\"inLanguage\":\"fr-CA\"},{\"@type\":\"WebPage\",\"@id\":\"https:\\\/\\\/www.accuracy.com\\\/en_gb\\\/what-if-demography-were-no-longer-resilient\\\/\",\"url\":\"https:\\\/\\\/www.accuracy.com\\\/en_gb\\\/what-if-demography-were-no-longer-resilient\\\/\",\"name\":\"What if demography were no longer resilient? - Accuracy\",\"isPartOf\":{\"@id\":\"https:\\\/\\\/www.accuracy.com\\\/#website\"},\"primaryImageOfPage\":{\"@id\":\"https:\\\/\\\/www.accuracy.com\\\/en_gb\\\/what-if-demography-were-no-longer-resilient\\\/#primaryimage\"},\"image\":{\"@id\":\"https:\\\/\\\/www.accuracy.com\\\/en_gb\\\/what-if-demography-were-no-longer-resilient\\\/#primaryimage\"},\"thumbnailUrl\":\"https:\\\/\\\/www.accuracy.com\\\/wp-content\\\/uploads\\\/2025\\\/04\\\/shutterstock_1727882536-scaled.jpg\",\"datePublished\":\"2025-04-22T12:13:01+00:00\",\"dateModified\":\"2025-05-07T08:47:53+00:00\",\"breadcrumb\":{\"@id\":\"https:\\\/\\\/www.accuracy.com\\\/en_gb\\\/what-if-demography-were-no-longer-resilient\\\/#breadcrumb\"},\"inLanguage\":\"fr-CA\",\"potentialAction\":[{\"@type\":\"ReadAction\",\"target\":[\"https:\\\/\\\/www.accuracy.com\\\/en_gb\\\/what-if-demography-were-no-longer-resilient\\\/\"]}]},{\"@type\":\"ImageObject\",\"inLanguage\":\"fr-CA\",\"@id\":\"https:\\\/\\\/www.accuracy.com\\\/en_gb\\\/what-if-demography-were-no-longer-resilient\\\/#primaryimage\",\"url\":\"https:\\\/\\\/www.accuracy.com\\\/wp-content\\\/uploads\\\/2025\\\/04\\\/shutterstock_1727882536-scaled.jpg\",\"contentUrl\":\"https:\\\/\\\/www.accuracy.com\\\/wp-content\\\/uploads\\\/2025\\\/04\\\/shutterstock_1727882536-scaled.jpg\",\"width\":2560,\"height\":1708},{\"@type\":\"BreadcrumbList\",\"@id\":\"https:\\\/\\\/www.accuracy.com\\\/en_gb\\\/what-if-demography-were-no-longer-resilient\\\/#breadcrumb\",\"itemListElement\":[{\"@type\":\"ListItem\",\"position\":1,\"name\":\"Accueil\",\"item\":\"https:\\\/\\\/www.accuracy.com\\\/\"},{\"@type\":\"ListItem\",\"position\":2,\"name\":\"What if demography were no longer resilient?\"}]},{\"@type\":\"WebSite\",\"@id\":\"https:\\\/\\\/www.accuracy.com\\\/#website\",\"url\":\"https:\\\/\\\/www.accuracy.com\\\/\",\"name\":\"Accuracy\",\"description\":\"Business Advisers - Financial Consultants\",\"publisher\":{\"@id\":\"https:\\\/\\\/www.accuracy.com\\\/#organization\"},\"potentialAction\":[{\"@type\":\"SearchAction\",\"target\":{\"@type\":\"EntryPoint\",\"urlTemplate\":\"https:\\\/\\\/www.accuracy.com\\\/?s={search_term_string}\"},\"query-input\":{\"@type\":\"PropertyValueSpecification\",\"valueRequired\":true,\"valueName\":\"search_term_string\"}}],\"inLanguage\":\"fr-CA\"},{\"@type\":\"Organization\",\"@id\":\"https:\\\/\\\/www.accuracy.com\\\/#organization\",\"name\":\"Accuracy\",\"url\":\"https:\\\/\\\/www.accuracy.com\\\/\",\"logo\":{\"@type\":\"ImageObject\",\"inLanguage\":\"fr-CA\",\"@id\":\"https:\\\/\\\/www.accuracy.com\\\/#\\\/schema\\\/logo\\\/image\\\/\",\"url\":\"https:\\\/\\\/www.accuracy.com\\\/wp-content\\\/uploads\\\/2023\\\/08\\\/unnamed-3.jpg\",\"contentUrl\":\"https:\\\/\\\/www.accuracy.com\\\/wp-content\\\/uploads\\\/2023\\\/08\\\/unnamed-3.jpg\",\"width\":512,\"height\":512,\"caption\":\"Accuracy\"},\"image\":{\"@id\":\"https:\\\/\\\/www.accuracy.com\\\/#\\\/schema\\\/logo\\\/image\\\/\"},\"sameAs\":[\"https:\\\/\\\/www.linkedin.com\\\/company\\\/accuracy\\\/?originalSubdomain=fr\",\"https:\\\/\\\/www.instagram.com\\\/accuracycareers\\\/\"]},{\"@type\":\"Person\",\"@id\":\"https:\\\/\\\/www.accuracy.com\\\/#\\\/schema\\\/person\\\/11632b97ec903a99c3d7ea899eb532f0\",\"name\":\"Van Nguyen\",\"image\":{\"@type\":\"ImageObject\",\"inLanguage\":\"fr-CA\",\"@id\":\"https:\\\/\\\/secure.gravatar.com\\\/avatar\\\/27587e10d01526746e7b14cb85a5f576db20b866c16132e69118b2b76e127aff?s=96&d=blank&r=g\",\"url\":\"https:\\\/\\\/secure.gravatar.com\\\/avatar\\\/27587e10d01526746e7b14cb85a5f576db20b866c16132e69118b2b76e127aff?s=96&d=blank&r=g\",\"contentUrl\":\"https:\\\/\\\/secure.gravatar.com\\\/avatar\\\/27587e10d01526746e7b14cb85a5f576db20b866c16132e69118b2b76e127aff?s=96&d=blank&r=g\",\"caption\":\"Van Nguyen\"}}]}<\/script>\n<!-- \/ Yoast SEO Premium plugin. -->","yoast_head_json":{"title":"Et si la d\u00e9mographie n'\u00e9tait plus r\u00e9siliente ? - Pr\u00e9cision","robots":{"index":"index","follow":"follow","max-snippet":"max-snippet:-1","max-image-preview":"max-image-preview:large","max-video-preview":"max-video-preview:-1"},"canonical":"https:\/\/www.accuracy.com\/fr\/et-si-la-demographie-netait-plus-resiliente\/","og_locale":"fr_CA","og_type":"article","og_title":"What if demography were no longer resilient?","og_description":"More and more experts are discussing the risk of demographic decline and its socio- economic implications. They point to the ticking time bomb of an ageing Chinese population but also the precipitous fall in the birth rates of Western countries, where fertility rates are stalling. This is a crucial issue because population dynamics frequently serve [&hellip;]","og_url":"https:\/\/www.accuracy.com\/fr\/et-si-la-demographie-netait-plus-resiliente\/","og_site_name":"Accuracy","article_published_time":"2025-04-22T12:13:01+00:00","article_modified_time":"2025-05-07T08:47:53+00:00","og_image":[{"width":2560,"height":1708,"url":"https:\/\/www.accuracy.com\/wp-content\/uploads\/2025\/04\/shutterstock_1727882536-scaled.jpg","type":"image\/jpeg"}],"author":"Van Nguyen","twitter_card":"summary_large_image","twitter_misc":{"\u00c9crit par":"Van Nguyen","Estimation du temps de lecture":"10 minutes"},"schema":{"@context":"https:\/\/schema.org","@graph":[{"@type":"Article","@id":"https:\/\/www.accuracy.com\/en_gb\/what-if-demography-were-no-longer-resilient\/#article","isPartOf":{"@id":"https:\/\/www.accuracy.com\/en_gb\/what-if-demography-were-no-longer-resilient\/"},"author":{"name":"Van Nguyen","@id":"https:\/\/www.accuracy.com\/#\/schema\/person\/11632b97ec903a99c3d7ea899eb532f0"},"headline":"What if demography were no longer resilient?","datePublished":"2025-04-22T12:13:01+00:00","dateModified":"2025-05-07T08:47:53+00:00","mainEntityOfPage":{"@id":"https:\/\/www.accuracy.com\/en_gb\/what-if-demography-were-no-longer-resilient\/"},"wordCount":1697,"publisher":{"@id":"https:\/\/www.accuracy.com\/#organization"},"image":{"@id":"https:\/\/www.accuracy.com\/en_gb\/what-if-demography-were-no-longer-resilient\/#primaryimage"},"thumbnailUrl":"https:\/\/www.accuracy.com\/wp-content\/uploads\/2025\/04\/shutterstock_1727882536-scaled.jpg","keywords":["Accuracy Talks Straight 12"],"articleSection":["Analysis","Article"],"inLanguage":"fr-CA"},{"@type":"WebPage","@id":"https:\/\/www.accuracy.com\/en_gb\/what-if-demography-were-no-longer-resilient\/","url":"https:\/\/www.accuracy.com\/en_gb\/what-if-demography-were-no-longer-resilient\/","name":"Et si la d\u00e9mographie n'\u00e9tait plus r\u00e9siliente ? - Pr\u00e9cision","isPartOf":{"@id":"https:\/\/www.accuracy.com\/#website"},"primaryImageOfPage":{"@id":"https:\/\/www.accuracy.com\/en_gb\/what-if-demography-were-no-longer-resilient\/#primaryimage"},"image":{"@id":"https:\/\/www.accuracy.com\/en_gb\/what-if-demography-were-no-longer-resilient\/#primaryimage"},"thumbnailUrl":"https:\/\/www.accuracy.com\/wp-content\/uploads\/2025\/04\/shutterstock_1727882536-scaled.jpg","datePublished":"2025-04-22T12:13:01+00:00","dateModified":"2025-05-07T08:47:53+00:00","breadcrumb":{"@id":"https:\/\/www.accuracy.com\/en_gb\/what-if-demography-were-no-longer-resilient\/#breadcrumb"},"inLanguage":"fr-CA","potentialAction":[{"@type":"ReadAction","target":["https:\/\/www.accuracy.com\/en_gb\/what-if-demography-were-no-longer-resilient\/"]}]},{"@type":"ImageObject","inLanguage":"fr-CA","@id":"https:\/\/www.accuracy.com\/en_gb\/what-if-demography-were-no-longer-resilient\/#primaryimage","url":"https:\/\/www.accuracy.com\/wp-content\/uploads\/2025\/04\/shutterstock_1727882536-scaled.jpg","contentUrl":"https:\/\/www.accuracy.com\/wp-content\/uploads\/2025\/04\/shutterstock_1727882536-scaled.jpg","width":2560,"height":1708},{"@type":"BreadcrumbList","@id":"https:\/\/www.accuracy.com\/en_gb\/what-if-demography-were-no-longer-resilient\/#breadcrumb","itemListElement":[{"@type":"ListItem","position":1,"name":"Accueil","item":"https:\/\/www.accuracy.com\/"},{"@type":"ListItem","position":2,"name":"What if demography were no longer resilient?"}]},{"@type":"WebSite","@id":"https:\/\/www.accuracy.com\/#website","url":"https:\/\/www.accuracy.com\/","name":"Pr\u00e9cision","description":"Conseillers d'entreprise - Consultants financiers","publisher":{"@id":"https:\/\/www.accuracy.com\/#organization"},"potentialAction":[{"@type":"SearchAction","target":{"@type":"EntryPoint","urlTemplate":"https:\/\/www.accuracy.com\/?s={search_term_string}"},"query-input":{"@type":"PropertyValueSpecification","valueRequired":true,"valueName":"search_term_string"}}],"inLanguage":"fr-CA"},{"@type":"Organization","@id":"https:\/\/www.accuracy.com\/#organization","name":"Pr\u00e9cision","url":"https:\/\/www.accuracy.com\/","logo":{"@type":"ImageObject","inLanguage":"fr-CA","@id":"https:\/\/www.accuracy.com\/#\/schema\/logo\/image\/","url":"https:\/\/www.accuracy.com\/wp-content\/uploads\/2023\/08\/unnamed-3.jpg","contentUrl":"https:\/\/www.accuracy.com\/wp-content\/uploads\/2023\/08\/unnamed-3.jpg","width":512,"height":512,"caption":"Accuracy"},"image":{"@id":"https:\/\/www.accuracy.com\/#\/schema\/logo\/image\/"},"sameAs":["https:\/\/www.linkedin.com\/company\/accuracy\/?originalSubdomain=fr","https:\/\/www.instagram.com\/accuracycareers\/"]},{"@type":"Person","@id":"https:\/\/www.accuracy.com\/#\/schema\/person\/11632b97ec903a99c3d7ea899eb532f0","name":"Van Nguyen","image":{"@type":"ImageObject","inLanguage":"fr-CA","@id":"https:\/\/secure.gravatar.com\/avatar\/27587e10d01526746e7b14cb85a5f576db20b866c16132e69118b2b76e127aff?s=96&d=blank&r=g","url":"https:\/\/secure.gravatar.com\/avatar\/27587e10d01526746e7b14cb85a5f576db20b866c16132e69118b2b76e127aff?s=96&d=blank&r=g","contentUrl":"https:\/\/secure.gravatar.com\/avatar\/27587e10d01526746e7b14cb85a5f576db20b866c16132e69118b2b76e127aff?s=96&d=blank&r=g","caption":"Van Nguyen"}}]}},"_links":{"self":[{"href":"https:\/\/www.accuracy.com\/fr\/wp-json\/wp\/v2\/posts\/52493","targetHints":{"allow":["GET"]}}],"collection":[{"href":"https:\/\/www.accuracy.com\/fr\/wp-json\/wp\/v2\/posts"}],"about":[{"href":"https:\/\/www.accuracy.com\/fr\/wp-json\/wp\/v2\/types\/post"}],"author":[{"embeddable":true,"href":"https:\/\/www.accuracy.com\/fr\/wp-json\/wp\/v2\/users\/42"}],"replies":[{"embeddable":true,"href":"https:\/\/www.accuracy.com\/fr\/wp-json\/wp\/v2\/comments?post=52493"}],"version-history":[{"count":14,"href":"https:\/\/www.accuracy.com\/fr\/wp-json\/wp\/v2\/posts\/52493\/revisions"}],"predecessor-version":[{"id":53109,"href":"https:\/\/www.accuracy.com\/fr\/wp-json\/wp\/v2\/posts\/52493\/revisions\/53109"}],"wp:featuredmedia":[{"embeddable":true,"href":"https:\/\/www.accuracy.com\/fr\/wp-json\/wp\/v2\/media\/52473"}],"wp:attachment":[{"href":"https:\/\/www.accuracy.com\/fr\/wp-json\/wp\/v2\/media?parent=52493"}],"wp:term":[{"taxonomy":"category","embeddable":true,"href":"https:\/\/www.accuracy.com\/fr\/wp-json\/wp\/v2\/categories?post=52493"},{"taxonomy":"post_tag","embeddable":true,"href":"https:\/\/www.accuracy.com\/fr\/wp-json\/wp\/v2\/tags?post=52493"}],"curies":[{"name":"wp","href":"https:\/\/api.w.org\/{rel}","templated":true}]}}