{"id":51515,"date":"2025-02-05T09:15:32","date_gmt":"2025-02-05T08:15:32","guid":{"rendered":"https:\/\/www.accuracy.com\/?p=51515"},"modified":"2025-10-15T12:28:54","modified_gmt":"2025-10-15T10:28:54","slug":"se-brancher-sur-lavenir-une-introduction-au-marche-de-la-recharge-des-ev","status":"publish","type":"post","link":"https:\/\/www.accuracy.com\/fr\/plugging-into-the-future-an-introduction-to-the-ev-charging-market\/","title":{"rendered":"Se brancher sur l'avenir : une introduction au march\u00e9 de la recharge des VE"},"content":{"rendered":"<div data-elementor-type=\"wp-post\" data-elementor-id=\"51515\" class=\"elementor elementor-51515\" data-elementor-post-type=\"post\">\n\t\t\t\t<div class=\"elementor-element elementor-element-5f1b9f7b e-flex e-con-boxed e-con e-parent\" data-id=\"5f1b9f7b\" data-element_type=\"container\" data-e-type=\"container\">\n\t\t\t\t\t<div class=\"e-con-inner\">\n\t\t\t\t<div class=\"elementor-element elementor-element-5c33bc20 elementor-widget elementor-widget-text-editor\" data-id=\"5c33bc20\" data-element_type=\"widget\" data-e-type=\"widget\" data-widget_type=\"text-editor.default\">\n\t\t\t\t\t\t\t\t\t<h3><strong>La croissance dans l'incertitude<\/strong><\/h3><p>Alors que la communaut\u00e9 mondiale acc\u00e9l\u00e8re ses efforts pour att\u00e9nuer le changement climatique - bien qu'avec une r\u00e9cente exception majeure sous la forme des \u00c9tats-Unis sous la pr\u00e9sidence de Trump - le passage des v\u00e9hicules \u00e0 moteur \u00e0 combustion interne (MCI) aux v\u00e9hicules \u00e9lectriques (VE) est apparu comme un pivot des strat\u00e9gies de d\u00e9carbonisation. Cependant, la transition d\u00e9pend d'un \u00e9l\u00e9ment essentiel : l'infrastructure de recharge. Sans options de recharge g\u00e9n\u00e9ralis\u00e9es, fiables et facilement accessibles, le plein potentiel de l'adoption des VE risque d'\u00eatre bloqu\u00e9, ce qui limitera son r\u00f4le dans la r\u00e9duction des \u00e9missions.<\/p><p>L'explosion du nombre de propri\u00e9taires de VE en Europe a incit\u00e9 les gouvernements et les industries \u00e0 r\u00e9pondre par des niveaux d'investissement sans pr\u00e9c\u00e9dent dans les r\u00e9seaux de recharge. Les Pays-Bas, l'Allemagne et la France ont ouvert la voie en donnant le ton en mati\u00e8re de d\u00e9veloppement des infrastructures. Cependant, cette croissance rapide cache un paradoxe : le march\u00e9 se d\u00e9veloppe rapidement, mais la rentabilit\u00e9 reste difficile \u00e0 atteindre.<\/p><p>Malgr\u00e9 des milliards d'euros de subventions publiques et d'investissements priv\u00e9s, la viabilit\u00e9 financi\u00e8re de l'infrastructure de recharge des VE est loin d'\u00eatre assur\u00e9e. Dans cet article, nous diss\u00e9quons les subtilit\u00e9s de l'\u00e9cosyst\u00e8me de la recharge des VE, en explorant les forces qui stimulent l'expansion, les mod\u00e8les commerciaux \u00e9mergents, le paysage concurrentiel et les obstacles persistants \u00e0 la rentabilit\u00e9. L'\u00e9chelle pure peut-elle d\u00e9boucher sur un succ\u00e8s durable, ou le march\u00e9 exige-t-il une approche fondamentalement diff\u00e9rente ?<\/p><p>Le rythme rapide de l'adoption des VE s'accompagne \u00e9galement d'une s\u00e9rie de d\u00e9fis logistiques, techniques et \u00e9conomiques. Qu'il s'agisse de garantir la capacit\u00e9 du r\u00e9seau ou de naviguer dans des cadres r\u00e9glementaires fragment\u00e9s d'un pays \u00e0 l'autre, la route vers un \u00e9cosyst\u00e8me de recharge des VE mature et rentable est parsem\u00e9e d'emb\u00fbches. Alors que les politiques publiques, les investissements priv\u00e9s et le comportement des consommateurs se croisent, les enjeux sont plus \u00e9lev\u00e9s que jamais. L'industrie peut-elle r\u00e9soudre ces questions \u00e0 temps pour soutenir la pouss\u00e9e mondiale vers la d\u00e9carbonisation, ou le d\u00e9ficit d'infrastructure va-t-il faire \u00e9chouer la r\u00e9volution des VE ?<\/p><p><strong>Concepts fondamentaux de l'infrastructure de recharge des VE <\/strong><\/p><p>Les infrastructures de recharge des VE peuvent \u00eatre class\u00e9es en trois cat\u00e9gories, qui se distinguent principalement par leur vitesse de recharge et leur puissance de sortie :<\/p><ol><li><strong>Niveau 1 :<\/strong> Ce niveau utilise des prises domestiques standard (120 V) pour fournir environ 6 \u00e0 8 km d'autonomie par heure de charge. Ces chargeurs, qui conviennent le mieux \u00e0 une utilisation domestique de nuit, sont faciles \u00e0 installer et largement accessibles. Toutefois, leur vitesse de charge lente peut limiter l'utilit\u00e9 pour les utilisateurs qui ont besoin d'options de charge plus rapides.<\/li><li><strong>Niveau 2 :<\/strong> Offrant une puissance de sortie de 3,4 \u00e0 22 kW, ce niveau permet de parcourir environ 40 \u00e0 120 km par heure de charge. Ces stations sont plus rapides et peuvent \u00eatre install\u00e9es dans des lieux r\u00e9sidentiels, mais elles n\u00e9cessitent une installation professionnelle et impliquent des co\u00fbts initiaux plus \u00e9lev\u00e9s. Les chargeurs de niveau 2 sont couramment install\u00e9s dans les r\u00e9sidences, les parkings publics, les parkings d'entreprise et les locaux commerciaux, et constituent la majorit\u00e9 des chargeurs publics de VE.<\/li><li><strong>Chargeurs rapides \u00e0 courant continu :<\/strong> D'une puissance allant de 50 kW \u00e0 plus de 350 kW, ces chargeurs sont capables de recharger certains VE \u00e0 une capacit\u00e9 de 80% en seulement 15 \u00e0 30 minutes, ce qui les rend id\u00e9aux lorsque le temps est compt\u00e9. Leur co\u00fbt \u00e9lev\u00e9 et leur faible disponibilit\u00e9 les rendent toutefois moins accessibles pour un usage quotidien.<\/li><\/ol><p>Les diff\u00e9rences entre les infrastructures publiques et priv\u00e9es de recharge des VE mettent en \u00e9vidence le d\u00e9s\u00e9quilibre actuel entre l'accessibilit\u00e9 et l'efficacit\u00e9 :<\/p><ul><li><strong>Bornes de recharge publiques :<\/strong> Les stations publiques sont accessibles \u00e0 tous et sont souvent situ\u00e9es dans des zones tr\u00e8s fr\u00e9quent\u00e9es telles que les autoroutes et les centres urbains. Cependant, elles sont souvent soumises \u00e0 des frais d'utilisation plus \u00e9lev\u00e9s et peuvent \u00eatre confront\u00e9es \u00e0 des probl\u00e8mes tels que de longs temps d'attente et la congestion des chargeurs en raison de la forte demande.<\/li><li><strong>Solutions de recharge priv\u00e9es :<\/strong> G\u00e9n\u00e9ralement install\u00e9es chez des particuliers ou des entreprises, ces bornes de recharge ne sont pas accessibles au grand public car leur acc\u00e8s est restreint. Elles offrent la commodit\u00e9 de recharger dans des locaux priv\u00e9s et b\u00e9n\u00e9ficient de tarifs d'\u00e9lectricit\u00e9 moins \u00e9lev\u00e9s. N\u00e9anmoins, elles sont confront\u00e9es \u00e0 des d\u00e9fis tels que les obstacles r\u00e9glementaires, notamment le zonage et les limites de capacit\u00e9 \u00e9lectrique, et le co\u00fbt important de l'installation, en particulier dans les b\u00e2timents anciens ou dans les zones d\u00e9pourvues d'infrastructures existantes.<\/li><\/ul><p><strong>\u00a0<\/strong><\/p><h3><strong>L'\u00e9tat du march\u00e9 de la recharge des VE : Un aper\u00e7u<\/strong><\/h3><p>Le march\u00e9 de la recharge des v\u00e9hicules \u00e9lectriques conna\u00eet une croissance rapide en Europe, sous l'effet de politiques climatiques ambitieuses, de l'\u00e9volution des pr\u00e9f\u00e9rences des consommateurs et des avanc\u00e9es technologiques. Toutefois, cette croissance n'est pas sans poser de probl\u00e8mes. Dans des pays comme les Pays-Bas, l'Allemagne et la France, des r\u00e9seaux denses de stations de recharge \u00e9mergent, avec un m\u00e9lange de centres urbains de recharge rapide et de chargeurs r\u00e9sidentiels lents. Les efforts de ces pays refl\u00e8tent la complexit\u00e9 de la construction d'un r\u00e9seau de recharge v\u00e9ritablement inclusif et accessible qui s'adresse \u00e0 tous les types d'utilisateurs (voir les \u00e9tudes de cas ci-dessous).<\/p><p>Cependant, sous la surface de l'expansion rapide du march\u00e9 se cache une r\u00e9alit\u00e9 plus compliqu\u00e9e. Les taux d'utilisation des bornes de recharge varient consid\u00e9rablement d'une r\u00e9gion \u00e0 l'autre et, pour de nombreux op\u00e9rateurs, la rentabilit\u00e9 reste un objectif lointain. Cette disparit\u00e9 met en \u00e9vidence un probl\u00e8me fondamental : alors que la demande de v\u00e9hicules \u00e9lectriques continue d'augmenter, l'\u00e9conomie des infrastructures de recharge ne parvient pas toujours \u00e0 suivre. Cela cr\u00e9e un march\u00e9 fragment\u00e9 o\u00f9 la croissance rapide est souvent contrast\u00e9e par l'instabilit\u00e9 financi\u00e8re et la lenteur du retour sur investissement.<\/p><p style=\"text-align: center;\"><strong>Figure 1 - R\u00e9partition des bornes de recharge pour VE dans l'UE<\/strong><\/p><p><img fetchpriority=\"high\" decoding=\"async\" class=\"aligncenter size-full wp-image-51520\" src=\"https:\/\/www.accuracy.com\/wp-content\/uploads\/2025\/02\/PGraph1.jpg\" alt=\"\" width=\"1113\" height=\"891\" srcset=\"https:\/\/www.accuracy.com\/wp-content\/uploads\/2025\/02\/PGraph1.jpg 1113w, https:\/\/www.accuracy.com\/wp-content\/uploads\/2025\/02\/PGraph1-300x240.jpg 300w, https:\/\/www.accuracy.com\/wp-content\/uploads\/2025\/02\/PGraph1-1024x820.jpg 1024w, https:\/\/www.accuracy.com\/wp-content\/uploads\/2025\/02\/PGraph1-768x615.jpg 768w, https:\/\/www.accuracy.com\/wp-content\/uploads\/2025\/02\/PGraph1-15x12.jpg 15w\" sizes=\"(max-width: 1113px) 100vw, 1113px\" \/><\/p><p style=\"text-align: center;\"><em>Source : ACEA ACEA<\/em><\/p>\t\t\t\t\t\t\t\t<\/div>\n\t\t\t\t\t<\/div>\n\t\t\t\t<\/div>\n\t\t<div class=\"elementor-element elementor-element-40d7d78 e-flex e-con-boxed e-con e-parent\" data-id=\"40d7d78\" data-element_type=\"container\" data-e-type=\"container\" data-settings=\"{&quot;background_background&quot;:&quot;classic&quot;}\">\n\t\t\t\t\t<div class=\"e-con-inner\">\n\t\t\t\t<div class=\"elementor-element elementor-element-3a8bcbb elementor-widget elementor-widget-text-editor\" data-id=\"3a8bcbb\" data-element_type=\"widget\" data-e-type=\"widget\" data-widget_type=\"text-editor.default\">\n\t\t\t\t\t\t\t\t\t<p><strong>\u00c9tudes de cas <\/strong><\/p><p><strong>\ud83c\uddf3\ud83c\uddf1 Les Pays-Bas : Un pr\u00e9curseur en mati\u00e8re de recharge des VE<br \/><\/strong>Les Pays-Bas sont \u00e0 l'avant-garde du paysage europ\u00e9en de la recharge des v\u00e9hicules \u00e9lectriques, avec plus de 110 000 points de recharge. Ce r\u00e9seau dense r\u00e9pond \u00e0 tous les besoins de recharge, des chargeurs domestiques de niveau 1 aux stations de recharge rapide en courant continu le long des autoroutes, positionnant le pays comme un phare en mati\u00e8re d'accessibilit\u00e9 et d'innovation.<\/p><p>L'un des principaux facteurs de r\u00e9ussite des Pays-Bas r\u00e9side dans la r\u00e9partition strat\u00e9gique de leur infrastructure. Les points de charge sont d\u00e9lib\u00e9r\u00e9ment r\u00e9partis entre les centres urbains, les banlieues et les zones rurales, ce qui garantit aux conducteurs un acc\u00e8s constant, quel que soit l'endroit o\u00f9 ils se trouvent. Ce d\u00e9ploiement \u00e9quilibr\u00e9 minimise le risque de \"d\u00e9serts de charge\", renfor\u00e7ant la confiance des utilisateurs de VE dans le fait qu'ils peuvent voyager sans craindre d'\u00eatre bloqu\u00e9s.<\/p><p>La collaboration a \u00e9t\u00e9 au c\u0153ur de ces progr\u00e8s. Les municipalit\u00e9s, les fournisseurs d'\u00e9nergie et les op\u00e9rateurs priv\u00e9s, tels que Fastned et Allego, ont travaill\u00e9 main dans la main pour d\u00e9ployer des points de charge \u00e0 grande \u00e9chelle. La politique nationale de libre acc\u00e8s simplifie encore l'exp\u00e9rience de l'utilisateur en garantissant l'interop\u00e9rabilit\u00e9 des r\u00e9seaux. Les conducteurs peuvent recharger dans presque toutes les stations, quel que soit le fournisseur. Cette int\u00e9gration transparente am\u00e9liore non seulement la commodit\u00e9, mais constitue \u00e9galement un mod\u00e8le pour les autres pays qui cherchent \u00e0 reproduire le succ\u00e8s des Pays-Bas.<\/p><p><strong>\ud83c\udde9\ud83c\uddea Allemagne : Mise \u00e0 l'\u00e9chelle des r\u00e9seaux autoroutiers<br \/><\/strong>Le march\u00e9 des VE en Allemagne a connu une croissance significative au fil des ans. Au d\u00e9but de l'ann\u00e9e 2024, il y avait plus de 1,4 million de VE sur les routes, avec environ 312 000 nouveaux VE enregistr\u00e9s au cours des 10 mois pr\u00e9c\u00e9dant octobre 2024.<\/p><p>Dans cette optique, l'Allemagne a planifi\u00e9 une expansion massive de son infrastructure de recharge : elle vise \u00e0 disposer de plus d'un million de points de recharge publics d'ici 2030. Dans son budget 2023, 6,3 milliards d'euros ont \u00e9t\u00e9 r\u00e9serv\u00e9s au d\u00e9veloppement de l'infrastructure de recharge et, en novembre 2024, le pays disposera de 140 000 points de recharge de VE accessibles au public et de 20 000 chargeurs rapides.<\/p><p>L'initiative Deutschlandnetz vise \u00e0 mettre en place une infrastructure compl\u00e8te de recharge rapide en Allemagne en installant 9 000 points de recharge haute puissance suppl\u00e9mentaires dans les zones rurales, suburbaines et urbaines. Ainsi, chaque conducteur ne sera jamais \u00e0 plus de quelques minutes d'un chargeur rapide. En septembre 2023, des contrats ont \u00e9t\u00e9 attribu\u00e9s \u00e0 dix entreprises pour la construction de 8 000 points de charge sur 900 sites dans six r\u00e9gions. En outre, un appel d'offres a \u00e9t\u00e9 lanc\u00e9 pour 200 sites de recharge rapide sur des aires de repos non g\u00e9r\u00e9es sur les autoroutes.<\/p><p><strong>\ud83c\uddeb\ud83c\uddf7 France : Incitations r\u00e9gionales et expansion rurale<br \/><\/strong>La France a adopt\u00e9 une approche d\u00e9centralis\u00e9e de la croissance des infrastructures, refl\u00e9tant la diversit\u00e9 g\u00e9ographique et \u00e9conomique unique du pays. Le programme Advenir joue un r\u00f4le central dans cette strat\u00e9gie, en fournissant des subventions pour encourager l'installation de bornes de recharge publiques, en particulier dans les zones rurales et mal desservies o\u00f9 l'investissement priv\u00e9 a traditionnellement \u00e9t\u00e9 limit\u00e9.<\/p><p>Cette expansion cibl\u00e9e a pour double objectif de combler les lacunes en mati\u00e8re d'infrastructures et de veiller \u00e0 ce que les avantages de la mobilit\u00e9 \u00e9lectrique s'\u00e9tendent au-del\u00e0 des centres urbains. Les nouvelles r\u00e9glementations imposant l'installation de bornes de recharge dans les grands parkings illustrent l'engagement de la France \u00e0 \u00e9tendre l'infrastructure \u00e0 l'ensemble du pays et \u00e0 favoriser l'inclusion dans la transition \u00e9nerg\u00e9tique.<\/p><p><strong>\ud83c\uddea\ud83c\uddfa Les le\u00e7ons des dirigeants europ\u00e9ens<br \/><\/strong>Alors que l'UE cherche \u00e0 \u00e9tendre son propre r\u00e9seau, plusieurs enseignements cl\u00e9s se d\u00e9gagent de ces \u00e9tudes de cas. L'interop\u00e9rabilit\u00e9, illustr\u00e9e par les Pays-Bas, est essentielle pour garantir la compatibilit\u00e9 des bornes de recharge entre les marques et les r\u00e9seaux. L'investissement dans la recharge \u00e0 grande vitesse, comme le d\u00e9montre le r\u00e9seau autoroutier allemand, est essentiel pour r\u00e9pondre \u00e0 des pr\u00e9occupations telles que l'anxi\u00e9t\u00e9 li\u00e9e \u00e0 l'autonomie et permettre les d\u00e9placements sur de longues distances. Enfin, l'accent mis par la France sur les zones mal desservies souligne l'importance des incitations cibl\u00e9es et des partenariats locaux pour s'assurer qu'aucune r\u00e9gion n'est laiss\u00e9e pour compte dans le passage \u00e0 la mobilit\u00e9 \u00e9lectrique.<\/p><p>Ensemble, ces approches illustrent le fait qu'il n'existe pas de mod\u00e8le unique de r\u00e9ussite. Le march\u00e9 de la recharge des VE exige de la flexibilit\u00e9 et de l'innovation, avec des solutions adapt\u00e9es aux caract\u00e9ristiques uniques de chaque r\u00e9gion.<\/p>\t\t\t\t\t\t\t\t<\/div>\n\t\t\t\t\t<\/div>\n\t\t\t\t<\/div>\n\t\t<div class=\"elementor-element elementor-element-859deb1 e-flex e-con-boxed e-con e-parent\" data-id=\"859deb1\" data-element_type=\"container\" data-e-type=\"container\">\n\t\t\t\t\t<div class=\"e-con-inner\">\n\t\t\t\t<div class=\"elementor-element elementor-element-ea109fd elementor-widget elementor-widget-text-editor\" data-id=\"ea109fd\" data-element_type=\"widget\" data-e-type=\"widget\" data-widget_type=\"text-editor.default\">\n\t\t\t\t\t\t\t\t\t<h3><strong>L'\u00e9volution du march\u00e9 : De la niche \u00e0 la n\u00e9cessit\u00e9<\/strong><\/h3><p>Le march\u00e9 de la recharge des v\u00e9hicules \u00e9lectriques s'est consid\u00e9rablement transform\u00e9 ces derni\u00e8res ann\u00e9es. Ce qui \u00e9tait autrefois une offre de niche est aujourd'hui un \u00e9l\u00e9ment essentiel des strat\u00e9gies nationales en mati\u00e8re d'\u00e9nergie et de transport. Au d\u00e9but des ann\u00e9es 2010, les r\u00e9seaux de recharge \u00e9taient peu nombreux et principalement confin\u00e9s aux zones urbaines. Aujourd'hui, ils couvrent les villes, les autoroutes et m\u00eame les r\u00e9gions rurales, refl\u00e9tant l'adoption g\u00e9n\u00e9ralis\u00e9e de la mobilit\u00e9 \u00e9lectrique.<\/p><p>Cette \u00e9volution est due aux changements r\u00e9glementaires, aux progr\u00e8s technologiques et \u00e0 la volont\u00e9 croissante des industries de collaborer. L'introduction de la technologie de recharge ultra-rapide a consid\u00e9rablement r\u00e9duit les temps de charge, \u00e9liminant ainsi l'un des principaux obstacles \u00e0 l'adoption des VE. En outre, la promotion de l'interop\u00e9rabilit\u00e9 entre les diff\u00e9rents r\u00e9seaux de recharge a permis aux consommateurs d'acc\u00e9der plus facilement \u00e0 un plus grand nombre de points de recharge, ce qui a encore encourag\u00e9 l'adoption des VE. Cependant, la croissance n'a pas toujours \u00e9t\u00e9 lin\u00e9aire. Les pressions r\u00e9glementaires ont souvent d\u00e9pass\u00e9 l'\u00e9tat de pr\u00e9paration du march\u00e9, laissant les r\u00e9seaux de recharge avec des stations sous-utilis\u00e9es et des p\u00e9riodes d'amortissement prolong\u00e9es.<\/p><p>Alors que l'infrastructure se d\u00e9veloppe rapidement, les probl\u00e8mes de rentabilit\u00e9 sont devenus \u00e9vidents. La pression r\u00e9glementaire et les innovations technologiques qui ont stimul\u00e9 la croissance soulignent \u00e9galement la n\u00e9cessit\u00e9 d'investissements plus intelligents et plus strat\u00e9giques. \u00c0 mesure que le march\u00e9 se d\u00e9veloppe, la question de savoir si l'expansion seule peut soutenir la rentabilit\u00e9 devient centrale. Comment les op\u00e9rateurs peuvent-ils se d\u00e9velopper efficacement tout en garantissant un retour sur investissement dans un march\u00e9 aussi fragment\u00e9 ?<\/p><h3><strong>Passer \u00e0 l'\u00e9chelle sup\u00e9rieure : Faire le lien entre l'ambition et la r\u00e9alit\u00e9<\/strong><\/h3><p>La trajectoire du march\u00e9 est \u00e9galement d\u00e9termin\u00e9e par les perspectives commerciales dynamiques du secteur des v\u00e9hicules \u00e9lectriques. Avec la tendance \u00e0 la hausse des ventes de VE en Europe, la demande d'infrastructures de recharge pour VE devrait \u00e9galement augmenter. D'ici 2030, l'ajout pr\u00e9vu de 11 millions de v\u00e9hicules \u00e9lectriques \u00e0 batterie dans les flottes d'entreprise devrait cr\u00e9er une demande annuelle de 100 milliards de kWh, signalant la n\u00e9cessit\u00e9 d'une croissance substantielle du march\u00e9 de l'infrastructure de recharge des VE.<\/p><p style=\"text-align: center;\"><strong>Figure 2 - Taille et perspectives du march\u00e9 europ\u00e9en des infrastructures de recharge pour VE (en millions d'euros)<\/strong><\/p><p style=\"text-align: center;\"><img decoding=\"async\" class=\"aligncenter size-full wp-image-51523\" src=\"https:\/\/www.accuracy.com\/wp-content\/uploads\/2025\/02\/PGraph2.jpg\" alt=\"\" width=\"1447\" height=\"739\" srcset=\"https:\/\/www.accuracy.com\/wp-content\/uploads\/2025\/02\/PGraph2.jpg 1447w, https:\/\/www.accuracy.com\/wp-content\/uploads\/2025\/02\/PGraph2-300x153.jpg 300w, https:\/\/www.accuracy.com\/wp-content\/uploads\/2025\/02\/PGraph2-1024x523.jpg 1024w, https:\/\/www.accuracy.com\/wp-content\/uploads\/2025\/02\/PGraph2-768x392.jpg 768w, https:\/\/www.accuracy.com\/wp-content\/uploads\/2025\/02\/PGraph2-18x9.jpg 18w\" sizes=\"(max-width: 1447px) 100vw, 1447px\" \/><\/p><p style=\"text-align: center;\"><em>Source : GlobalData<\/em><\/p><p>Entre 2020 et 2023, le march\u00e9 s'est consid\u00e9rablement d\u00e9velopp\u00e9, passant de 776 millions d'euros \u00e0 2 682 millions d'euros, ce qui repr\u00e9sente un taux de croissance annuel compos\u00e9 (TCAC) de 51%. \u00c0 l'avenir, il devrait poursuivre sa forte expansion, bien qu'\u00e0 un rythme l\u00e9g\u00e8rement plus lent : de 2024 \u00e0 2028, il devrait cro\u00eetre \u00e0 un TCAC de 20% pour atteindre 7 926 millions d'euros.<\/p><p>Cependant, il existe une disparit\u00e9 importante entre les projections de croissance des diff\u00e9rentes parties prenantes. Les pr\u00e9visions de la Commission europ\u00e9enne, align\u00e9es sur son objectif de r\u00e9duction de 55% des \u00e9missions de CO2 des voitures particuli\u00e8res d'ici \u00e0 2030, estiment qu'environ 2,9 millions de bornes de recharge publiques seront n\u00e9cessaires dans ce d\u00e9lai. En revanche, l'Association des constructeurs europ\u00e9ens d'automobiles (ACEA) pr\u00e9voit une demande beaucoup plus importante, estimant qu'il faudra 8,2 millions de points de charge d'ici \u00e0 la m\u00eame ann\u00e9e. En effet, l'ACEA pr\u00e9voit l'installation de 1,2 million de chargeurs par an, contre seulement 410 000 installations par an pour atteindre l'objectif de la Commission europ\u00e9enne. \u00c0 titre de comparaison, 153 000 nouveaux points de charge publics ont \u00e9t\u00e9 install\u00e9s en 2023.<\/p><p style=\"text-align: center;\"><strong>Figure 3 - Points de recharge publics disponibles dans l'UE (en milliers d'unit\u00e9s)<\/strong><\/p><p style=\"text-align: center;\"><img decoding=\"async\" class=\"aligncenter size-full wp-image-51522\" src=\"https:\/\/www.accuracy.com\/wp-content\/uploads\/2025\/02\/PGraph3.jpg\" alt=\"\" width=\"1458\" height=\"670\" srcset=\"https:\/\/www.accuracy.com\/wp-content\/uploads\/2025\/02\/PGraph3.jpg 1458w, https:\/\/www.accuracy.com\/wp-content\/uploads\/2025\/02\/PGraph3-300x138.jpg 300w, https:\/\/www.accuracy.com\/wp-content\/uploads\/2025\/02\/PGraph3-1024x471.jpg 1024w, https:\/\/www.accuracy.com\/wp-content\/uploads\/2025\/02\/PGraph3-768x353.jpg 768w, https:\/\/www.accuracy.com\/wp-content\/uploads\/2025\/02\/PGraph3-18x8.jpg 18w\" sizes=\"(max-width: 1458px) 100vw, 1458px\" \/><\/p><p style=\"text-align: center;\"><em>Source : ACEA ACEA<\/em><\/p><p>Cette lacune met en \u00e9vidence la croissance potentielle du march\u00e9, mais aussi des pr\u00e9occupations importantes quant \u00e0 la capacit\u00e9 du secteur \u00e0 atteindre ces objectifs ambitieux tout en maintenant sa rentabilit\u00e9 - et, par extension, en obtenant un financement ad\u00e9quat. Pour combler cette lacune, la collaboration entre les fabricants, les op\u00e9rateurs de points de charge et les d\u00e9cideurs politiques sera cruciale. L'expansion rapide de l'infrastructure pour r\u00e9pondre \u00e0 la demande de VE n\u00e9cessitera soit des perspectives de march\u00e9 rentables, soit une intervention continue des pouvoirs publics pour faciliter la croissance.<\/p><p>L'infrastructure \u00e9nerg\u00e9tique actuelle n'a souvent pas la capacit\u00e9 de supporter le d\u00e9ploiement \u00e0 grande \u00e9chelle de stations de recharge rapide \u00e0 forte demande, ce qui n\u00e9cessite d'importantes mises \u00e0 niveau et l'int\u00e9gration avec des syst\u00e8mes de gestion \u00e9nerg\u00e9tique avanc\u00e9s. Les probl\u00e8mes de normalisation et de compatibilit\u00e9 entre les diff\u00e9rents r\u00e9seaux, les longues p\u00e9riodes d'amortissement des investissements et le risque imminent d'obsolescence technologique compliquent encore le paysage du march\u00e9. Les taux d'utilisation restent faibles pendant la majeure partie de l'ann\u00e9e, et n'augmentent que pendant les p\u00e9riodes de pointe, souvent limit\u00e9es aux week-ends ou aux jours f\u00e9ri\u00e9s. Cette utilisation sporadique nuit \u00e0 la rentabilit\u00e9 et soul\u00e8ve des questions quant \u00e0 la capacit\u00e9 des mod\u00e8les commerciaux actuels \u00e0 soutenir une expansion \u00e0 grande \u00e9chelle.<\/p><h3><strong>Facteurs de croissance : Politiques gouvernementales et demande des consommateurs<\/strong><\/h3><p>Le march\u00e9 de la recharge des VE a \u00e9t\u00e9 stimul\u00e9 par trois facteurs cl\u00e9s : les r\u00e9glementations gouvernementales, la demande croissante des consommateurs et l'innovation technologique.<\/p><p>Le r\u00e8glement de l'Union europ\u00e9enne sur les infrastructures pour carburants alternatifs (AFIR) a jou\u00e9 un r\u00f4le essentiel en fixant des objectifs ambitieux pour le d\u00e9ploiement de stations de recharge dans les principaux couloirs de transport. Ce r\u00e8glement, associ\u00e9 aux incitations des autorit\u00e9s nationales et locales, a cr\u00e9\u00e9 un puissant \u00e9lan de croissance. Aux Pays-Bas, des subventions municipales et des lois de zonage favorables ont stimul\u00e9 l'installation de chargeurs publics, tandis qu'en Allemagne, le financement public de l'infrastructure de recharge \u00e0 grande vitesse a acc\u00e9l\u00e9r\u00e9 le d\u00e9ploiement de chargeurs rapides le long des autobahns.<\/p><p>Du c\u00f4t\u00e9 des consommateurs, l'adoption rapide des v\u00e9hicules \u00e9lectriques est due \u00e0 la fois \u00e0 une prise de conscience environnementale, \u00e0 l'augmentation du prix des carburants et \u00e0 la r\u00e9duction de l'\u00e9cart de prix entre les VE et les v\u00e9hicules traditionnels. Alors que de plus en plus de consommateurs passent aux v\u00e9hicules \u00e9lectriques, la demande d'infrastructures de recharge fiables et r\u00e9pandues se fait de plus en plus pressante. L'\u00e9lectrification des flottes d'entreprises, en particulier dans les secteurs de la logistique et des services, ajoute \u00e9galement \u00e0 la pression en faveur de r\u00e9seaux de recharge plus rapides et plus fiables. Cependant, les attentes des consommateurs ont exerc\u00e9 une pression consid\u00e9rable sur les fournisseurs d'infrastructures. Les conducteurs s'attendent d\u00e9sormais \u00e0 une exp\u00e9rience de recharge rapide qui refl\u00e8te la commodit\u00e9 et la rapidit\u00e9 des stations-service traditionnelles, ce qui pose d'importants d\u00e9fis en termes de capital et de logistique aux op\u00e9rateurs.<\/p><p>Malgr\u00e9 l'explosion de la demande, les pr\u00e9f\u00e9rences des consommateurs sont loin d'\u00eatre uniformes. Les utilisateurs urbains privil\u00e9gient la commodit\u00e9 et l'accessibilit\u00e9, tandis que les conducteurs ruraux s'int\u00e9ressent davantage \u00e0 la disponibilit\u00e9 des stations de recharge sur les longs trajets. Cette divergence ajoute une nouvelle couche de complexit\u00e9 aux strat\u00e9gies de d\u00e9ploiement et montre clairement qu'une approche unique ne fonctionnera pas sur tous les march\u00e9s.<\/p><h3><strong>Pr\u00e9f\u00e9rences des consommateurs et demandes du march\u00e9<\/strong><\/h3><p>L'une des \u00e9volutions les plus significatives du march\u00e9 de la recharge des VE est le changement de nature des pr\u00e9f\u00e9rences des consommateurs. Si les chargeurs \u00e0 domicile restent l'option pr\u00e9f\u00e9r\u00e9e de beaucoup, la demande de stations de charge rapide ou ultra-rapide augmente, en particulier le long des autoroutes et dans les centres urbains. Les stations de recharge rapide sont essentielles pour r\u00e9pondre \u00e0 l'anxi\u00e9t\u00e9 li\u00e9e \u00e0 l'autonomie et att\u00e9nuer les inqui\u00e9tudes concernant les longs trajets. Toutefois, la mise en place d'un r\u00e9seau de chargeurs rapides \u00e0 grande \u00e9chelle est une entreprise co\u00fbteuse, qui n\u00e9cessite une planification minutieuse et des investissements substantiels.<\/p><p>Une tendance notable \u00e9merge dans le domaine de la consommation : l'utilisation croissante de chargeurs rapides, m\u00eame si la plupart des conducteurs rechargent encore leur v\u00e9hicule pendant la nuit \u00e0 la maison. Cette pr\u00e9f\u00e9rence pour la recharge rapide met en \u00e9vidence la demande croissante d'infrastructures capables de tenir les promesses de commodit\u00e9 et de rapidit\u00e9. Cependant, comme ces stations de recharge sont gourmandes en capital, leur d\u00e9ploiement est entrav\u00e9 par de longues p\u00e9riodes d'amortissement et une utilisation limit\u00e9e aux heures creuses, ce qui soul\u00e8ve des questions quant \u00e0 la durabilit\u00e9 des mod\u00e8les \u00e9conomiques actuels.<\/p><p>En outre, la divergence entre les besoins des consommateurs urbains et ruraux est un facteur essentiel pour d\u00e9terminer le d\u00e9ploiement des stations de recharge. Les conducteurs urbains recherchent des r\u00e9seaux \u00e0 haute densit\u00e9 qui permettent un acc\u00e8s rapide et facile aux bornes de recharge dans les zones tr\u00e8s fr\u00e9quent\u00e9es. En revanche, les conducteurs ruraux ont besoin d'une infrastructure de recharge qui leur permette d'effectuer de longs trajets sans craindre d'\u00eatre \u00e0 court de charge dans les r\u00e9gions mal desservies. Pour les op\u00e9rateurs, le d\u00e9fi consiste \u00e0 trouver un \u00e9quilibre entre ces diff\u00e9rentes pr\u00e9f\u00e9rences tout en garantissant la rentabilit\u00e9 et la viabilit\u00e9 de leurs investissements.<\/p><p>L'infrastructure \u00e9nerg\u00e9tique actuelle n'est souvent pas \u00e9quip\u00e9e pour supporter le d\u00e9ploiement \u00e0 grande \u00e9chelle des stations de recharge rapide, qui n\u00e9cessitera des am\u00e9liorations substantielles du r\u00e9seau, ainsi que l'int\u00e9gration de syst\u00e8mes avanc\u00e9s de gestion de l'\u00e9nergie pour faire face \u00e0 une demande accrue et \u00e0 des fluctuations plus importantes. En outre, des probl\u00e8mes tels que le manque de normalisation entre les diff\u00e9rents r\u00e9seaux de recharge et les co\u00fbts initiaux \u00e9lev\u00e9s associ\u00e9s au d\u00e9ploiement des chargeurs rapides constituent des obstacles suppl\u00e9mentaires \u00e0 la rentabilit\u00e9. Les op\u00e9rateurs sont \u00e9galement confront\u00e9s au probl\u00e8me des faibles taux d'utilisation, qui sont exacerb\u00e9s par le fait que les stations de recharge ne sont souvent utilis\u00e9es qu'aux heures de pointe, comme les week-ends ou les jours f\u00e9ri\u00e9s. Cette demande fluctuante compromet le potentiel de rentabilit\u00e9 durable et soul\u00e8ve des doutes quant \u00e0 la viabilit\u00e9 de certains mod\u00e8les commerciaux \u00e0 long terme.<\/p><h3><strong>Mod\u00e8les d'entreprise : Fragment\u00e9s et complexes<\/strong><\/h3><p>Les mod\u00e8les commerciaux sur le march\u00e9 de la recharge des VE sont divers et continuent d'\u00e9voluer. \u00c0 une extr\u00e9mit\u00e9 du spectre, on trouve les op\u00e9rateurs verticalement int\u00e9gr\u00e9s, comme Tesla, qui construisent des r\u00e9seaux de recharge propri\u00e9taires pour leurs propres v\u00e9hicules. \u00c0 l'autre extr\u00e9mit\u00e9, on trouve les fournisseurs \u00e0 acc\u00e8s ouvert, qui se concentrent sur l'interop\u00e9rabilit\u00e9 entre plusieurs r\u00e9seaux, permettant ainsi aux consommateurs de recharger leurs v\u00e9hicules dans un large \u00e9ventail d'endroits.<\/p><p>Outre ces mod\u00e8les, de nombreux op\u00e9rateurs ont conclu des partenariats avec des commerces de d\u00e9tail, des h\u00f4tels et des promoteurs immobiliers, dans le but d'installer des bornes de recharge dans des lieux tr\u00e8s fr\u00e9quent\u00e9s et de g\u00e9n\u00e9rer des flux de revenus suppl\u00e9mentaires. D'autres mod\u00e8les commerciaux se concentrent sur la fourniture de solutions de recharge sp\u00e9cifiques aux flottes pour les entreprises de logistique ou les services de covoiturage. Les mod\u00e8les d'abonnement, les syst\u00e8mes de paiement \u00e0 l'utilisation et les partenariats public-priv\u00e9 sont \u00e9galement courants, ce qui ajoute \u00e0 la complexit\u00e9 du march\u00e9.<\/p><p>Cependant, malgr\u00e9 le large \u00e9ventail de mod\u00e8les d'entreprise, la rentabilit\u00e9 reste difficile \u00e0 atteindre pour un grand nombre d'op\u00e9rateurs, la faute \u00e0 des d\u00e9penses d'investissement \u00e9lev\u00e9es, \u00e0 des taux d'utilisation impr\u00e9visibles et \u00e0 de longues p\u00e9riodes d'amortissement. M\u00eame les grands acteurs bien \u00e9tablis ont du mal \u00e0 d\u00e9gager des marges r\u00e9guli\u00e8res. Le march\u00e9 n\u00e9erlandais en est un bon exemple : plusieurs soci\u00e9t\u00e9s de recharge de v\u00e9hicules \u00e9lectriques ont connu des difficult\u00e9s financi\u00e8res, voire ont fait faillite. Ces entreprises ont d\u00fb faire face \u00e0 une combinaison de d\u00e9fis op\u00e9rationnels, tels que des co\u00fbts initiaux \u00e9lev\u00e9s pour l'infrastructure, des prix de l'\u00e9nergie fluctuants et des guerres de prix provoqu\u00e9es par la concurrence. En outre, la d\u00e9pendance \u00e0 l'\u00e9gard des partenariats public-priv\u00e9 et des subventions publiques a rendu de nombreuses entreprises vuln\u00e9rables aux changements de politique et de financement. Pour les plus petits op\u00e9rateurs, les actifs sous-utilis\u00e9s et la faible croissance du march\u00e9 ont encore compliqu\u00e9 les efforts pour devenir rentables.<\/p><p>Atteindre la rentabilit\u00e9 reste donc un obstacle majeur pour de nombreux op\u00e9rateurs. La question est de savoir si leurs mod\u00e8les d'entreprise actuels peuvent \u00e9voluer pour r\u00e9pondre \u00e0 leurs besoins de rentabilit\u00e9 \u00e0 long terme, ou si le march\u00e9 finira par se consolider autour de quelques acteurs verticalement int\u00e9gr\u00e9s capables d'absorber les co\u00fbts \u00e9lev\u00e9s et la concurrence.<\/p><h3><strong>Acteurs cl\u00e9s du march\u00e9 : Concurrence et collaboration<\/strong><\/h3><p>L'\u00e9cosyst\u00e8me de la recharge des v\u00e9hicules \u00e9lectriques est tr\u00e8s concurrentiel, avec une s\u00e9rie d'acteurs qui se disputent une part croissante du march\u00e9. Les entreprises sp\u00e9cialis\u00e9es dans la recharge, telles que Fastned et Allego, \u00e9tendent rapidement leurs r\u00e9seaux \u00e0 travers l'Europe, tandis que les g\u00e9ants de l'automobile, tels que Volkswagen, investissent massivement dans l'infrastructure de recharge par l'interm\u00e9diaire d'entreprises telles que IONITY. Les entreprises du secteur de l'\u00e9nergie, telles que Shell et BP, se lancent \u00e9galement dans ce domaine, en s'appuyant sur leurs r\u00e9seaux de stations-service existants pour d\u00e9ployer des chargeurs de VE.<\/p><p>Mais les gouvernements et les partenariats public-priv\u00e9 jouent \u00e9galement un r\u00f4le crucial dans le d\u00e9ploiement de l'infrastructure de recharge, en particulier dans les zones mal desservies. Si la concurrence est f\u00e9roce, la collaboration est de plus en plus n\u00e9cessaire pour combler les lacunes en mati\u00e8re d'infrastructures et r\u00e9pondre aux pr\u00e9occupations en mati\u00e8re de rentabilit\u00e9. Les accords de partage d'infrastructures et les partenariats d'itin\u00e9rance contribuent \u00e0 renforcer la densit\u00e9 des r\u00e9seaux, \u00e0 r\u00e9duire les doublons et \u00e0 am\u00e9liorer la confiance des consommateurs. La question reste de savoir si ces collaborations peuvent soutenir une croissance \u00e0 long terme ou si le march\u00e9 finira par se consolider autour de quelques acteurs dominants.<\/p><p style=\"text-align: center;\"><strong>Figure 4 - Positionnement actuel des pure-players CPO par rapport aux nouveaux entrants sur le march\u00e9<\/strong><\/p><p style=\"text-align: center;\"><img loading=\"lazy\" decoding=\"async\" class=\"aligncenter size-full wp-image-51521\" src=\"https:\/\/www.accuracy.com\/wp-content\/uploads\/2025\/02\/PGraph4.jpg\" alt=\"\" width=\"790\" height=\"591\" srcset=\"https:\/\/www.accuracy.com\/wp-content\/uploads\/2025\/02\/PGraph4.jpg 790w, https:\/\/www.accuracy.com\/wp-content\/uploads\/2025\/02\/PGraph4-300x224.jpg 300w, https:\/\/www.accuracy.com\/wp-content\/uploads\/2025\/02\/PGraph4-768x575.jpg 768w, https:\/\/www.accuracy.com\/wp-content\/uploads\/2025\/02\/PGraph4-16x12.jpg 16w\" sizes=\"(max-width: 790px) 100vw, 790px\" \/><\/p><p style=\"text-align: center;\"><em>Source : McKinsey<\/em><\/p>\t\t\t\t\t\t\t\t<\/div>\n\t\t\t\t\t<\/div>\n\t\t\t\t<\/div>\n\t\t<div class=\"elementor-element elementor-element-1f584ae e-flex e-con-boxed e-con e-parent\" data-id=\"1f584ae\" data-element_type=\"container\" data-e-type=\"container\" data-settings=\"{&quot;background_background&quot;:&quot;classic&quot;}\">\n\t\t\t\t\t<div class=\"e-con-inner\">\n\t\t\t\t<div class=\"elementor-element elementor-element-8c5681e elementor-widget elementor-widget-text-editor\" data-id=\"8c5681e\" data-element_type=\"widget\" data-e-type=\"widget\" data-widget_type=\"text-editor.default\">\n\t\t\t\t\t\t\t\t\t<p><strong>\u00c9tude de cas : Pourquoi les entreprises de recharge de v\u00e9hicules \u00e9lectriques sont-elles confront\u00e9es \u00e0 des difficult\u00e9s financi\u00e8res aux Pays-Bas ?<\/strong><\/p><p>Plusieurs entreprises de recharge de v\u00e9hicules \u00e9lectriques aux Pays-Bas ont connu des difficult\u00e9s financi\u00e8res ou ont m\u00eame fait faillite en raison d'une combinaison de d\u00e9fis commerciaux et op\u00e9rationnels. Malgr\u00e9 l'engagement ferme du pays \u00e0 d\u00e9velopper l'infrastructure des VE, quelques facteurs critiques ont rendu difficile la survie de certaines entreprises sur ce march\u00e9 concurrentiel.<\/p><ol><li><strong><em> Co\u00fbts op\u00e9rationnels \u00e9lev\u00e9s et rentabilit\u00e9 limit\u00e9e<\/em><\/strong><\/li><\/ol><p>L'exploitation d'une entreprise de recharge de VE n\u00e9cessite un investissement initial important dans le mat\u00e9riel, l'installation et la maintenance, ainsi que des co\u00fbts d'exploitation permanents. Bien que la demande de recharge de VE soit en hausse, de nombreuses stations de recharge affichent des taux d'utilisation plus faibles que pr\u00e9vu, en particulier dans les zones moins peupl\u00e9es. Un faible taux d'utilisation signifie qu'il faut parfois beaucoup de temps aux entreprises pour rentabiliser leurs investissements. Pour les entreprises plus petites ou plus r\u00e9centes qui ne disposent pas d'un soutien financier important, ces p\u00e9riodes d'amortissement prolong\u00e9es ont rendu la rentabilit\u00e9 difficile \u00e0 atteindre.<\/p><ol start=\"2\"><li><strong><em> Concurrence intense et pression sur les prix<\/em><\/strong><\/li><\/ol><p>Le march\u00e9 n\u00e9erlandais a connu un niveau \u00e9lev\u00e9 de concurrence entre les fournisseurs de services de recharge, y compris les entreprises \u00e9tablies comme Fastned et Allego, et les acteurs internationaux qui sont entr\u00e9s sur le march\u00e9. Pour attirer les clients, certaines entreprises se sont lanc\u00e9es dans une guerre des prix, abaissant le co\u00fbt des sessions de recharge pour gagner des parts de march\u00e9. Toutefois, cette strat\u00e9gie de prix agressive aboutit souvent \u00e0 des mod\u00e8les de revenus non viables, en particulier pour les petites entreprises qui n'ont pas de sources de revenus diversifi\u00e9es. Les grandes entreprises peuvent absorber temporairement des marges plus faibles, mais les petites entreprises ont du mal \u00e0 suivre, ce qui entra\u00eene des difficult\u00e9s financi\u00e8res.<\/p><ol start=\"3\"><li><strong><em> Recours aux partenariats public-priv\u00e9 et aux subventions publiques<\/em><\/strong><\/li><\/ol><p>De nombreuses entreprises de recharge de v\u00e9hicules \u00e9lectriques d\u00e9pendent de partenariats public-priv\u00e9 ou de subventions gouvernementales pour financer leurs activit\u00e9s. Bien que ce soutien ait contribu\u00e9 \u00e0 donner un coup de fouet au secteur, les changements ou les r\u00e9ductions des subventions peuvent rendre les entreprises vuln\u00e9rables. Par exemple, si les autorit\u00e9s locales modifient leurs priorit\u00e9s ou r\u00e9duisent leur financement, les entreprises qui d\u00e9pendent fortement de leurs incitations peuvent avoir du mal \u00e0 s'adapter financi\u00e8rement. Les petites entreprises, en particulier, sont plus sensibles \u00e0 ces changements et peuvent avoir du mal \u00e0 fonctionner sans un financement public constant.<\/p><ol start=\"4\"><li><strong><em>Obstacles complexes en mati\u00e8re d'autorisation et de r\u00e9glementation<\/em><\/strong><\/li><\/ol><p>Les exigences en mati\u00e8re d'autorisation et de r\u00e9glementation pour l'installation de nouvelles stations de recharge peuvent \u00eatre complexes et prendre du temps aux Pays-Bas, en particulier dans les zones urbaines denses. Cela peut retarder les projets et augmenter les co\u00fbts pour les entreprises qui tentent d'\u00e9tendre leurs r\u00e9seaux. Lorsque les autorisations sont lentes ou incertaines, les entreprises peuvent \u00eatre confront\u00e9es \u00e0 des revers qui affectent les flux de tr\u00e9sorerie et les d\u00e9lais op\u00e9rationnels globaux, ce qui les emp\u00eache de rester financi\u00e8rement viables.<\/p><ol start=\"5\"><li><strong><em> D\u00e9fis li\u00e9s \u00e0 la capacit\u00e9 du r\u00e9seau et aux co\u00fbts de l'\u00e9nergie<\/em><\/strong><\/li><\/ol><p>L'augmentation du nombre de VE et de bornes de recharge entra\u00eene une augmentation de la demande sur le r\u00e9seau \u00e9lectrique. Dans certaines r\u00e9gions des Pays-Bas, la capacit\u00e9 du r\u00e9seau est d\u00e9j\u00e0 sous pression, ce qui rend difficile ou co\u00fbteuse l'installation de nouvelles stations de recharge \u00e0 haute puissance. En outre, les fluctuations des prix de l'\u00e9nergie affectent les co\u00fbts d'exploitation des entreprises de recharge, car beaucoup d'entre elles d\u00e9pendent de l'achat d'\u00e9lectricit\u00e9 \u00e0 des tarifs comp\u00e9titifs. L'augmentation des co\u00fbts de l'\u00e9nergie, combin\u00e9e aux contraintes du r\u00e9seau, a r\u00e9duit les marges et cr\u00e9\u00e9 des d\u00e9fis suppl\u00e9mentaires pour les entreprises de recharge qui tentent de se d\u00e9velopper.<\/p><ol start=\"6\"><li><strong><em> Comportement des consommateurs et maturit\u00e9 du march\u00e9<\/em><\/strong><\/li><\/ol><p>Bien que les Pays-Bas soient \u00e0 la pointe de l'adoption des VE, le march\u00e9 est encore en phase de maturation et la demande de recharge \u00e9volue. Certaines entreprises ont anticip\u00e9 une croissance plus rapide de l'utilisation et des besoins en infrastructures que ce qui s'est av\u00e9r\u00e9 n\u00e9cessaire jusqu'\u00e0 pr\u00e9sent. En cons\u00e9quence, les entreprises qui ont surinvesti dans l'infrastructure avant qu'une base de consommateurs solide et stable ne soit \u00e9tablie se sont retrouv\u00e9es avec des actifs sous-utilis\u00e9s, ce qui a entra\u00een\u00e9 des difficult\u00e9s financi\u00e8res.<\/p><p>En r\u00e9sum\u00e9, la combinaison de co\u00fbts initiaux \u00e9lev\u00e9s, d'une concurrence f\u00e9roce, d'une d\u00e9pendance \u00e0 l'\u00e9gard des subventions, de retards r\u00e9glementaires et de la fluctuation des co\u00fbts de l'\u00e9nergie a fait du march\u00e9 n\u00e9erlandais de la recharge des VE un march\u00e9 difficile. Les entreprises les mieux capitalis\u00e9es ou les plus diversifi\u00e9es ont r\u00e9ussi \u00e0 se maintenir \u00e0 flot, tandis que celles qui disposent de moins de ressources ont eu du mal \u00e0 survivre dans ce paysage en \u00e9volution rapide.<\/p>\t\t\t\t\t\t\t\t<\/div>\n\t\t\t\t\t<\/div>\n\t\t\t\t<\/div>\n\t\t<div class=\"elementor-element elementor-element-3600c35 e-flex e-con-boxed e-con e-parent\" data-id=\"3600c35\" data-element_type=\"container\" data-e-type=\"container\">\n\t\t\t\t\t<div class=\"e-con-inner\">\n\t\t\t\t<div class=\"elementor-element elementor-element-0e1a0ac elementor-widget elementor-widget-text-editor\" data-id=\"0e1a0ac\" data-element_type=\"widget\" data-e-type=\"widget\" data-widget_type=\"text-editor.default\">\n\t\t\t\t\t\t\t\t\t<h3><strong>Le chemin \u00e0 parcourir : passer \u00e0 l'\u00e9chelle ou adopter une strat\u00e9gie ?<\/strong><\/h3><p>Le march\u00e9 de la recharge des v\u00e9hicules \u00e9lectriques se trouve \u00e0 un tournant critique. Il est essentiel de d\u00e9velopper l'infrastructure pour r\u00e9pondre \u00e0 la demande croissante de VE, mais il est clair que l'expansion du r\u00e9seau ne suffit pas \u00e0 garantir la rentabilit\u00e9 \u00e0 long terme. Il ne suffit pas de construire davantage de stations pour que la demande suive de mani\u00e8re pr\u00e9visible et rentable.<\/p><p>Les op\u00e9rateurs doivent adopter une approche plus strat\u00e9gique. Ils doivent repenser le lieu et la mani\u00e8re dont ils d\u00e9ploient l'infrastructure de recharge, en se concentrant sur les zones \u00e0 forte demande et sur les partenariats strat\u00e9giques avec les villes, les op\u00e9rateurs de flottes et les entreprises commerciales. Les innovations technologiques, telles que des syst\u00e8mes de gestion de l'\u00e9nergie plus intelligents et des solutions de recharge plus rapides et plus efficaces, seront \u00e9galement essentielles pour optimiser les taux d'utilisation et r\u00e9duire les co\u00fbts d'exploitation.<\/p><p>Dans le m\u00eame temps, il est essentiel d'affiner les mod\u00e8les commerciaux. Qu'il s'agisse de mod\u00e8les d'abonnement, de strat\u00e9gies de tarification dynamique ou de partenariats public-priv\u00e9, les op\u00e9rateurs devront \u00e9laborer des mod\u00e8les de revenus plus souples et plus durables pour surmonter l'instabilit\u00e9 financi\u00e8re qui frappe actuellement le secteur.<\/p><p>Dans notre prochain article, nous examinerons plus en d\u00e9tail les d\u00e9fis financiers auxquels le secteur est confront\u00e9, en nous concentrant sur la mani\u00e8re dont les op\u00e9rateurs peuvent surmonter les obstacles \u00e0 la rentabilit\u00e9 et cr\u00e9er des mod\u00e8les de croissance durables. L'avenir de la recharge des VE pourrait d\u00e9pendre moins de la rapidit\u00e9 avec laquelle l'infrastructure sera d\u00e9ploy\u00e9e que de la capacit\u00e9 du secteur \u00e0 s'adapter et \u00e0 affiner ses strat\u00e9gies commerciales.<\/p><p>Alors que la concurrence s'intensifie et que les attentes des consommateurs \u00e9voluent, les op\u00e9rateurs doivent \u00e9galement donner la priorit\u00e9 \u00e0 l'exp\u00e9rience client pour se diff\u00e9rencier. Il sera essentiel de proposer des options de paiement transparentes, une disponibilit\u00e9 fiable des stations et une int\u00e9gration avec les plateformes num\u00e9riques pour fid\u00e9liser les clients et les inciter \u00e0 utiliser l'infrastructure. En outre, en alignant le d\u00e9ploiement des infrastructures sur des objectifs plus larges de d\u00e9carbonisation, tels que l'int\u00e9gration de sources d'\u00e9nergie renouvelables et de solutions de stockage de batteries, les op\u00e9rateurs se positionneront comme des facilitateurs cl\u00e9s dans la transition vers un avenir \u00e9nerg\u00e9tique durable.<\/p>\t\t\t\t\t\t\t\t<\/div>\n\t\t\t\t\t<\/div>\n\t\t\t\t<\/div>\n\t\t<div class=\"elementor-element elementor-element-47c4485 e-flex e-con-boxed e-con e-parent\" data-id=\"47c4485\" data-element_type=\"container\" data-e-type=\"container\">\n\t\t\t\t\t<div class=\"e-con-inner\">\n\t\t\t\t<div class=\"elementor-element elementor-element-26adc73 elementor-widget-divider--view-line elementor-widget elementor-widget-divider\" data-id=\"26adc73\" data-element_type=\"widget\" data-e-type=\"widget\" data-widget_type=\"divider.default\">\n\t\t\t\t\t\t\t<div class=\"elementor-divider\">\n\t\t\t<span class=\"elementor-divider-separator\">\n\t\t\t\t\t\t<\/span>\n\t\t<\/div>\n\t\t\t\t\t\t<\/div>\n\t\t\t\t\t<\/div>\n\t\t\t\t<\/div>\n\t\t<div class=\"elementor-element elementor-element-2a942bf e-flex e-con-boxed e-con e-parent\" data-id=\"2a942bf\" data-element_type=\"container\" data-e-type=\"container\">\n\t\t\t\t\t<div class=\"e-con-inner\">\n\t\t\t\t<div class=\"elementor-element elementor-element-9bc8508 elementor-widget elementor-widget-text-editor\" data-id=\"9bc8508\" data-element_type=\"widget\" data-e-type=\"widget\" data-widget_type=\"text-editor.default\">\n\t\t\t\t\t\t\t\t\t<p><strong>Martijn Vogelaar - Directeur - Accuracy<\/strong><\/p><p><strong>Bianca Van Zijderveld - Gestionnaire principal - Pr\u00e9cision\u00a0<\/strong><\/p><p><strong>Sven Van Wijk - Associ\u00e9 principal - Accuracy<\/strong><\/p>\t\t\t\t\t\t\t\t<\/div>\n\t\t\t\t\t<\/div>\n\t\t\t\t<\/div>\n\t\t\t\t<\/div>","protected":false},"excerpt":{"rendered":"<p>Growth Amidst Uncertainty As the global community accelerates efforts to mitigate climate change &#8211; albeit with a recent major exception in the form of the U.S. under President Trump &#8211; the shift from internal combustion engine (ICE) vehicles to electric vehicles (EVs) has emerged as a linchpin of decarbonisation strategies. Yet, the transition is contingent [&hellip;]<\/p>\n","protected":false},"author":58,"featured_media":51517,"comment_status":"closed","ping_status":"closed","sticky":false,"template":"","format":"standard","meta":{"_acf_changed":false,"footnotes":""},"categories":[212,260,264,122],"tags":[],"class_list":["post-51515","post","type-post","status-publish","format-standard","has-post-thumbnail","hentry","category-analysis","category-automotive-mobility-analysis","category-energy-environment-analysis","category-perspectives"],"acf":[],"yoast_head":"<!-- This site is optimized with the Yoast SEO Premium plugin v27.5 (Yoast SEO v27.5) - https:\/\/yoast.com\/product\/yoast-seo-premium-wordpress\/ -->\n<title>Plugging into the Future: an Introduction to the EV Charging Market - Accuracy<\/title>\n<meta name=\"robots\" content=\"index, follow, max-snippet:-1, max-image-preview:large, max-video-preview:-1\" \/>\n<link rel=\"canonical\" href=\"https:\/\/www.accuracy.com\/fr\/se-brancher-sur-lavenir-une-introduction-au-marche-de-la-recharge-des-ev\/\" \/>\n<meta property=\"og:locale\" content=\"fr_CA\" \/>\n<meta property=\"og:type\" content=\"article\" \/>\n<meta property=\"og:title\" content=\"Plugging into the Future: an Introduction to the EV Charging Market\" \/>\n<meta property=\"og:description\" content=\"Growth Amidst Uncertainty As the global community accelerates efforts to mitigate climate change &#8211; albeit with a recent major exception in the form of the U.S. under President Trump &#8211; the shift from internal combustion engine (ICE) vehicles to electric vehicles (EVs) has emerged as a linchpin of decarbonisation strategies. Yet, the transition is contingent [&hellip;]\" \/>\n<meta property=\"og:url\" content=\"https:\/\/www.accuracy.com\/fr\/se-brancher-sur-lavenir-une-introduction-au-marche-de-la-recharge-des-ev\/\" \/>\n<meta property=\"og:site_name\" content=\"Accuracy\" \/>\n<meta property=\"article:published_time\" content=\"2025-02-05T08:15:32+00:00\" \/>\n<meta property=\"article:modified_time\" content=\"2025-10-15T10:28:54+00:00\" \/>\n<meta property=\"og:image\" content=\"https:\/\/www.accuracy.com\/wp-content\/uploads\/2025\/02\/Accuracy-Perspectives-EV-charging-infra-v2-scaled.jpg\" \/>\n\t<meta property=\"og:image:width\" content=\"2169\" \/>\n\t<meta property=\"og:image:height\" content=\"2560\" \/>\n\t<meta property=\"og:image:type\" content=\"image\/jpeg\" \/>\n<meta name=\"author\" content=\"albane.debraquilanges@accuracy.com\" \/>\n<meta name=\"twitter:card\" content=\"summary_large_image\" \/>\n<meta name=\"twitter:label1\" content=\"\u00c9crit par\" \/>\n\t<meta name=\"twitter:data1\" content=\"albane.debraquilanges@accuracy.com\" \/>\n<script type=\"application\/ld+json\" class=\"yoast-schema-graph\">{\"@context\":\"https:\\\/\\\/schema.org\",\"@graph\":[{\"@type\":\"Article\",\"@id\":\"https:\\\/\\\/www.accuracy.com\\\/plugging-into-the-future-an-introduction-to-the-ev-charging-market\\\/#article\",\"isPartOf\":{\"@id\":\"https:\\\/\\\/www.accuracy.com\\\/plugging-into-the-future-an-introduction-to-the-ev-charging-market\\\/\"},\"author\":{\"name\":\"albane.debraquilanges@accuracy.com\",\"@id\":\"https:\\\/\\\/www.accuracy.com\\\/#\\\/schema\\\/person\\\/72929a53f3d091e37119cd84ead1690c\"},\"headline\":\"Plugging into the Future: an Introduction to the EV Charging Market\",\"datePublished\":\"2025-02-05T08:15:32+00:00\",\"dateModified\":\"2025-10-15T10:28:54+00:00\",\"mainEntityOfPage\":{\"@id\":\"https:\\\/\\\/www.accuracy.com\\\/plugging-into-the-future-an-introduction-to-the-ev-charging-market\\\/\"},\"wordCount\":4008,\"publisher\":{\"@id\":\"https:\\\/\\\/www.accuracy.com\\\/#organization\"},\"image\":{\"@id\":\"https:\\\/\\\/www.accuracy.com\\\/plugging-into-the-future-an-introduction-to-the-ev-charging-market\\\/#primaryimage\"},\"thumbnailUrl\":\"https:\\\/\\\/www.accuracy.com\\\/wp-content\\\/uploads\\\/2025\\\/02\\\/Accuracy-Perspectives-EV-charging-infra-v2-scaled.jpg\",\"articleSection\":[\"Analysis\",\"Automotive - Mobility\",\"Energy - Environment\",\"Perspectives\"],\"inLanguage\":\"fr-CA\"},{\"@type\":\"WebPage\",\"@id\":\"https:\\\/\\\/www.accuracy.com\\\/plugging-into-the-future-an-introduction-to-the-ev-charging-market\\\/\",\"url\":\"https:\\\/\\\/www.accuracy.com\\\/plugging-into-the-future-an-introduction-to-the-ev-charging-market\\\/\",\"name\":\"Plugging into the Future: an Introduction to the EV Charging Market - Accuracy\",\"isPartOf\":{\"@id\":\"https:\\\/\\\/www.accuracy.com\\\/#website\"},\"primaryImageOfPage\":{\"@id\":\"https:\\\/\\\/www.accuracy.com\\\/plugging-into-the-future-an-introduction-to-the-ev-charging-market\\\/#primaryimage\"},\"image\":{\"@id\":\"https:\\\/\\\/www.accuracy.com\\\/plugging-into-the-future-an-introduction-to-the-ev-charging-market\\\/#primaryimage\"},\"thumbnailUrl\":\"https:\\\/\\\/www.accuracy.com\\\/wp-content\\\/uploads\\\/2025\\\/02\\\/Accuracy-Perspectives-EV-charging-infra-v2-scaled.jpg\",\"datePublished\":\"2025-02-05T08:15:32+00:00\",\"dateModified\":\"2025-10-15T10:28:54+00:00\",\"breadcrumb\":{\"@id\":\"https:\\\/\\\/www.accuracy.com\\\/plugging-into-the-future-an-introduction-to-the-ev-charging-market\\\/#breadcrumb\"},\"inLanguage\":\"fr-CA\",\"potentialAction\":[{\"@type\":\"ReadAction\",\"target\":[\"https:\\\/\\\/www.accuracy.com\\\/plugging-into-the-future-an-introduction-to-the-ev-charging-market\\\/\"]}]},{\"@type\":\"ImageObject\",\"inLanguage\":\"fr-CA\",\"@id\":\"https:\\\/\\\/www.accuracy.com\\\/plugging-into-the-future-an-introduction-to-the-ev-charging-market\\\/#primaryimage\",\"url\":\"https:\\\/\\\/www.accuracy.com\\\/wp-content\\\/uploads\\\/2025\\\/02\\\/Accuracy-Perspectives-EV-charging-infra-v2-scaled.jpg\",\"contentUrl\":\"https:\\\/\\\/www.accuracy.com\\\/wp-content\\\/uploads\\\/2025\\\/02\\\/Accuracy-Perspectives-EV-charging-infra-v2-scaled.jpg\",\"width\":2169,\"height\":2560},{\"@type\":\"BreadcrumbList\",\"@id\":\"https:\\\/\\\/www.accuracy.com\\\/plugging-into-the-future-an-introduction-to-the-ev-charging-market\\\/#breadcrumb\",\"itemListElement\":[{\"@type\":\"ListItem\",\"position\":1,\"name\":\"Accueil\",\"item\":\"https:\\\/\\\/www.accuracy.com\\\/\"},{\"@type\":\"ListItem\",\"position\":2,\"name\":\"Plugging into the Future: an Introduction to the EV Charging Market\"}]},{\"@type\":\"WebSite\",\"@id\":\"https:\\\/\\\/www.accuracy.com\\\/#website\",\"url\":\"https:\\\/\\\/www.accuracy.com\\\/\",\"name\":\"Accuracy\",\"description\":\"Business Advisers - Financial Consultants\",\"publisher\":{\"@id\":\"https:\\\/\\\/www.accuracy.com\\\/#organization\"},\"potentialAction\":[{\"@type\":\"SearchAction\",\"target\":{\"@type\":\"EntryPoint\",\"urlTemplate\":\"https:\\\/\\\/www.accuracy.com\\\/?s={search_term_string}\"},\"query-input\":{\"@type\":\"PropertyValueSpecification\",\"valueRequired\":true,\"valueName\":\"search_term_string\"}}],\"inLanguage\":\"fr-CA\"},{\"@type\":\"Organization\",\"@id\":\"https:\\\/\\\/www.accuracy.com\\\/#organization\",\"name\":\"Accuracy\",\"url\":\"https:\\\/\\\/www.accuracy.com\\\/\",\"logo\":{\"@type\":\"ImageObject\",\"inLanguage\":\"fr-CA\",\"@id\":\"https:\\\/\\\/www.accuracy.com\\\/#\\\/schema\\\/logo\\\/image\\\/\",\"url\":\"https:\\\/\\\/www.accuracy.com\\\/wp-content\\\/uploads\\\/2023\\\/08\\\/unnamed-3.jpg\",\"contentUrl\":\"https:\\\/\\\/www.accuracy.com\\\/wp-content\\\/uploads\\\/2023\\\/08\\\/unnamed-3.jpg\",\"width\":512,\"height\":512,\"caption\":\"Accuracy\"},\"image\":{\"@id\":\"https:\\\/\\\/www.accuracy.com\\\/#\\\/schema\\\/logo\\\/image\\\/\"},\"sameAs\":[\"https:\\\/\\\/www.linkedin.com\\\/company\\\/accuracy\\\/?originalSubdomain=fr\",\"https:\\\/\\\/www.instagram.com\\\/accuracycareers\\\/\"]},{\"@type\":\"Person\",\"@id\":\"https:\\\/\\\/www.accuracy.com\\\/#\\\/schema\\\/person\\\/72929a53f3d091e37119cd84ead1690c\",\"name\":\"albane.debraquilanges@accuracy.com\",\"image\":{\"@type\":\"ImageObject\",\"inLanguage\":\"fr-CA\",\"@id\":\"https:\\\/\\\/secure.gravatar.com\\\/avatar\\\/6b7766cb63f9bfaa0c09be6554dcec93090ba8c35aef59eb3bbae153da9a7e60?s=96&d=blank&r=g\",\"url\":\"https:\\\/\\\/secure.gravatar.com\\\/avatar\\\/6b7766cb63f9bfaa0c09be6554dcec93090ba8c35aef59eb3bbae153da9a7e60?s=96&d=blank&r=g\",\"contentUrl\":\"https:\\\/\\\/secure.gravatar.com\\\/avatar\\\/6b7766cb63f9bfaa0c09be6554dcec93090ba8c35aef59eb3bbae153da9a7e60?s=96&d=blank&r=g\",\"caption\":\"albane.debraquilanges@accuracy.com\"}}]}<\/script>\n<!-- \/ Yoast SEO Premium plugin. -->","yoast_head_json":{"title":"Se brancher sur l'avenir : une introduction au march\u00e9 de la recharge des VE - Accuracy","robots":{"index":"index","follow":"follow","max-snippet":"max-snippet:-1","max-image-preview":"max-image-preview:large","max-video-preview":"max-video-preview:-1"},"canonical":"https:\/\/www.accuracy.com\/fr\/se-brancher-sur-lavenir-une-introduction-au-marche-de-la-recharge-des-ev\/","og_locale":"fr_CA","og_type":"article","og_title":"Plugging into the Future: an Introduction to the EV Charging Market","og_description":"Growth Amidst Uncertainty As the global community accelerates efforts to mitigate climate change &#8211; albeit with a recent major exception in the form of the U.S. under President Trump &#8211; the shift from internal combustion engine (ICE) vehicles to electric vehicles (EVs) has emerged as a linchpin of decarbonisation strategies. Yet, the transition is contingent [&hellip;]","og_url":"https:\/\/www.accuracy.com\/fr\/se-brancher-sur-lavenir-une-introduction-au-marche-de-la-recharge-des-ev\/","og_site_name":"Accuracy","article_published_time":"2025-02-05T08:15:32+00:00","article_modified_time":"2025-10-15T10:28:54+00:00","og_image":[{"width":2169,"height":2560,"url":"https:\/\/www.accuracy.com\/wp-content\/uploads\/2025\/02\/Accuracy-Perspectives-EV-charging-infra-v2-scaled.jpg","type":"image\/jpeg"}],"author":"albane.debraquilanges@accuracy.com","twitter_card":"summary_large_image","twitter_misc":{"\u00c9crit par":"albane.debraquilanges@accuracy.com"},"schema":{"@context":"https:\/\/schema.org","@graph":[{"@type":"Article","@id":"https:\/\/www.accuracy.com\/plugging-into-the-future-an-introduction-to-the-ev-charging-market\/#article","isPartOf":{"@id":"https:\/\/www.accuracy.com\/plugging-into-the-future-an-introduction-to-the-ev-charging-market\/"},"author":{"name":"albane.debraquilanges@accuracy.com","@id":"https:\/\/www.accuracy.com\/#\/schema\/person\/72929a53f3d091e37119cd84ead1690c"},"headline":"Plugging into the Future: an Introduction to the EV Charging Market","datePublished":"2025-02-05T08:15:32+00:00","dateModified":"2025-10-15T10:28:54+00:00","mainEntityOfPage":{"@id":"https:\/\/www.accuracy.com\/plugging-into-the-future-an-introduction-to-the-ev-charging-market\/"},"wordCount":4008,"publisher":{"@id":"https:\/\/www.accuracy.com\/#organization"},"image":{"@id":"https:\/\/www.accuracy.com\/plugging-into-the-future-an-introduction-to-the-ev-charging-market\/#primaryimage"},"thumbnailUrl":"https:\/\/www.accuracy.com\/wp-content\/uploads\/2025\/02\/Accuracy-Perspectives-EV-charging-infra-v2-scaled.jpg","articleSection":["Analysis","Automotive - Mobility","Energy - Environment","Perspectives"],"inLanguage":"fr-CA"},{"@type":"WebPage","@id":"https:\/\/www.accuracy.com\/plugging-into-the-future-an-introduction-to-the-ev-charging-market\/","url":"https:\/\/www.accuracy.com\/plugging-into-the-future-an-introduction-to-the-ev-charging-market\/","name":"Se brancher sur l'avenir : une introduction au march\u00e9 de la recharge des VE - Accuracy","isPartOf":{"@id":"https:\/\/www.accuracy.com\/#website"},"primaryImageOfPage":{"@id":"https:\/\/www.accuracy.com\/plugging-into-the-future-an-introduction-to-the-ev-charging-market\/#primaryimage"},"image":{"@id":"https:\/\/www.accuracy.com\/plugging-into-the-future-an-introduction-to-the-ev-charging-market\/#primaryimage"},"thumbnailUrl":"https:\/\/www.accuracy.com\/wp-content\/uploads\/2025\/02\/Accuracy-Perspectives-EV-charging-infra-v2-scaled.jpg","datePublished":"2025-02-05T08:15:32+00:00","dateModified":"2025-10-15T10:28:54+00:00","breadcrumb":{"@id":"https:\/\/www.accuracy.com\/plugging-into-the-future-an-introduction-to-the-ev-charging-market\/#breadcrumb"},"inLanguage":"fr-CA","potentialAction":[{"@type":"ReadAction","target":["https:\/\/www.accuracy.com\/plugging-into-the-future-an-introduction-to-the-ev-charging-market\/"]}]},{"@type":"ImageObject","inLanguage":"fr-CA","@id":"https:\/\/www.accuracy.com\/plugging-into-the-future-an-introduction-to-the-ev-charging-market\/#primaryimage","url":"https:\/\/www.accuracy.com\/wp-content\/uploads\/2025\/02\/Accuracy-Perspectives-EV-charging-infra-v2-scaled.jpg","contentUrl":"https:\/\/www.accuracy.com\/wp-content\/uploads\/2025\/02\/Accuracy-Perspectives-EV-charging-infra-v2-scaled.jpg","width":2169,"height":2560},{"@type":"BreadcrumbList","@id":"https:\/\/www.accuracy.com\/plugging-into-the-future-an-introduction-to-the-ev-charging-market\/#breadcrumb","itemListElement":[{"@type":"ListItem","position":1,"name":"Accueil","item":"https:\/\/www.accuracy.com\/"},{"@type":"ListItem","position":2,"name":"Plugging into the Future: an Introduction to the EV Charging Market"}]},{"@type":"WebSite","@id":"https:\/\/www.accuracy.com\/#website","url":"https:\/\/www.accuracy.com\/","name":"Pr\u00e9cision","description":"Conseillers d'entreprise - Consultants financiers","publisher":{"@id":"https:\/\/www.accuracy.com\/#organization"},"potentialAction":[{"@type":"SearchAction","target":{"@type":"EntryPoint","urlTemplate":"https:\/\/www.accuracy.com\/?s={search_term_string}"},"query-input":{"@type":"PropertyValueSpecification","valueRequired":true,"valueName":"search_term_string"}}],"inLanguage":"fr-CA"},{"@type":"Organization","@id":"https:\/\/www.accuracy.com\/#organization","name":"Pr\u00e9cision","url":"https:\/\/www.accuracy.com\/","logo":{"@type":"ImageObject","inLanguage":"fr-CA","@id":"https:\/\/www.accuracy.com\/#\/schema\/logo\/image\/","url":"https:\/\/www.accuracy.com\/wp-content\/uploads\/2023\/08\/unnamed-3.jpg","contentUrl":"https:\/\/www.accuracy.com\/wp-content\/uploads\/2023\/08\/unnamed-3.jpg","width":512,"height":512,"caption":"Accuracy"},"image":{"@id":"https:\/\/www.accuracy.com\/#\/schema\/logo\/image\/"},"sameAs":["https:\/\/www.linkedin.com\/company\/accuracy\/?originalSubdomain=fr","https:\/\/www.instagram.com\/accuracycareers\/"]},{"@type":"Person","@id":"https:\/\/www.accuracy.com\/#\/schema\/person\/72929a53f3d091e37119cd84ead1690c","name":"albane.debraquilanges@accuracy.com","image":{"@type":"ImageObject","inLanguage":"fr-CA","@id":"https:\/\/secure.gravatar.com\/avatar\/6b7766cb63f9bfaa0c09be6554dcec93090ba8c35aef59eb3bbae153da9a7e60?s=96&d=blank&r=g","url":"https:\/\/secure.gravatar.com\/avatar\/6b7766cb63f9bfaa0c09be6554dcec93090ba8c35aef59eb3bbae153da9a7e60?s=96&d=blank&r=g","contentUrl":"https:\/\/secure.gravatar.com\/avatar\/6b7766cb63f9bfaa0c09be6554dcec93090ba8c35aef59eb3bbae153da9a7e60?s=96&d=blank&r=g","caption":"albane.debraquilanges@accuracy.com"}}]}},"_links":{"self":[{"href":"https:\/\/www.accuracy.com\/fr\/wp-json\/wp\/v2\/posts\/51515","targetHints":{"allow":["GET"]}}],"collection":[{"href":"https:\/\/www.accuracy.com\/fr\/wp-json\/wp\/v2\/posts"}],"about":[{"href":"https:\/\/www.accuracy.com\/fr\/wp-json\/wp\/v2\/types\/post"}],"author":[{"embeddable":true,"href":"https:\/\/www.accuracy.com\/fr\/wp-json\/wp\/v2\/users\/58"}],"replies":[{"embeddable":true,"href":"https:\/\/www.accuracy.com\/fr\/wp-json\/wp\/v2\/comments?post=51515"}],"version-history":[{"count":21,"href":"https:\/\/www.accuracy.com\/fr\/wp-json\/wp\/v2\/posts\/51515\/revisions"}],"predecessor-version":[{"id":51687,"href":"https:\/\/www.accuracy.com\/fr\/wp-json\/wp\/v2\/posts\/51515\/revisions\/51687"}],"wp:featuredmedia":[{"embeddable":true,"href":"https:\/\/www.accuracy.com\/fr\/wp-json\/wp\/v2\/media\/51517"}],"wp:attachment":[{"href":"https:\/\/www.accuracy.com\/fr\/wp-json\/wp\/v2\/media?parent=51515"}],"wp:term":[{"taxonomy":"category","embeddable":true,"href":"https:\/\/www.accuracy.com\/fr\/wp-json\/wp\/v2\/categories?post=51515"},{"taxonomy":"post_tag","embeddable":true,"href":"https:\/\/www.accuracy.com\/fr\/wp-json\/wp\/v2\/tags?post=51515"}],"curies":[{"name":"wp","href":"https:\/\/api.w.org\/{rel}","templated":true}]}}