{"id":50817,"date":"2024-12-17T12:15:49","date_gmt":"2024-12-17T11:15:49","guid":{"rendered":"https:\/\/www.accuracy.com\/?p=50817"},"modified":"2024-12-20T15:29:08","modified_gmt":"2024-12-20T14:29:08","slug":"ces-dossiers-qui-attendent-olivier-gavalda-a-la-tete-du-credit-agricole-le-figaro","status":"publish","type":"post","link":"https:\/\/www.accuracy.com\/fr\/ces-dossiers-qui-attendent-olivier-gavalda-a-la-tete-du-credit-agricole-le-figaro\/","title":{"rendered":"Ces dossiers qui attendent Olivier Gavalda \u00e0 la t\u00eate du Cr\u00e9dit agricole - Le Figaro"},"content":{"rendered":"<p>Le futur directeur g\u00e9n\u00e9ral de la banque doit \u00eatre nomm\u00e9 ce mardi. Il devra s\u00fbrement commencer par r\u00e9gler le dossier italien.<\/p>\n<p>Jour J au Cr\u00e9dit agricole. Son conseil d'administration se r\u00e9unit ce mardi pour d\u00e9signer le successeur de Philippe Brassac \u00e0 la t\u00eate de Cr\u00e9dit agricole SA (Casa), l'entit\u00e9 cot\u00e9e en Bourse du groupe mutualiste. Tr\u00e8s puissante, celle-ci abrite les grands m\u00e9tiers de la Banque verte (assurance, banque de financement et d'investissement, cr\u00e9dit \u00e0 la consommation...) ainsi que ses filiales, dont LCL, Amundi le premier gestionnaire d'actifs europ\u00e9en et ses activit\u00e9s \u00e0 l'\u00e9tranger (filiale en Italie...).<\/p>\n<p>\u00c2g\u00e9 de 65 ans, Philippe Brassac a atteint la limite d'\u00e2ge pr\u00e9vue par les statuts. Apr\u00e8s avoir exerc\u00e9 pendant dix ans la fonction de directeur g\u00e9n\u00e9ral, il passera le flambeau lors de la prochaine assembl\u00e9e g\u00e9n\u00e9rale des actionnaires, le 14 mai 2025. Des six candidats en lice pour diriger Casa, filiale \u00e0 60 % des 39 caisses r\u00e9gionales du Cr\u00e9dit agricole, il n'en restait que trois en fin de course : Olivier Gavalda (61 ans), l'actuel directeur g\u00e9n\u00e9ral de la banque universelle, donn\u00e9 favori depuis plusieurs mois, G\u00e9rald Gr\u00e9goire (50 ans), directeur g\u00e9n\u00e9ral adjoint charg\u00e9 du p\u00f4le client et d\u00e9veloppement, et St\u00e9phane Priami (59 ans), le directeur g\u00e9n\u00e9ral du \" personal finance &amp; mobility \" (cr\u00e9dit \u00e0 la consommation et financement automobile). (...)<\/p>\n<p>Mais, le nouvel homme fort aura plusieurs d\u00e9fis \u00e0 relever. \" L'un des dossiers les plus br\u00fblants \u00e0 court terme est li\u00e9 \u00e0 l'Italie , son deuxi\u00e8me march\u00e9 domestique apr\u00e8s la France \" , rel\u00e8ve <strong>Nicolas Darbo<\/strong>, associ\u00e9 chez\u00a0<strong>Pr\u00e9cision<\/strong>. Cr\u00e9dit agricole se retrouve au coeur de la bataille opposant UniCredit, la deuxi\u00e8me banque italienne, \u00e0 Banco BPM, dont elle est le premier actionnaire (avec 9,9 %).<\/p>\n<p>Voir l'article complet <a href=\"https:\/\/www.lefigaro.fr\/societes\/les-defis-du-successeur-de-philippe-brassac-a-la-tete-du-credit-agricole-20241216\">ici<\/a>.<\/p>","protected":false},"excerpt":{"rendered":"<p>Le futur directeur g\u00e9n\u00e9ral de la banque doit \u00eatre nomm\u00e9 ce mardi. Il devra s\u00fbrement commencer par r\u00e9gler le dossier italien. Jour J au Cr\u00e9dit agricole. Son\u00a0conseil\u00a0d&#8217;administration se r\u00e9unit ce mardi pour d\u00e9signer le successeur de Philippe Brassac \u00e0 la t\u00eate de\u00a0Cr\u00e9dit agricole SA\u00a0(Casa), l&#8217;entit\u00e9 cot\u00e9e en Bourse du groupe mutualiste. Tr\u00e8s puissante, celle-ci abrite [&hellip;]<\/p>\n","protected":false},"author":38,"featured_media":0,"comment_status":"closed","ping_status":"closed","sticky":false,"template":"","format":"standard","meta":{"_acf_changed":false,"footnotes":""},"categories":[318],"tags":[],"class_list":["post-50817","post","type-post","status-publish","format-standard","hentry","category-fr-press"],"acf":[],"yoast_head":"<!-- This site is optimized with the Yoast SEO Premium plugin v27.5 (Yoast SEO v27.5) - https:\/\/yoast.com\/product\/yoast-seo-premium-wordpress\/ -->\n<title>Ces dossiers qui attendent Olivier Gavalda \u00e0 la t\u00eate du Cr\u00e9dit agricole - Le Figaro - Accuracy<\/title>\n<meta name=\"robots\" content=\"index, follow, max-snippet:-1, max-image-preview:large, max-video-preview:-1\" \/>\n<link rel=\"canonical\" href=\"https:\/\/www.accuracy.com\/fr\/ces-dossiers-qui-attendent-olivier-gavalda-a-la-tete-du-credit-agricole-le-figaro\/\" \/>\n<meta property=\"og:locale\" content=\"fr_CA\" \/>\n<meta property=\"og:type\" content=\"article\" \/>\n<meta property=\"og:title\" content=\"Ces dossiers qui attendent Olivier Gavalda \u00e0 la t\u00eate du Cr\u00e9dit agricole - Le Figaro\" \/>\n<meta property=\"og:description\" content=\"Le futur directeur g\u00e9n\u00e9ral de la banque doit \u00eatre nomm\u00e9 ce mardi. Il devra s\u00fbrement commencer par r\u00e9gler le dossier italien. Jour J au Cr\u00e9dit agricole. Son\u00a0conseil\u00a0d&#8217;administration se r\u00e9unit ce mardi pour d\u00e9signer le successeur de Philippe Brassac \u00e0 la t\u00eate de\u00a0Cr\u00e9dit agricole SA\u00a0(Casa), l&#8217;entit\u00e9 cot\u00e9e en Bourse du groupe mutualiste. Tr\u00e8s puissante, celle-ci abrite [&hellip;]\" \/>\n<meta property=\"og:url\" content=\"https:\/\/www.accuracy.com\/fr\/ces-dossiers-qui-attendent-olivier-gavalda-a-la-tete-du-credit-agricole-le-figaro\/\" \/>\n<meta property=\"og:site_name\" content=\"Accuracy\" \/>\n<meta property=\"article:published_time\" content=\"2024-12-17T11:15:49+00:00\" \/>\n<meta property=\"article:modified_time\" content=\"2024-12-20T14:29:08+00:00\" \/>\n<meta property=\"og:image\" content=\"https:\/\/www.accuracy.com\/wp-content\/uploads\/2023\/10\/Accuracy.png\" \/>\n\t<meta property=\"og:image:width\" content=\"1200\" \/>\n\t<meta property=\"og:image:height\" content=\"675\" \/>\n\t<meta property=\"og:image:type\" content=\"image\/png\" \/>\n<meta name=\"author\" content=\"Ma\u00eblys Gomis\" \/>\n<meta name=\"twitter:card\" content=\"summary_large_image\" \/>\n<meta name=\"twitter:label1\" content=\"\u00c9crit par\" \/>\n\t<meta name=\"twitter:data1\" content=\"Ma\u00eblys Gomis\" \/>\n\t<meta name=\"twitter:label2\" content=\"Estimation du temps de lecture\" \/>\n\t<meta name=\"twitter:data2\" content=\"2 minutes\" \/>\n<script type=\"application\/ld+json\" class=\"yoast-schema-graph\">{\"@context\":\"https:\\\/\\\/schema.org\",\"@graph\":[{\"@type\":\"Article\",\"@id\":\"https:\\\/\\\/www.accuracy.com\\\/en_gb\\\/ces-dossiers-qui-attendent-olivier-gavalda-a-la-tete-du-credit-agricole-le-figaro\\\/#article\",\"isPartOf\":{\"@id\":\"https:\\\/\\\/www.accuracy.com\\\/en_gb\\\/ces-dossiers-qui-attendent-olivier-gavalda-a-la-tete-du-credit-agricole-le-figaro\\\/\"},\"author\":{\"name\":\"Ma\u00eblys Gomis\",\"@id\":\"https:\\\/\\\/www.accuracy.com\\\/#\\\/schema\\\/person\\\/68ce67d9b9beccdb553af07dbe3a32fd\"},\"headline\":\"Ces dossiers qui attendent Olivier Gavalda \u00e0 la t\u00eate du Cr\u00e9dit agricole &#8211; Le Figaro\",\"datePublished\":\"2024-12-17T11:15:49+00:00\",\"dateModified\":\"2024-12-20T14:29:08+00:00\",\"mainEntityOfPage\":{\"@id\":\"https:\\\/\\\/www.accuracy.com\\\/en_gb\\\/ces-dossiers-qui-attendent-olivier-gavalda-a-la-tete-du-credit-agricole-le-figaro\\\/\"},\"wordCount\":332,\"publisher\":{\"@id\":\"https:\\\/\\\/www.accuracy.com\\\/#organization\"},\"articleSection\":[\"FR (Press)\"],\"inLanguage\":\"fr-CA\"},{\"@type\":\"WebPage\",\"@id\":\"https:\\\/\\\/www.accuracy.com\\\/en_gb\\\/ces-dossiers-qui-attendent-olivier-gavalda-a-la-tete-du-credit-agricole-le-figaro\\\/\",\"url\":\"https:\\\/\\\/www.accuracy.com\\\/en_gb\\\/ces-dossiers-qui-attendent-olivier-gavalda-a-la-tete-du-credit-agricole-le-figaro\\\/\",\"name\":\"Ces dossiers qui attendent Olivier Gavalda \u00e0 la t\u00eate du Cr\u00e9dit agricole - Le Figaro - Accuracy\",\"isPartOf\":{\"@id\":\"https:\\\/\\\/www.accuracy.com\\\/#website\"},\"datePublished\":\"2024-12-17T11:15:49+00:00\",\"dateModified\":\"2024-12-20T14:29:08+00:00\",\"breadcrumb\":{\"@id\":\"https:\\\/\\\/www.accuracy.com\\\/en_gb\\\/ces-dossiers-qui-attendent-olivier-gavalda-a-la-tete-du-credit-agricole-le-figaro\\\/#breadcrumb\"},\"inLanguage\":\"fr-CA\",\"potentialAction\":[{\"@type\":\"ReadAction\",\"target\":[\"https:\\\/\\\/www.accuracy.com\\\/en_gb\\\/ces-dossiers-qui-attendent-olivier-gavalda-a-la-tete-du-credit-agricole-le-figaro\\\/\"]}]},{\"@type\":\"BreadcrumbList\",\"@id\":\"https:\\\/\\\/www.accuracy.com\\\/en_gb\\\/ces-dossiers-qui-attendent-olivier-gavalda-a-la-tete-du-credit-agricole-le-figaro\\\/#breadcrumb\",\"itemListElement\":[{\"@type\":\"ListItem\",\"position\":1,\"name\":\"Accueil\",\"item\":\"https:\\\/\\\/www.accuracy.com\\\/\"},{\"@type\":\"ListItem\",\"position\":2,\"name\":\"Ces dossiers qui attendent Olivier Gavalda \u00e0 la t\u00eate du Cr\u00e9dit agricole &#8211; Le Figaro\"}]},{\"@type\":\"WebSite\",\"@id\":\"https:\\\/\\\/www.accuracy.com\\\/#website\",\"url\":\"https:\\\/\\\/www.accuracy.com\\\/\",\"name\":\"Accuracy\",\"description\":\"Business Advisers - Financial Consultants\",\"publisher\":{\"@id\":\"https:\\\/\\\/www.accuracy.com\\\/#organization\"},\"potentialAction\":[{\"@type\":\"SearchAction\",\"target\":{\"@type\":\"EntryPoint\",\"urlTemplate\":\"https:\\\/\\\/www.accuracy.com\\\/?s={search_term_string}\"},\"query-input\":{\"@type\":\"PropertyValueSpecification\",\"valueRequired\":true,\"valueName\":\"search_term_string\"}}],\"inLanguage\":\"fr-CA\"},{\"@type\":\"Organization\",\"@id\":\"https:\\\/\\\/www.accuracy.com\\\/#organization\",\"name\":\"Accuracy\",\"url\":\"https:\\\/\\\/www.accuracy.com\\\/\",\"logo\":{\"@type\":\"ImageObject\",\"inLanguage\":\"fr-CA\",\"@id\":\"https:\\\/\\\/www.accuracy.com\\\/#\\\/schema\\\/logo\\\/image\\\/\",\"url\":\"https:\\\/\\\/www.accuracy.com\\\/wp-content\\\/uploads\\\/2023\\\/08\\\/unnamed-3.jpg\",\"contentUrl\":\"https:\\\/\\\/www.accuracy.com\\\/wp-content\\\/uploads\\\/2023\\\/08\\\/unnamed-3.jpg\",\"width\":512,\"height\":512,\"caption\":\"Accuracy\"},\"image\":{\"@id\":\"https:\\\/\\\/www.accuracy.com\\\/#\\\/schema\\\/logo\\\/image\\\/\"},\"sameAs\":[\"https:\\\/\\\/www.linkedin.com\\\/company\\\/accuracy\\\/?originalSubdomain=fr\",\"https:\\\/\\\/www.instagram.com\\\/accuracycareers\\\/\"]},{\"@type\":\"Person\",\"@id\":\"https:\\\/\\\/www.accuracy.com\\\/#\\\/schema\\\/person\\\/68ce67d9b9beccdb553af07dbe3a32fd\",\"name\":\"Ma\u00eblys Gomis\",\"image\":{\"@type\":\"ImageObject\",\"inLanguage\":\"fr-CA\",\"@id\":\"https:\\\/\\\/secure.gravatar.com\\\/avatar\\\/4ad3652e23d1ffa941cf0fef640e4a120c859508553c667e4192ca34db23570a?s=96&d=blank&r=g\",\"url\":\"https:\\\/\\\/secure.gravatar.com\\\/avatar\\\/4ad3652e23d1ffa941cf0fef640e4a120c859508553c667e4192ca34db23570a?s=96&d=blank&r=g\",\"contentUrl\":\"https:\\\/\\\/secure.gravatar.com\\\/avatar\\\/4ad3652e23d1ffa941cf0fef640e4a120c859508553c667e4192ca34db23570a?s=96&d=blank&r=g\",\"caption\":\"Ma\u00eblys Gomis\"}}]}<\/script>\n<!-- \/ Yoast SEO Premium plugin. -->","yoast_head_json":{"title":"Ces dossiers qui attendent Olivier Gavalda \u00e0 la t\u00eate du Cr\u00e9dit agricole - Le Figaro - Accuracy","robots":{"index":"index","follow":"follow","max-snippet":"max-snippet:-1","max-image-preview":"max-image-preview:large","max-video-preview":"max-video-preview:-1"},"canonical":"https:\/\/www.accuracy.com\/fr\/ces-dossiers-qui-attendent-olivier-gavalda-a-la-tete-du-credit-agricole-le-figaro\/","og_locale":"fr_CA","og_type":"article","og_title":"Ces dossiers qui attendent Olivier Gavalda \u00e0 la t\u00eate du Cr\u00e9dit agricole - Le Figaro","og_description":"Le futur directeur g\u00e9n\u00e9ral de la banque doit \u00eatre nomm\u00e9 ce mardi. Il devra s\u00fbrement commencer par r\u00e9gler le dossier italien. Jour J au Cr\u00e9dit agricole. Son\u00a0conseil\u00a0d&#8217;administration se r\u00e9unit ce mardi pour d\u00e9signer le successeur de Philippe Brassac \u00e0 la t\u00eate de\u00a0Cr\u00e9dit agricole SA\u00a0(Casa), l&#8217;entit\u00e9 cot\u00e9e en Bourse du groupe mutualiste. Tr\u00e8s puissante, celle-ci abrite [&hellip;]","og_url":"https:\/\/www.accuracy.com\/fr\/ces-dossiers-qui-attendent-olivier-gavalda-a-la-tete-du-credit-agricole-le-figaro\/","og_site_name":"Accuracy","article_published_time":"2024-12-17T11:15:49+00:00","article_modified_time":"2024-12-20T14:29:08+00:00","og_image":[{"width":1200,"height":675,"url":"https:\/\/www.accuracy.com\/wp-content\/uploads\/2023\/10\/Accuracy.png","type":"image\/png"}],"author":"Ma\u00eblys Gomis","twitter_card":"summary_large_image","twitter_misc":{"\u00c9crit par":"Ma\u00eblys Gomis","Estimation du temps de lecture":"2 minutes"},"schema":{"@context":"https:\/\/schema.org","@graph":[{"@type":"Article","@id":"https:\/\/www.accuracy.com\/en_gb\/ces-dossiers-qui-attendent-olivier-gavalda-a-la-tete-du-credit-agricole-le-figaro\/#article","isPartOf":{"@id":"https:\/\/www.accuracy.com\/en_gb\/ces-dossiers-qui-attendent-olivier-gavalda-a-la-tete-du-credit-agricole-le-figaro\/"},"author":{"name":"Ma\u00eblys Gomis","@id":"https:\/\/www.accuracy.com\/#\/schema\/person\/68ce67d9b9beccdb553af07dbe3a32fd"},"headline":"Ces dossiers qui attendent Olivier Gavalda \u00e0 la t\u00eate du Cr\u00e9dit agricole &#8211; Le Figaro","datePublished":"2024-12-17T11:15:49+00:00","dateModified":"2024-12-20T14:29:08+00:00","mainEntityOfPage":{"@id":"https:\/\/www.accuracy.com\/en_gb\/ces-dossiers-qui-attendent-olivier-gavalda-a-la-tete-du-credit-agricole-le-figaro\/"},"wordCount":332,"publisher":{"@id":"https:\/\/www.accuracy.com\/#organization"},"articleSection":["FR (Press)"],"inLanguage":"fr-CA"},{"@type":"WebPage","@id":"https:\/\/www.accuracy.com\/en_gb\/ces-dossiers-qui-attendent-olivier-gavalda-a-la-tete-du-credit-agricole-le-figaro\/","url":"https:\/\/www.accuracy.com\/en_gb\/ces-dossiers-qui-attendent-olivier-gavalda-a-la-tete-du-credit-agricole-le-figaro\/","name":"Ces dossiers qui attendent Olivier Gavalda \u00e0 la t\u00eate du Cr\u00e9dit agricole - Le Figaro - Accuracy","isPartOf":{"@id":"https:\/\/www.accuracy.com\/#website"},"datePublished":"2024-12-17T11:15:49+00:00","dateModified":"2024-12-20T14:29:08+00:00","breadcrumb":{"@id":"https:\/\/www.accuracy.com\/en_gb\/ces-dossiers-qui-attendent-olivier-gavalda-a-la-tete-du-credit-agricole-le-figaro\/#breadcrumb"},"inLanguage":"fr-CA","potentialAction":[{"@type":"ReadAction","target":["https:\/\/www.accuracy.com\/en_gb\/ces-dossiers-qui-attendent-olivier-gavalda-a-la-tete-du-credit-agricole-le-figaro\/"]}]},{"@type":"BreadcrumbList","@id":"https:\/\/www.accuracy.com\/en_gb\/ces-dossiers-qui-attendent-olivier-gavalda-a-la-tete-du-credit-agricole-le-figaro\/#breadcrumb","itemListElement":[{"@type":"ListItem","position":1,"name":"Accueil","item":"https:\/\/www.accuracy.com\/"},{"@type":"ListItem","position":2,"name":"Ces dossiers qui attendent Olivier Gavalda \u00e0 la t\u00eate du Cr\u00e9dit agricole &#8211; Le Figaro"}]},{"@type":"WebSite","@id":"https:\/\/www.accuracy.com\/#website","url":"https:\/\/www.accuracy.com\/","name":"Pr\u00e9cision","description":"Conseillers d'entreprise - Consultants financiers","publisher":{"@id":"https:\/\/www.accuracy.com\/#organization"},"potentialAction":[{"@type":"SearchAction","target":{"@type":"EntryPoint","urlTemplate":"https:\/\/www.accuracy.com\/?s={search_term_string}"},"query-input":{"@type":"PropertyValueSpecification","valueRequired":true,"valueName":"search_term_string"}}],"inLanguage":"fr-CA"},{"@type":"Organization","@id":"https:\/\/www.accuracy.com\/#organization","name":"Pr\u00e9cision","url":"https:\/\/www.accuracy.com\/","logo":{"@type":"ImageObject","inLanguage":"fr-CA","@id":"https:\/\/www.accuracy.com\/#\/schema\/logo\/image\/","url":"https:\/\/www.accuracy.com\/wp-content\/uploads\/2023\/08\/unnamed-3.jpg","contentUrl":"https:\/\/www.accuracy.com\/wp-content\/uploads\/2023\/08\/unnamed-3.jpg","width":512,"height":512,"caption":"Accuracy"},"image":{"@id":"https:\/\/www.accuracy.com\/#\/schema\/logo\/image\/"},"sameAs":["https:\/\/www.linkedin.com\/company\/accuracy\/?originalSubdomain=fr","https:\/\/www.instagram.com\/accuracycareers\/"]},{"@type":"Person","@id":"https:\/\/www.accuracy.com\/#\/schema\/person\/68ce67d9b9beccdb553af07dbe3a32fd","name":"Ma\u00eblys Gomis","image":{"@type":"ImageObject","inLanguage":"fr-CA","@id":"https:\/\/secure.gravatar.com\/avatar\/4ad3652e23d1ffa941cf0fef640e4a120c859508553c667e4192ca34db23570a?s=96&d=blank&r=g","url":"https:\/\/secure.gravatar.com\/avatar\/4ad3652e23d1ffa941cf0fef640e4a120c859508553c667e4192ca34db23570a?s=96&d=blank&r=g","contentUrl":"https:\/\/secure.gravatar.com\/avatar\/4ad3652e23d1ffa941cf0fef640e4a120c859508553c667e4192ca34db23570a?s=96&d=blank&r=g","caption":"Ma\u00eblys Gomis"}}]}},"_links":{"self":[{"href":"https:\/\/www.accuracy.com\/fr\/wp-json\/wp\/v2\/posts\/50817","targetHints":{"allow":["GET"]}}],"collection":[{"href":"https:\/\/www.accuracy.com\/fr\/wp-json\/wp\/v2\/posts"}],"about":[{"href":"https:\/\/www.accuracy.com\/fr\/wp-json\/wp\/v2\/types\/post"}],"author":[{"embeddable":true,"href":"https:\/\/www.accuracy.com\/fr\/wp-json\/wp\/v2\/users\/38"}],"replies":[{"embeddable":true,"href":"https:\/\/www.accuracy.com\/fr\/wp-json\/wp\/v2\/comments?post=50817"}],"version-history":[{"count":1,"href":"https:\/\/www.accuracy.com\/fr\/wp-json\/wp\/v2\/posts\/50817\/revisions"}],"predecessor-version":[{"id":50818,"href":"https:\/\/www.accuracy.com\/fr\/wp-json\/wp\/v2\/posts\/50817\/revisions\/50818"}],"wp:attachment":[{"href":"https:\/\/www.accuracy.com\/fr\/wp-json\/wp\/v2\/media?parent=50817"}],"wp:term":[{"taxonomy":"category","embeddable":true,"href":"https:\/\/www.accuracy.com\/fr\/wp-json\/wp\/v2\/categories?post=50817"},{"taxonomy":"post_tag","embeddable":true,"href":"https:\/\/www.accuracy.com\/fr\/wp-json\/wp\/v2\/tags?post=50817"}],"curies":[{"name":"wp","href":"https:\/\/api.w.org\/{rel}","templated":true}]}}