{"id":48782,"date":"2024-10-08T12:13:31","date_gmt":"2024-10-08T10:13:31","guid":{"rendered":"https:\/\/www.accuracy.com\/?p=48782"},"modified":"2024-10-18T13:06:09","modified_gmt":"2024-10-18T11:06:09","slug":"lespagne-a-un-potentiel-enorme-dans-la-production-de-biogaz","status":"publish","type":"post","link":"https:\/\/www.accuracy.com\/fr\/espana-tiene-un-potencial-enorme-en-la-generacion-de-biogases\/","title":{"rendered":"\"L'Espagne dispose d'un potentiel \u00e9norme en mati\u00e8re de production de biogaz\"."},"content":{"rendered":"<div data-elementor-type=\"wp-post\" data-elementor-id=\"48782\" class=\"elementor elementor-48782\" data-elementor-post-type=\"post\">\n\t\t\t\t<div class=\"elementor-element elementor-element-9f88744 e-flex e-con-boxed e-con e-parent\" data-id=\"9f88744\" data-element_type=\"container\" data-e-type=\"container\">\n\t\t\t\t\t<div class=\"e-con-inner\">\n\t\t\t\t<div class=\"elementor-element elementor-element-5578900 elementor-widget elementor-widget-video\" data-id=\"5578900\" data-element_type=\"widget\" data-e-type=\"widget\" data-settings=\"{&quot;video_type&quot;:&quot;hosted&quot;,&quot;show_image_overlay&quot;:&quot;yes&quot;,&quot;image_overlay&quot;:{&quot;url&quot;:&quot;https:\\\/\\\/www.accuracy.com\\\/wp-content\\\/uploads\\\/2024\\\/10\\\/Entrevista-ESG.png&quot;,&quot;id&quot;:48788,&quot;size&quot;:&quot;&quot;,&quot;alt&quot;:&quot;&quot;,&quot;source&quot;:&quot;library&quot;},&quot;controls&quot;:&quot;yes&quot;}\" data-widget_type=\"video.default\">\n\t\t\t\t\t\t\t<div class=\"e-hosted-video elementor-wrapper elementor-open-inline\">\n\t\t\t\t\t<video class=\"elementor-video\" src=\"https:\/\/www.accuracy.com\/wp-content\/uploads\/2024\/10\/Entrevista-Naturgy-v5.mp4\" controls=\"\" preload=\"metadata\" controlslist=\"nodownload\" poster=\"https:\/\/www.accuracy.com\/wp-content\/uploads\/2024\/10\/Laura.jpg\"><\/video>\n\t\t\t\t\t\t<div class=\"elementor-custom-embed-image-overlay\" style=\"background-image: url(https:\/\/www.accuracy.com\/wp-content\/uploads\/2024\/10\/Entrevista-ESG.png);\">\n\t\t\t\t\t\t\t\t\t\t\t\t\t\t\t\t<div class=\"elementor-custom-embed-play\" role=\"button\" aria-label=\"Lire la vid\u00e9o\" tabindex=\"0\">\n\t\t\t\t\t\t\t<svg aria-hidden=\"true\" class=\"e-font-icon-svg e-eicon-play\" viewbox=\"0 0 1000 1000\" xmlns=\"http:\/\/www.w3.org\/2000\/svg\"><path d=\"M838 162C746 71 633 25 500 25 371 25 258 71 163 162 71 254 25 367 25 500 25 633 71 746 163 837 254 929 367 979 500 979 633 979 746 933 838 837 929 746 975 633 975 500 975 367 929 254 838 162M808 192C892 279 933 379 933 500 933 621 892 725 808 808 725 892 621 938 500 938 379 938 279 896 196 808 113 725 67 621 67 500 67 379 108 279 196 192 279 108 383 62 500 62 621 62 721 108 808 192M438 392V642L642 517 438 392Z\"><\/path><\/svg>\t\t\t\t\t\t<\/div>\n\t\t\t\t\t\t\t\t\t<\/div>\n\t\t\t\t\t<\/div>\n\t\t\t\t\t\t<\/div>\n\t\t\t\t\t<\/div>\n\t\t\t\t<\/div>\n\t\t<div class=\"elementor-element elementor-element-77ed030b e-flex e-con-boxed e-con e-parent\" data-id=\"77ed030b\" data-element_type=\"container\" data-e-type=\"container\">\n\t\t\t\t\t<div class=\"e-con-inner\">\n\t\t\t\t<div class=\"elementor-element elementor-element-3f648ee1 elementor-widget elementor-widget-text-editor\" data-id=\"3f648ee1\" data-element_type=\"widget\" data-e-type=\"widget\" data-widget_type=\"text-editor.default\">\n\t\t\t\t\t\t\t\t\t<p><em>Nous vous pr\u00e9sentons un nouveau chapitre de notre site web. <strong>Interview de la s\u00e9rie Accuracy,<\/strong> cette fois avec la participation de <strong>Nuria Rodr\u00edguez<\/strong>, directrice de l'environnement et de la responsabilit\u00e9 sociale de Naturgy, qui a r\u00e9pondu aux questions de notre soci\u00e9t\u00e9, <strong>Laura C\u00f3zar<\/strong> sur l'ESG.&nbsp;<\/em><em style=\"color: var( --e-global-color-text ); font-family: var( --e-global-typography-text-font-family ), Sans-serif; font-size: var( --e-global-typography-text-font-size ); font-weight: var( --e-global-typography-text-font-weight ); word-spacing: var( --e-global-typography-text-word-spacing ); text-align: var(--text-align);\">Nous vous invitons \u00e0 lire sa vision \u00e0 la suite :<\/em><\/p>\n<p><strong>Naturgy dispose d'un plan de durabilit\u00e9 \u00e0 l'horizon 2025 qui est align\u00e9 sur les objectifs de d\u00e9veloppement durable des Nations unies. Nuria, quels sont les piliers de ce plan ? Quels sont les obstacles \u00e0 surmonter dans les ann\u00e9es \u00e0 venir pour atteindre ces objectifs ?<\/strong><\/p>\n<p><em>En premier lieu, Laura, merci beaucoup de m'avoir invit\u00e9e. C'est une tr\u00e8s bonne question pour commencer, car le plan de durabilit\u00e9 de l'ann\u00e9e 21, s'il faut le caract\u00e9riser d'une certaine mani\u00e8re, est absolument int\u00e9gr\u00e9 dans la strat\u00e9gie de l'entreprise. Depuis plus d'un an, nous savons que la durabilit\u00e9 doit \u00eatre l'une des principales valeurs de Naturgy en tant qu'entreprise et, en 2021, nous avons d\u00e9cid\u00e9 d'int\u00e9grer la durabilit\u00e9 dans les objectifs de l'entreprise, de mani\u00e8re \u00e0 ce qu'elle soit int\u00e9gr\u00e9e dans le plan strat\u00e9gique.&nbsp;<\/em><\/p>\n<p><em>Dans notre plan strat\u00e9gique et donc de durabilit\u00e9, il y a trois facteurs fondamentaux : le climat, la nature en tant que deuxi\u00e8me pilier et les personnes. Pourquoi ces trois vecteurs sont-ils si importants ? En effet, pour une entreprise \u00e9nerg\u00e9tique, la r\u00e9duction des \u00e9missions, non seulement pour elle-m\u00eame, mais aussi pour aider les autres \u00e0 r\u00e9duire leurs \u00e9missions de carbone, est absolument prioritaire et strat\u00e9gique. La nature, parce qu'en fin de compte nous sommes tr\u00e8s li\u00e9s tant par les ressources dont nous avons besoin que par les impacts que nous avons et que nous pouvons g\u00e9n\u00e9rer de mani\u00e8re positive et, bien s\u00fbr, les personnes, parce qu'il n'est pas possible d'abandonner qui que ce soit dans cette transition \u00e9nerg\u00e9tique vers une \u00e9conomie \u00e0 faibles \u00e9missions de carbone.<\/em><\/p>\n<p><strong>\u00bfY en cuanto a los escollos ? y tambi\u00e9n en clave positiva, \u00bfque retorno est\u00e1is observando en el medio plazo o corto plazo, tanto en vuestras operaciones como en la manera en la que os percibe el mercado y el resto de grupos de inter\u00e9s ?<\/strong><\/p>\n<p><em>Il est clair qu'\u00e0 Accuracy, nous savons tr\u00e8s bien que la durabilit\u00e9 est un facteur fondamental dans la valorisation des entreprises. C'est ce que nous constatons \u00e9galement dans la valorisation des projets. Il est clair que pour nous, par exemple, l'un des enjeux est de savoir comment nous avons r\u00e9ussi la transition d'une entreprise o\u00f9 le poids du march\u00e9 du gaz naturel \u00e9tait tr\u00e8s important (et il le reste)... Comment nous sommes pass\u00e9s d'une d\u00e9pendance \u00e0 l'\u00e9gard des combustibles fossiles \u00e0 un march\u00e9 bas\u00e9 sur les \u00e9nergies renouvelables. Y para ello, pues evidentemente, tuvimos que tomar decisiones complicadas como fue el cierre de las centrales de carb\u00f3n en el a\u00f1o 2018. No era una actividad con p\u00e9rdidas, sino que, lo que vimos fue, que era una actividad sin futuro y, por tanto, apostamos por ese retorno. Acc\u00e9l\u00e9rer la finalisation de cette activit\u00e9 en vue de renforcer les \u00e9nergies renouvelables.&nbsp;<\/em><\/p>\n<p><em>D'autre part, dans les projets d'\u00e9nergie renouvelable, nous constatons que, m\u00eame si ces projets n'\u00e9taient pas rentables \u00e0 l'origine, ils le sont de plus en plus car, en fin de compte, cette moindre prime de risque que vous vous engagez \u00e0 investir dans l'\u00e9nergie renouvelable est clairement compens\u00e9e, pues muchas veces entre elegir un proyecto y otro, est\u00e1 claro que la sostenibilidad es un factor que ha venido para quedarse y consolidarse no solo en los proyectos de inversi\u00f3n, sino tambi\u00e9n en la valoraci\u00f3n y c\u00f3mo son percibidas las compa\u00f1\u00edas.<\/em><\/p>\n<p><strong>Cela d\u00e9coule d'une chose tr\u00e8s importante qui a \u00e9t\u00e9 dite au d\u00e9part et dont l'\u00e9volution est visible sur le march\u00e9 et dans les entreprises. La durabilit\u00e9 et l'ESG \u00e9taient \u00e0 l'origine une notion qui semblait \u00eatre un terme de mode et plus une technique de marketing ou de vente. Lorsque les entreprises ont fait cet effort pour l'int\u00e9grer r\u00e9ellement dans leurs op\u00e9rations, nous nous demandons quelles valeurs r\u00e9elles peuvent \u00eatre transf\u00e9r\u00e9es au march\u00e9, quelles valeurs fonctionnent et quelles valeurs ne fonctionnent pas.<\/strong><\/p>\n<p><strong>Se concentrant d\u00e9sormais sur la production d'\u00e9nergie renouvelable, qui est l'un des piliers de la transition \u00e9nerg\u00e9tique, l'Union europ\u00e9enne a publi\u00e9 en 2024 un d\u00e9cret dont les objectifs sont de promouvoir le biogaz et l'int\u00e9gration du biogaz et de l'hydrog\u00e8ne vert dans les r\u00e9seaux de distribution. Comment voyez-vous cette strat\u00e9gie pour l'avenir et quels sont les investissements prioritaires que vous r\u00e9alisez dans ce domaine ?<\/strong><\/p>\n<p><em>Il est clair que les biogaz et l'hydrog\u00e8ne renouvelable sont les vecteurs les plus importants du nouveau plan strat\u00e9gique sur lequel nous travaillons.&nbsp;<\/em><\/p>\n<p><em>Nous pensons que les \u00e9nergies renouvelables, tout d'abord, la transition \u00e9nerg\u00e9tique a besoin de toutes les \u00e9nergies qui peuvent contribuer \u00e0 la r\u00e9duction des \u00e9missions et, par cons\u00e9quent, \u00e0 la transition vers une \u00e9conomie verte et durable, et nous ne pouvons pas nous permettre d'en n\u00e9gliger aucune. C'est pourquoi il est non seulement essentiel de d\u00e9velopper les \u00e9nergies conventionnelles, comme le solaire ou l'\u00e9olien, mais aussi de transformer le march\u00e9, la distribution et la commercialisation du gaz naturel en gaz renouvelable. En outre, l'Espagne est une plaque tournante et un point strat\u00e9gique dans la production de ces gaz, compte tenu de nos conditions climatiques et \u00e9conomiques.&nbsp;<\/em><\/p>\n<p><em>Par cons\u00e9quent, les gaz renouvelables sont devenus indispensables, mais le probl\u00e8me est surtout li\u00e9 au retard pris par l'Espagne dans le d\u00e9veloppement de ces gaz en raison de l'absence d'un cadre r\u00e9glementaire ad\u00e9quat pour encourager le d\u00e9veloppement de ces \u00e9nergies, comme cela a \u00e9t\u00e9 le cas il y a quelques ann\u00e9es avec l'\u00e9nergie solaire ou photovolta\u00efque, \u00e9tant donn\u00e9 que, dans un premier temps, il est n\u00e9cessaire d'adopter des r\u00e8gles claires, des objectifs ambitieux et des mesures incitatives pour permettre le d\u00e9veloppement de ces gaz, ce qui n'est pas le cas aujourd'hui, nous devons mettre l'accent sur des r\u00e8gles claires, des objectifs ambitieux et des mesures incitatives pour stimuler le d\u00e9veloppement de ces gaz, car l'Espagne reste un gros consommateur de gaz, surtout dans l'industrie, et l'\u00e9lectrification ne pourra pas remplacer ces consommations si intensives en chaleur et en \u00e9nergie que, de nos jours, le gaz est le seul moyen d'y parvenir.&nbsp;<\/em><\/p>\n<p><em>Il s'agit donc d'un vecteur important pour exploiter les activit\u00e9s existantes et remplacer le gaz naturel par des gaz renouvelables qui n'\u00e9mettent pas d'\u00e9missions.<\/em><\/p>\n<p><strong>\u00bfY qu\u00e9 cambios o qu\u00e9 ejes regulatorios ech\u00e1is en falta para que se de facto ese desarrollo ? Nous rappelons \u00e9galement que dans le cadre de la r\u00e9glementation visant \u00e0 encourager le d\u00e9veloppement de l'\u00e9nergie solaire, \u00e9olienne et thermique, l'Espagne a pay\u00e9 un prix tr\u00e8s \u00e9lev\u00e9.<\/strong><\/p>\n<p><strong>Recordemos que enfrenta decenas de arbitrajes inversor Estado, contestados y disputados internacionalmente, que ha tenido un efecto creo que importante en la percepci\u00f3n de Espa\u00f1a desde el punto de vista de los inversores y uno se pregunta cu\u00e1l va a ser el cambio o el marco con el que se atreva Espa\u00f1a ahora a hacer esa ese fomento de nuevo de un nego incipiente.<\/strong><\/p>\n<p><em>Il est clair que les erreurs commises par le pass\u00e9 dans d'autres \u00e9nergies doivent servir de le\u00e7on, mais elles ne doivent pas servir de barri\u00e8re pour encourager un vecteur \u00e9nerg\u00e9tique qui est absolument fondamental pour parvenir \u00e0 r\u00e9duire les \u00e9missions de carbone dans notre \u00e9conomie. Il est parfaitement compatible d'encourager le d\u00e9veloppement des gaz renouvelables sans commettre les erreurs qui ont \u00e9t\u00e9 commises dans l'encouragement des \u00e9nergies telles que l'\u00e9nergie \u00e9olienne ou l'\u00e9nergie solaire, que nous payons encore aujourd'hui, et sans oublier les changements constants de r\u00e9glementation sur les march\u00e9s qui, en fin de compte, en raison de l'existence d'un march\u00e9 de la r\u00e9glementation, modifient les r\u00e8gles du jeu.<\/em><\/p>\n<p><em style=\"color: var( --e-global-color-text ); font-family: var( --e-global-typography-text-font-family ), Sans-serif; font-size: var( --e-global-typography-text-font-size ); font-weight: var( --e-global-typography-text-font-weight ); word-spacing: var( --e-global-typography-text-word-spacing ); text-align: var(--text-align);\">Par cons\u00e9quent, la r\u00e9glementation doit \u00eatre d'une part stable et d'autre part garantir qu'elle g\u00e9n\u00e8re efficacement l'incitation recherch\u00e9e, sans devoir compromettre le d\u00e9veloppement et l'\u00e9conomie des consommateurs qui, en fin de compte, sont ceux qui paient les erreurs.<\/em><em style=\"color: var( --e-global-color-text ); font-family: var( --e-global-typography-text-font-family ), Sans-serif; font-size: var( --e-global-typography-text-font-size ); font-weight: var( --e-global-typography-text-font-weight ); word-spacing: var( --e-global-typography-text-word-spacing ); text-align: var(--text-align);\">Nous disposons d'exemples tr\u00e8s proches, comme le cas de la France ou de l'Allemagne, o\u00f9 le d\u00e9veloppement des gaz renouvelables a \u00e9t\u00e9 une pr\u00e9occupation constante depuis des ann\u00e9es de la part du r\u00e9gulateur et o\u00f9 des mesures d'incitation ont \u00e9t\u00e9 mises en place qui n'ont pas entra\u00een\u00e9 de telles distorsions.&nbsp;<\/em><\/p><p><em style=\"color: var( --e-global-color-text ); font-family: var( --e-global-typography-text-font-family ), Sans-serif; font-size: var( --e-global-typography-text-font-size ); font-weight: var( --e-global-typography-text-font-weight ); word-spacing: var( --e-global-typography-text-word-spacing ); text-align: var(--text-align);\">Par cons\u00e9quent, nous pensons qu'il est possible de mettre en place un cadre r\u00e9glementaire qui encourage ces investissements sans avoir \u00e0 payer des frais que nous payons d\u00e9j\u00e0, malheureusement. Ou d'assumer des changements r\u00e9glementaires, en fonction des p\u00e9riodes que nous traversons, tant du point de vue du parti politique que de celui de l'environnement \u00e9conomique coyuntural que nous connaissons.<\/em><\/p>\n<p><strong>\u00cates-vous optimistes quant \u00e0 l'avenir des biogaz ?<\/strong><\/p>\n<p><em>S\u00ed, porque al final la realidad, pues normalmente siempre se impone y est\u00e1 claro que Espa\u00f1a tiene un potencial enorme en la generaci\u00f3n de estos gases y, por tanto, tiene que ser s\u00ed o s\u00ed un vector absolutamente important para esta descarbonizaci\u00f3n.&nbsp;<\/em><\/p>\t\t\t\t\t\t\t\t<\/div>\n\t\t\t\t\t<\/div>\n\t\t\t\t<\/div>\n\t\t\t\t<\/div>","protected":false},"excerpt":{"rendered":"<p>https:\/\/www.accuracy.com\/wp-content\/uploads\/2024\/10\/Entrevista-Naturgy-v5.mp4 Presentamos un nuevo cap\u00edtulo de nuestra Accuracy Series Interview, esta vez con la participaci\u00f3n de Nuria Rodr\u00edguez, directora de Medio Ambiente y Responsabilidad Social de Naturgy que respondi\u00f3 a las preguntas de nuestra socia, Laura C\u00f3zar sobre ESG.&nbsp;Te invitamos a leer su visi\u00f3n a continuaci\u00f3n: Naturgy tiene un plan de sostenibilidad con horizonte a [&hellip;]<\/p>\n","protected":false},"author":10,"featured_media":48788,"comment_status":"closed","ping_status":"closed","sticky":false,"template":"","format":"standard","meta":{"_acf_changed":false,"footnotes":""},"categories":[244],"tags":[],"class_list":["post-48782","post","type-post","status-publish","format-standard","has-post-thumbnail","hentry","category-spain-press-releases"],"acf":[],"yoast_head":"<!-- This site is optimized with the Yoast SEO Premium plugin v27.5 (Yoast SEO v27.5) - https:\/\/yoast.com\/product\/yoast-seo-premium-wordpress\/ -->\n<title>&quot;Espa\u00f1a tiene un potencial enorme en la generaci\u00f3n de biogases&quot; - Accuracy<\/title>\n<meta name=\"description\" content=\"Presentamos un nuevo cap\u00edtulo de nuestra Accuracy Series Interview, esta vez con la participaci\u00f3n de Nuria Rodr\u00edguez, directora de Medio Ambiente y Responsabilidad Social de Naturgy que respondi\u00f3 a las preguntas de nuesra socia, Laura C\u00f3zar sobre ESG.\" \/>\n<meta name=\"robots\" content=\"index, follow, max-snippet:-1, max-image-preview:large, max-video-preview:-1\" \/>\n<link rel=\"canonical\" href=\"https:\/\/www.accuracy.com\/fr\/lespagne-a-un-potentiel-enorme-dans-la-production-de-biogaz\/\" \/>\n<meta property=\"og:locale\" content=\"fr_CA\" \/>\n<meta property=\"og:type\" content=\"article\" \/>\n<meta property=\"og:title\" content=\"&quot;Espa\u00f1a tiene un potencial enorme en la generaci\u00f3n de biogases&quot;\" \/>\n<meta property=\"og:description\" content=\"Presentamos un nuevo cap\u00edtulo de nuestra Accuracy Series Interview, esta vez con la participaci\u00f3n de Nuria Rodr\u00edguez, directora de Medio Ambiente y Responsabilidad Social de Naturgy que respondi\u00f3 a las preguntas de nuesra socia, Laura C\u00f3zar sobre ESG.\" \/>\n<meta property=\"og:url\" content=\"https:\/\/www.accuracy.com\/fr\/lespagne-a-un-potentiel-enorme-dans-la-production-de-biogaz\/\" \/>\n<meta property=\"og:site_name\" content=\"Accuracy\" \/>\n<meta property=\"article:published_time\" content=\"2024-10-08T10:13:31+00:00\" \/>\n<meta property=\"article:modified_time\" content=\"2024-10-18T11:06:09+00:00\" \/>\n<meta property=\"og:image\" content=\"https:\/\/www.accuracy.com\/wp-content\/uploads\/2024\/10\/Entrevista-ESG.png\" \/>\n\t<meta property=\"og:image:width\" content=\"1246\" \/>\n\t<meta property=\"og:image:height\" content=\"637\" \/>\n\t<meta property=\"og:image:type\" content=\"image\/png\" \/>\n<meta name=\"author\" content=\"Laura Portugal\" \/>\n<meta name=\"twitter:card\" content=\"summary_large_image\" \/>\n<meta name=\"twitter:label1\" content=\"\u00c9crit par\" \/>\n\t<meta name=\"twitter:data1\" content=\"Laura Portugal\" \/>\n\t<meta name=\"twitter:label2\" content=\"Estimation du temps de lecture\" \/>\n\t<meta name=\"twitter:data2\" content=\"7 minutes\" \/>\n<script type=\"application\/ld+json\" class=\"yoast-schema-graph\">{\"@context\":\"https:\\\/\\\/schema.org\",\"@graph\":[{\"@type\":\"Article\",\"@id\":\"https:\\\/\\\/www.accuracy.com\\\/en_gb\\\/espana-tiene-un-potencial-enorme-en-la-generacion-de-biogases\\\/#article\",\"isPartOf\":{\"@id\":\"https:\\\/\\\/www.accuracy.com\\\/en_gb\\\/espana-tiene-un-potencial-enorme-en-la-generacion-de-biogases\\\/\"},\"author\":{\"name\":\"Laura Portugal\",\"@id\":\"https:\\\/\\\/www.accuracy.com\\\/#\\\/schema\\\/person\\\/46baff672ca2165ec1e67656cb0b87ff\"},\"headline\":\"&#8220;Espa\u00f1a tiene un potencial enorme en la generaci\u00f3n de biogases&#8221;\",\"datePublished\":\"2024-10-08T10:13:31+00:00\",\"dateModified\":\"2024-10-18T11:06:09+00:00\",\"mainEntityOfPage\":{\"@id\":\"https:\\\/\\\/www.accuracy.com\\\/en_gb\\\/espana-tiene-un-potencial-enorme-en-la-generacion-de-biogases\\\/\"},\"wordCount\":1539,\"publisher\":{\"@id\":\"https:\\\/\\\/www.accuracy.com\\\/#organization\"},\"image\":{\"@id\":\"https:\\\/\\\/www.accuracy.com\\\/en_gb\\\/espana-tiene-un-potencial-enorme-en-la-generacion-de-biogases\\\/#primaryimage\"},\"thumbnailUrl\":\"https:\\\/\\\/www.accuracy.com\\\/wp-content\\\/uploads\\\/2024\\\/10\\\/Entrevista-ESG.png\",\"articleSection\":[\"Spain\"],\"inLanguage\":\"fr-CA\"},{\"@type\":\"WebPage\",\"@id\":\"https:\\\/\\\/www.accuracy.com\\\/en_gb\\\/espana-tiene-un-potencial-enorme-en-la-generacion-de-biogases\\\/\",\"url\":\"https:\\\/\\\/www.accuracy.com\\\/en_gb\\\/espana-tiene-un-potencial-enorme-en-la-generacion-de-biogases\\\/\",\"name\":\"\\\"Espa\u00f1a tiene un potencial enorme en la generaci\u00f3n de biogases\\\" - Accuracy\",\"isPartOf\":{\"@id\":\"https:\\\/\\\/www.accuracy.com\\\/#website\"},\"primaryImageOfPage\":{\"@id\":\"https:\\\/\\\/www.accuracy.com\\\/en_gb\\\/espana-tiene-un-potencial-enorme-en-la-generacion-de-biogases\\\/#primaryimage\"},\"image\":{\"@id\":\"https:\\\/\\\/www.accuracy.com\\\/en_gb\\\/espana-tiene-un-potencial-enorme-en-la-generacion-de-biogases\\\/#primaryimage\"},\"thumbnailUrl\":\"https:\\\/\\\/www.accuracy.com\\\/wp-content\\\/uploads\\\/2024\\\/10\\\/Entrevista-ESG.png\",\"datePublished\":\"2024-10-08T10:13:31+00:00\",\"dateModified\":\"2024-10-18T11:06:09+00:00\",\"description\":\"Presentamos un nuevo cap\u00edtulo de nuestra Accuracy Series Interview, esta vez con la participaci\u00f3n de Nuria Rodr\u00edguez, directora de Medio Ambiente y Responsabilidad Social de Naturgy que respondi\u00f3 a las preguntas de nuesra socia, Laura C\u00f3zar sobre ESG.\",\"breadcrumb\":{\"@id\":\"https:\\\/\\\/www.accuracy.com\\\/en_gb\\\/espana-tiene-un-potencial-enorme-en-la-generacion-de-biogases\\\/#breadcrumb\"},\"inLanguage\":\"fr-CA\",\"potentialAction\":[{\"@type\":\"ReadAction\",\"target\":[\"https:\\\/\\\/www.accuracy.com\\\/en_gb\\\/espana-tiene-un-potencial-enorme-en-la-generacion-de-biogases\\\/\"]}]},{\"@type\":\"ImageObject\",\"inLanguage\":\"fr-CA\",\"@id\":\"https:\\\/\\\/www.accuracy.com\\\/en_gb\\\/espana-tiene-un-potencial-enorme-en-la-generacion-de-biogases\\\/#primaryimage\",\"url\":\"https:\\\/\\\/www.accuracy.com\\\/wp-content\\\/uploads\\\/2024\\\/10\\\/Entrevista-ESG.png\",\"contentUrl\":\"https:\\\/\\\/www.accuracy.com\\\/wp-content\\\/uploads\\\/2024\\\/10\\\/Entrevista-ESG.png\",\"width\":1246,\"height\":637},{\"@type\":\"BreadcrumbList\",\"@id\":\"https:\\\/\\\/www.accuracy.com\\\/en_gb\\\/espana-tiene-un-potencial-enorme-en-la-generacion-de-biogases\\\/#breadcrumb\",\"itemListElement\":[{\"@type\":\"ListItem\",\"position\":1,\"name\":\"Accueil\",\"item\":\"https:\\\/\\\/www.accuracy.com\\\/\"},{\"@type\":\"ListItem\",\"position\":2,\"name\":\"&#8220;Espa\u00f1a tiene un potencial enorme en la generaci\u00f3n de biogases&#8221;\"}]},{\"@type\":\"WebSite\",\"@id\":\"https:\\\/\\\/www.accuracy.com\\\/#website\",\"url\":\"https:\\\/\\\/www.accuracy.com\\\/\",\"name\":\"Accuracy\",\"description\":\"Business Advisers - Financial Consultants\",\"publisher\":{\"@id\":\"https:\\\/\\\/www.accuracy.com\\\/#organization\"},\"potentialAction\":[{\"@type\":\"SearchAction\",\"target\":{\"@type\":\"EntryPoint\",\"urlTemplate\":\"https:\\\/\\\/www.accuracy.com\\\/?s={search_term_string}\"},\"query-input\":{\"@type\":\"PropertyValueSpecification\",\"valueRequired\":true,\"valueName\":\"search_term_string\"}}],\"inLanguage\":\"fr-CA\"},{\"@type\":\"Organization\",\"@id\":\"https:\\\/\\\/www.accuracy.com\\\/#organization\",\"name\":\"Accuracy\",\"url\":\"https:\\\/\\\/www.accuracy.com\\\/\",\"logo\":{\"@type\":\"ImageObject\",\"inLanguage\":\"fr-CA\",\"@id\":\"https:\\\/\\\/www.accuracy.com\\\/#\\\/schema\\\/logo\\\/image\\\/\",\"url\":\"https:\\\/\\\/www.accuracy.com\\\/wp-content\\\/uploads\\\/2023\\\/08\\\/unnamed-3.jpg\",\"contentUrl\":\"https:\\\/\\\/www.accuracy.com\\\/wp-content\\\/uploads\\\/2023\\\/08\\\/unnamed-3.jpg\",\"width\":512,\"height\":512,\"caption\":\"Accuracy\"},\"image\":{\"@id\":\"https:\\\/\\\/www.accuracy.com\\\/#\\\/schema\\\/logo\\\/image\\\/\"},\"sameAs\":[\"https:\\\/\\\/www.linkedin.com\\\/company\\\/accuracy\\\/?originalSubdomain=fr\",\"https:\\\/\\\/www.instagram.com\\\/accuracycareers\\\/\"]},{\"@type\":\"Person\",\"@id\":\"https:\\\/\\\/www.accuracy.com\\\/#\\\/schema\\\/person\\\/46baff672ca2165ec1e67656cb0b87ff\",\"name\":\"Laura Portugal\",\"image\":{\"@type\":\"ImageObject\",\"inLanguage\":\"fr-CA\",\"@id\":\"https:\\\/\\\/secure.gravatar.com\\\/avatar\\\/fc5c641248b7461e51b2400e852c633fd13eb86f4dbc3dca9d178c8505af041d?s=96&d=blank&r=g\",\"url\":\"https:\\\/\\\/secure.gravatar.com\\\/avatar\\\/fc5c641248b7461e51b2400e852c633fd13eb86f4dbc3dca9d178c8505af041d?s=96&d=blank&r=g\",\"contentUrl\":\"https:\\\/\\\/secure.gravatar.com\\\/avatar\\\/fc5c641248b7461e51b2400e852c633fd13eb86f4dbc3dca9d178c8505af041d?s=96&d=blank&r=g\",\"caption\":\"Laura Portugal\"}}]}<\/script>\n<!-- \/ Yoast SEO Premium plugin. -->","yoast_head_json":{"title":"\"L'Espagne dispose d'un potentiel \u00e9norme en mati\u00e8re de production de biogaz\" - Accuracy","description":"Nous vous pr\u00e9sentons un nouveau chapitre de notre s\u00e9rie d'interviews Accuracy, avec la participation de Nuria Rodr\u00edguez, directrice de l'environnement et de la responsabilit\u00e9 sociale de Naturgy, qui a r\u00e9pondu aux questions de notre correspondante, Laura C\u00f3zar, sur l'ESG.","robots":{"index":"index","follow":"follow","max-snippet":"max-snippet:-1","max-image-preview":"max-image-preview:large","max-video-preview":"max-video-preview:-1"},"canonical":"https:\/\/www.accuracy.com\/fr\/lespagne-a-un-potentiel-enorme-dans-la-production-de-biogaz\/","og_locale":"fr_CA","og_type":"article","og_title":"\"Espa\u00f1a tiene un potencial enorme en la generaci\u00f3n de biogases\"","og_description":"Presentamos un nuevo cap\u00edtulo de nuestra Accuracy Series Interview, esta vez con la participaci\u00f3n de Nuria Rodr\u00edguez, directora de Medio Ambiente y Responsabilidad Social de Naturgy que respondi\u00f3 a las preguntas de nuesra socia, Laura C\u00f3zar sobre ESG.","og_url":"https:\/\/www.accuracy.com\/fr\/lespagne-a-un-potentiel-enorme-dans-la-production-de-biogaz\/","og_site_name":"Accuracy","article_published_time":"2024-10-08T10:13:31+00:00","article_modified_time":"2024-10-18T11:06:09+00:00","og_image":[{"width":1246,"height":637,"url":"https:\/\/www.accuracy.com\/wp-content\/uploads\/2024\/10\/Entrevista-ESG.png","type":"image\/png"}],"author":"Laura Portugal","twitter_card":"summary_large_image","twitter_misc":{"\u00c9crit par":"Laura Portugal","Estimation du temps de lecture":"7 minutes"},"schema":{"@context":"https:\/\/schema.org","@graph":[{"@type":"Article","@id":"https:\/\/www.accuracy.com\/en_gb\/espana-tiene-un-potencial-enorme-en-la-generacion-de-biogases\/#article","isPartOf":{"@id":"https:\/\/www.accuracy.com\/en_gb\/espana-tiene-un-potencial-enorme-en-la-generacion-de-biogases\/"},"author":{"name":"Laura Portugal","@id":"https:\/\/www.accuracy.com\/#\/schema\/person\/46baff672ca2165ec1e67656cb0b87ff"},"headline":"&#8220;Espa\u00f1a tiene un potencial enorme en la generaci\u00f3n de biogases&#8221;","datePublished":"2024-10-08T10:13:31+00:00","dateModified":"2024-10-18T11:06:09+00:00","mainEntityOfPage":{"@id":"https:\/\/www.accuracy.com\/en_gb\/espana-tiene-un-potencial-enorme-en-la-generacion-de-biogases\/"},"wordCount":1539,"publisher":{"@id":"https:\/\/www.accuracy.com\/#organization"},"image":{"@id":"https:\/\/www.accuracy.com\/en_gb\/espana-tiene-un-potencial-enorme-en-la-generacion-de-biogases\/#primaryimage"},"thumbnailUrl":"https:\/\/www.accuracy.com\/wp-content\/uploads\/2024\/10\/Entrevista-ESG.png","articleSection":["Spain"],"inLanguage":"fr-CA"},{"@type":"WebPage","@id":"https:\/\/www.accuracy.com\/en_gb\/espana-tiene-un-potencial-enorme-en-la-generacion-de-biogases\/","url":"https:\/\/www.accuracy.com\/en_gb\/espana-tiene-un-potencial-enorme-en-la-generacion-de-biogases\/","name":"\"L'Espagne dispose d'un potentiel \u00e9norme en mati\u00e8re de production de biogaz\" - Accuracy","isPartOf":{"@id":"https:\/\/www.accuracy.com\/#website"},"primaryImageOfPage":{"@id":"https:\/\/www.accuracy.com\/en_gb\/espana-tiene-un-potencial-enorme-en-la-generacion-de-biogases\/#primaryimage"},"image":{"@id":"https:\/\/www.accuracy.com\/en_gb\/espana-tiene-un-potencial-enorme-en-la-generacion-de-biogases\/#primaryimage"},"thumbnailUrl":"https:\/\/www.accuracy.com\/wp-content\/uploads\/2024\/10\/Entrevista-ESG.png","datePublished":"2024-10-08T10:13:31+00:00","dateModified":"2024-10-18T11:06:09+00:00","description":"Nous vous pr\u00e9sentons un nouveau chapitre de notre s\u00e9rie d'interviews Accuracy, avec la participation de Nuria Rodr\u00edguez, directrice de l'environnement et de la responsabilit\u00e9 sociale de Naturgy, qui a r\u00e9pondu aux questions de notre correspondante, Laura C\u00f3zar, sur l'ESG.","breadcrumb":{"@id":"https:\/\/www.accuracy.com\/en_gb\/espana-tiene-un-potencial-enorme-en-la-generacion-de-biogases\/#breadcrumb"},"inLanguage":"fr-CA","potentialAction":[{"@type":"ReadAction","target":["https:\/\/www.accuracy.com\/en_gb\/espana-tiene-un-potencial-enorme-en-la-generacion-de-biogases\/"]}]},{"@type":"ImageObject","inLanguage":"fr-CA","@id":"https:\/\/www.accuracy.com\/en_gb\/espana-tiene-un-potencial-enorme-en-la-generacion-de-biogases\/#primaryimage","url":"https:\/\/www.accuracy.com\/wp-content\/uploads\/2024\/10\/Entrevista-ESG.png","contentUrl":"https:\/\/www.accuracy.com\/wp-content\/uploads\/2024\/10\/Entrevista-ESG.png","width":1246,"height":637},{"@type":"BreadcrumbList","@id":"https:\/\/www.accuracy.com\/en_gb\/espana-tiene-un-potencial-enorme-en-la-generacion-de-biogases\/#breadcrumb","itemListElement":[{"@type":"ListItem","position":1,"name":"Accueil","item":"https:\/\/www.accuracy.com\/"},{"@type":"ListItem","position":2,"name":"&#8220;Espa\u00f1a tiene un potencial enorme en la generaci\u00f3n de biogases&#8221;"}]},{"@type":"WebSite","@id":"https:\/\/www.accuracy.com\/#website","url":"https:\/\/www.accuracy.com\/","name":"Pr\u00e9cision","description":"Conseillers d'entreprise - Consultants financiers","publisher":{"@id":"https:\/\/www.accuracy.com\/#organization"},"potentialAction":[{"@type":"SearchAction","target":{"@type":"EntryPoint","urlTemplate":"https:\/\/www.accuracy.com\/?s={search_term_string}"},"query-input":{"@type":"PropertyValueSpecification","valueRequired":true,"valueName":"search_term_string"}}],"inLanguage":"fr-CA"},{"@type":"Organization","@id":"https:\/\/www.accuracy.com\/#organization","name":"Pr\u00e9cision","url":"https:\/\/www.accuracy.com\/","logo":{"@type":"ImageObject","inLanguage":"fr-CA","@id":"https:\/\/www.accuracy.com\/#\/schema\/logo\/image\/","url":"https:\/\/www.accuracy.com\/wp-content\/uploads\/2023\/08\/unnamed-3.jpg","contentUrl":"https:\/\/www.accuracy.com\/wp-content\/uploads\/2023\/08\/unnamed-3.jpg","width":512,"height":512,"caption":"Accuracy"},"image":{"@id":"https:\/\/www.accuracy.com\/#\/schema\/logo\/image\/"},"sameAs":["https:\/\/www.linkedin.com\/company\/accuracy\/?originalSubdomain=fr","https:\/\/www.instagram.com\/accuracycareers\/"]},{"@type":"Person","@id":"https:\/\/www.accuracy.com\/#\/schema\/person\/46baff672ca2165ec1e67656cb0b87ff","name":"Laura Portugal","image":{"@type":"ImageObject","inLanguage":"fr-CA","@id":"https:\/\/secure.gravatar.com\/avatar\/fc5c641248b7461e51b2400e852c633fd13eb86f4dbc3dca9d178c8505af041d?s=96&d=blank&r=g","url":"https:\/\/secure.gravatar.com\/avatar\/fc5c641248b7461e51b2400e852c633fd13eb86f4dbc3dca9d178c8505af041d?s=96&d=blank&r=g","contentUrl":"https:\/\/secure.gravatar.com\/avatar\/fc5c641248b7461e51b2400e852c633fd13eb86f4dbc3dca9d178c8505af041d?s=96&d=blank&r=g","caption":"Laura Portugal"}}]}},"_links":{"self":[{"href":"https:\/\/www.accuracy.com\/fr\/wp-json\/wp\/v2\/posts\/48782","targetHints":{"allow":["GET"]}}],"collection":[{"href":"https:\/\/www.accuracy.com\/fr\/wp-json\/wp\/v2\/posts"}],"about":[{"href":"https:\/\/www.accuracy.com\/fr\/wp-json\/wp\/v2\/types\/post"}],"author":[{"embeddable":true,"href":"https:\/\/www.accuracy.com\/fr\/wp-json\/wp\/v2\/users\/10"}],"replies":[{"embeddable":true,"href":"https:\/\/www.accuracy.com\/fr\/wp-json\/wp\/v2\/comments?post=48782"}],"version-history":[{"count":99,"href":"https:\/\/www.accuracy.com\/fr\/wp-json\/wp\/v2\/posts\/48782\/revisions"}],"predecessor-version":[{"id":49189,"href":"https:\/\/www.accuracy.com\/fr\/wp-json\/wp\/v2\/posts\/48782\/revisions\/49189"}],"wp:featuredmedia":[{"embeddable":true,"href":"https:\/\/www.accuracy.com\/fr\/wp-json\/wp\/v2\/media\/48788"}],"wp:attachment":[{"href":"https:\/\/www.accuracy.com\/fr\/wp-json\/wp\/v2\/media?parent=48782"}],"wp:term":[{"taxonomy":"category","embeddable":true,"href":"https:\/\/www.accuracy.com\/fr\/wp-json\/wp\/v2\/categories?post=48782"},{"taxonomy":"post_tag","embeddable":true,"href":"https:\/\/www.accuracy.com\/fr\/wp-json\/wp\/v2\/tags?post=48782"}],"curies":[{"name":"wp","href":"https:\/\/api.w.org\/{rel}","templated":true}]}}