{"id":47368,"date":"2023-02-16T15:36:08","date_gmt":"2023-02-16T14:36:08","guid":{"rendered":"https:\/\/www.accuracy.com\/?p=47368"},"modified":"2024-09-11T15:37:16","modified_gmt":"2024-09-11T13:37:16","slug":"accuracy-business-cup-2023-les-finalistes-allemands-saffrontent","status":"publish","type":"post","link":"https:\/\/www.accuracy.com\/fr\/accuracy-business-cup-2023-die-deutschen-finalisten-stehen-fest\/","title":{"rendered":"Accuracy Business Cup 2023 : Les finalistes allemands se distinguent"},"content":{"rendered":"<p>Nous nous r\u00e9jouissons que les laur\u00e9ats de cette ann\u00e9e soient reconnus pour leur travail au sein du Bureau allemand : Il s'agit de Benjamin Harter, Riccardo Moretti et Federico Romano de l'ESADE Barcelone. Nous vous remercions chaleureusement pour le travail que vous avez accompli ! La prochaine \u00e9tape sera la finale internationale \u00e0 Paris. Am 23. Le 23 mars, il s'agira de faire preuve d'une grande d\u00e9termination et, avec de bonnes id\u00e9es, une pr\u00e9sentation exceptionnelle et les meilleurs commentaires sur les meilleures \u00e9quipes des autres clubs Accuracy, d'atteindre la premi\u00e8re place. Nous sommes impatients de voir ce qui se passera !<\/p>\n<p>Un grand merci \u00e0 Emmanuel Souchet, qui a fait partie de notre jury et \u00e0 Accor, le grand partenaire de l'\u00e9dition 2023 de l'ABC, qui l'a v\u00e9rifi\u00e9. Un grand merci \u00e0 toutes les \u00e9quipes qui ont particip\u00e9 \u00e0 la comp\u00e9tition, pour leur travail acharn\u00e9 et impressionnant et - bien s\u00fbr ! - \u00e0 nos coaches en pr\u00e9cision pour le temps qu'ils nous ont consacr\u00e9.<\/p>\n<p>&nbsp;<\/p>\n<p><a href=\"https:\/\/www.accuracy.com\/fr\/accuracy-business-cup-2023-les-finalistes-allemands-saffrontent\/picture7\/\" rel=\"attachment wp-att-47369\"><img fetchpriority=\"high\" decoding=\"async\" class=\"alignnone size-medium wp-image-47369\" src=\"https:\/\/www.accuracy.com\/wp-content\/uploads\/2024\/09\/Picture7-300x182.png\" alt=\"\" width=\"300\" height=\"182\" srcset=\"https:\/\/www.accuracy.com\/wp-content\/uploads\/2024\/09\/Picture7-300x182.png 300w, https:\/\/www.accuracy.com\/wp-content\/uploads\/2024\/09\/Picture7-18x12.png 18w, https:\/\/www.accuracy.com\/wp-content\/uploads\/2024\/09\/Picture7.png 327w\" sizes=\"(max-width: 300px) 100vw, 300px\" \/><\/a><\/p>","protected":false},"excerpt":{"rendered":"<p>Wir freuen uns, unsere diesj\u00e4hrigen Gewinner f\u00fcr das deutsche B\u00fcro bekannt zu geben: Es sind Benjamin Harter, Riccardo Moretti und Federico Romano von der ESADE Barcelona. Herzlichen Gl\u00fcckwunsch, Ihr habt einen tollen Job gemacht! Im n\u00e4chsten Schritt wartet das internationale Finale in Paris auf Euch. Am 23. M\u00e4rz hei\u00dft es volle Kraft voraus und mit [&hellip;]<\/p>\n","protected":false},"author":43,"featured_media":0,"comment_status":"closed","ping_status":"closed","sticky":false,"template":"","format":"standard","meta":{"_acf_changed":false,"footnotes":""},"categories":[116],"tags":[],"class_list":["post-47368","post","type-post","status-publish","format-standard","hentry","category-germany"],"acf":[],"yoast_head":"<!-- This site is optimized with the Yoast SEO Premium plugin v27.5 (Yoast SEO v27.5) - https:\/\/yoast.com\/product\/yoast-seo-premium-wordpress\/ -->\n<title>Accuracy Business Cup 2023: Die Deutschen Finalisten stehen fest - Accuracy<\/title>\n<meta name=\"robots\" content=\"index, follow, max-snippet:-1, max-image-preview:large, max-video-preview:-1\" \/>\n<link rel=\"canonical\" href=\"https:\/\/www.accuracy.com\/fr\/accuracy-business-cup-2023-les-finalistes-allemands-saffrontent\/\" \/>\n<meta property=\"og:locale\" content=\"fr_CA\" \/>\n<meta property=\"og:type\" content=\"article\" \/>\n<meta property=\"og:title\" content=\"Accuracy Business Cup 2023: Die Deutschen Finalisten stehen fest\" \/>\n<meta property=\"og:description\" content=\"Wir freuen uns, unsere diesj\u00e4hrigen Gewinner f\u00fcr das deutsche B\u00fcro bekannt zu geben: Es sind Benjamin Harter, Riccardo Moretti und Federico Romano von der ESADE Barcelona. Herzlichen Gl\u00fcckwunsch, Ihr habt einen tollen Job gemacht! Im n\u00e4chsten Schritt wartet das internationale Finale in Paris auf Euch. Am 23. M\u00e4rz hei\u00dft es volle Kraft voraus und mit [&hellip;]\" \/>\n<meta property=\"og:url\" content=\"https:\/\/www.accuracy.com\/fr\/accuracy-business-cup-2023-les-finalistes-allemands-saffrontent\/\" \/>\n<meta property=\"og:site_name\" content=\"Accuracy\" \/>\n<meta property=\"article:published_time\" content=\"2023-02-16T14:36:08+00:00\" \/>\n<meta property=\"article:modified_time\" content=\"2024-09-11T13:37:16+00:00\" \/>\n<meta property=\"og:image\" content=\"https:\/\/www.accuracy.com\/wp-content\/uploads\/2024\/09\/Picture7-300x182.png\" \/>\n<meta name=\"author\" content=\"Julia Carr\u00e9\" \/>\n<meta name=\"twitter:card\" content=\"summary_large_image\" \/>\n<meta name=\"twitter:label1\" content=\"\u00c9crit par\" \/>\n\t<meta name=\"twitter:data1\" content=\"Julia Carr\u00e9\" \/>\n\t<meta name=\"twitter:label2\" content=\"Estimation du temps de lecture\" \/>\n\t<meta name=\"twitter:data2\" content=\"1 minute\" \/>\n<script type=\"application\/ld+json\" class=\"yoast-schema-graph\">{\"@context\":\"https:\\\/\\\/schema.org\",\"@graph\":[{\"@type\":\"Article\",\"@id\":\"https:\\\/\\\/www.accuracy.com\\\/en_gb\\\/accuracy-business-cup-2023-die-deutschen-finalisten-stehen-fest\\\/#article\",\"isPartOf\":{\"@id\":\"https:\\\/\\\/www.accuracy.com\\\/en_gb\\\/accuracy-business-cup-2023-die-deutschen-finalisten-stehen-fest\\\/\"},\"author\":{\"name\":\"Julia Carr\u00e9\",\"@id\":\"https:\\\/\\\/www.accuracy.com\\\/#\\\/schema\\\/person\\\/0a77a69ce149a57bd418070a826f8b03\"},\"headline\":\"Accuracy Business Cup 2023: Die Deutschen Finalisten stehen fest\",\"datePublished\":\"2023-02-16T14:36:08+00:00\",\"dateModified\":\"2024-09-11T13:37:16+00:00\",\"mainEntityOfPage\":{\"@id\":\"https:\\\/\\\/www.accuracy.com\\\/en_gb\\\/accuracy-business-cup-2023-die-deutschen-finalisten-stehen-fest\\\/\"},\"wordCount\":148,\"publisher\":{\"@id\":\"https:\\\/\\\/www.accuracy.com\\\/#organization\"},\"image\":{\"@id\":\"https:\\\/\\\/www.accuracy.com\\\/en_gb\\\/accuracy-business-cup-2023-die-deutschen-finalisten-stehen-fest\\\/#primaryimage\"},\"thumbnailUrl\":\"https:\\\/\\\/www.accuracy.com\\\/wp-content\\\/uploads\\\/2024\\\/09\\\/Picture7-300x182.png\",\"articleSection\":[\"Germany\"],\"inLanguage\":\"fr-CA\"},{\"@type\":\"WebPage\",\"@id\":\"https:\\\/\\\/www.accuracy.com\\\/en_gb\\\/accuracy-business-cup-2023-die-deutschen-finalisten-stehen-fest\\\/\",\"url\":\"https:\\\/\\\/www.accuracy.com\\\/en_gb\\\/accuracy-business-cup-2023-die-deutschen-finalisten-stehen-fest\\\/\",\"name\":\"Accuracy Business Cup 2023: Die Deutschen Finalisten stehen fest - Accuracy\",\"isPartOf\":{\"@id\":\"https:\\\/\\\/www.accuracy.com\\\/#website\"},\"primaryImageOfPage\":{\"@id\":\"https:\\\/\\\/www.accuracy.com\\\/en_gb\\\/accuracy-business-cup-2023-die-deutschen-finalisten-stehen-fest\\\/#primaryimage\"},\"image\":{\"@id\":\"https:\\\/\\\/www.accuracy.com\\\/en_gb\\\/accuracy-business-cup-2023-die-deutschen-finalisten-stehen-fest\\\/#primaryimage\"},\"thumbnailUrl\":\"https:\\\/\\\/www.accuracy.com\\\/wp-content\\\/uploads\\\/2024\\\/09\\\/Picture7-300x182.png\",\"datePublished\":\"2023-02-16T14:36:08+00:00\",\"dateModified\":\"2024-09-11T13:37:16+00:00\",\"breadcrumb\":{\"@id\":\"https:\\\/\\\/www.accuracy.com\\\/en_gb\\\/accuracy-business-cup-2023-die-deutschen-finalisten-stehen-fest\\\/#breadcrumb\"},\"inLanguage\":\"fr-CA\",\"potentialAction\":[{\"@type\":\"ReadAction\",\"target\":[\"https:\\\/\\\/www.accuracy.com\\\/en_gb\\\/accuracy-business-cup-2023-die-deutschen-finalisten-stehen-fest\\\/\"]}]},{\"@type\":\"ImageObject\",\"inLanguage\":\"fr-CA\",\"@id\":\"https:\\\/\\\/www.accuracy.com\\\/en_gb\\\/accuracy-business-cup-2023-die-deutschen-finalisten-stehen-fest\\\/#primaryimage\",\"url\":\"https:\\\/\\\/www.accuracy.com\\\/wp-content\\\/uploads\\\/2024\\\/09\\\/Picture7-300x182.png\",\"contentUrl\":\"https:\\\/\\\/www.accuracy.com\\\/wp-content\\\/uploads\\\/2024\\\/09\\\/Picture7-300x182.png\"},{\"@type\":\"BreadcrumbList\",\"@id\":\"https:\\\/\\\/www.accuracy.com\\\/en_gb\\\/accuracy-business-cup-2023-die-deutschen-finalisten-stehen-fest\\\/#breadcrumb\",\"itemListElement\":[{\"@type\":\"ListItem\",\"position\":1,\"name\":\"Accueil\",\"item\":\"https:\\\/\\\/www.accuracy.com\\\/\"},{\"@type\":\"ListItem\",\"position\":2,\"name\":\"Accuracy Business Cup 2023: Die Deutschen Finalisten stehen fest\"}]},{\"@type\":\"WebSite\",\"@id\":\"https:\\\/\\\/www.accuracy.com\\\/#website\",\"url\":\"https:\\\/\\\/www.accuracy.com\\\/\",\"name\":\"Accuracy\",\"description\":\"Business Advisers - Financial Consultants\",\"publisher\":{\"@id\":\"https:\\\/\\\/www.accuracy.com\\\/#organization\"},\"potentialAction\":[{\"@type\":\"SearchAction\",\"target\":{\"@type\":\"EntryPoint\",\"urlTemplate\":\"https:\\\/\\\/www.accuracy.com\\\/?s={search_term_string}\"},\"query-input\":{\"@type\":\"PropertyValueSpecification\",\"valueRequired\":true,\"valueName\":\"search_term_string\"}}],\"inLanguage\":\"fr-CA\"},{\"@type\":\"Organization\",\"@id\":\"https:\\\/\\\/www.accuracy.com\\\/#organization\",\"name\":\"Accuracy\",\"url\":\"https:\\\/\\\/www.accuracy.com\\\/\",\"logo\":{\"@type\":\"ImageObject\",\"inLanguage\":\"fr-CA\",\"@id\":\"https:\\\/\\\/www.accuracy.com\\\/#\\\/schema\\\/logo\\\/image\\\/\",\"url\":\"https:\\\/\\\/www.accuracy.com\\\/wp-content\\\/uploads\\\/2023\\\/08\\\/unnamed-3.jpg\",\"contentUrl\":\"https:\\\/\\\/www.accuracy.com\\\/wp-content\\\/uploads\\\/2023\\\/08\\\/unnamed-3.jpg\",\"width\":512,\"height\":512,\"caption\":\"Accuracy\"},\"image\":{\"@id\":\"https:\\\/\\\/www.accuracy.com\\\/#\\\/schema\\\/logo\\\/image\\\/\"},\"sameAs\":[\"https:\\\/\\\/www.linkedin.com\\\/company\\\/accuracy\\\/?originalSubdomain=fr\",\"https:\\\/\\\/www.instagram.com\\\/accuracycareers\\\/\"]},{\"@type\":\"Person\",\"@id\":\"https:\\\/\\\/www.accuracy.com\\\/#\\\/schema\\\/person\\\/0a77a69ce149a57bd418070a826f8b03\",\"name\":\"Julia Carr\u00e9\",\"image\":{\"@type\":\"ImageObject\",\"inLanguage\":\"fr-CA\",\"@id\":\"https:\\\/\\\/secure.gravatar.com\\\/avatar\\\/cbccff1ab09f879ed116c4720b20adbc03ff54974c38f6e6732ef55a200284a9?s=96&d=blank&r=g\",\"url\":\"https:\\\/\\\/secure.gravatar.com\\\/avatar\\\/cbccff1ab09f879ed116c4720b20adbc03ff54974c38f6e6732ef55a200284a9?s=96&d=blank&r=g\",\"contentUrl\":\"https:\\\/\\\/secure.gravatar.com\\\/avatar\\\/cbccff1ab09f879ed116c4720b20adbc03ff54974c38f6e6732ef55a200284a9?s=96&d=blank&r=g\",\"caption\":\"Julia Carr\u00e9\"}}]}<\/script>\n<!-- \/ Yoast SEO Premium plugin. -->","yoast_head_json":{"title":"Accuracy Business Cup 2023 : Les finalistes allemands sont au rendez-vous - Accuracy","robots":{"index":"index","follow":"follow","max-snippet":"max-snippet:-1","max-image-preview":"max-image-preview:large","max-video-preview":"max-video-preview:-1"},"canonical":"https:\/\/www.accuracy.com\/fr\/accuracy-business-cup-2023-les-finalistes-allemands-saffrontent\/","og_locale":"fr_CA","og_type":"article","og_title":"Accuracy Business Cup 2023: Die Deutschen Finalisten stehen fest","og_description":"Wir freuen uns, unsere diesj\u00e4hrigen Gewinner f\u00fcr das deutsche B\u00fcro bekannt zu geben: Es sind Benjamin Harter, Riccardo Moretti und Federico Romano von der ESADE Barcelona. Herzlichen Gl\u00fcckwunsch, Ihr habt einen tollen Job gemacht! Im n\u00e4chsten Schritt wartet das internationale Finale in Paris auf Euch. Am 23. M\u00e4rz hei\u00dft es volle Kraft voraus und mit [&hellip;]","og_url":"https:\/\/www.accuracy.com\/fr\/accuracy-business-cup-2023-les-finalistes-allemands-saffrontent\/","og_site_name":"Accuracy","article_published_time":"2023-02-16T14:36:08+00:00","article_modified_time":"2024-09-11T13:37:16+00:00","og_image":[{"url":"https:\/\/www.accuracy.com\/wp-content\/uploads\/2024\/09\/Picture7-300x182.png","type":"","width":"","height":""}],"author":"Julia Carr\u00e9","twitter_card":"summary_large_image","twitter_misc":{"\u00c9crit par":"Julia Carr\u00e9","Estimation du temps de lecture":"1 minute"},"schema":{"@context":"https:\/\/schema.org","@graph":[{"@type":"Article","@id":"https:\/\/www.accuracy.com\/en_gb\/accuracy-business-cup-2023-die-deutschen-finalisten-stehen-fest\/#article","isPartOf":{"@id":"https:\/\/www.accuracy.com\/en_gb\/accuracy-business-cup-2023-die-deutschen-finalisten-stehen-fest\/"},"author":{"name":"Julia Carr\u00e9","@id":"https:\/\/www.accuracy.com\/#\/schema\/person\/0a77a69ce149a57bd418070a826f8b03"},"headline":"Accuracy Business Cup 2023: Die Deutschen Finalisten stehen fest","datePublished":"2023-02-16T14:36:08+00:00","dateModified":"2024-09-11T13:37:16+00:00","mainEntityOfPage":{"@id":"https:\/\/www.accuracy.com\/en_gb\/accuracy-business-cup-2023-die-deutschen-finalisten-stehen-fest\/"},"wordCount":148,"publisher":{"@id":"https:\/\/www.accuracy.com\/#organization"},"image":{"@id":"https:\/\/www.accuracy.com\/en_gb\/accuracy-business-cup-2023-die-deutschen-finalisten-stehen-fest\/#primaryimage"},"thumbnailUrl":"https:\/\/www.accuracy.com\/wp-content\/uploads\/2024\/09\/Picture7-300x182.png","articleSection":["Germany"],"inLanguage":"fr-CA"},{"@type":"WebPage","@id":"https:\/\/www.accuracy.com\/en_gb\/accuracy-business-cup-2023-die-deutschen-finalisten-stehen-fest\/","url":"https:\/\/www.accuracy.com\/en_gb\/accuracy-business-cup-2023-die-deutschen-finalisten-stehen-fest\/","name":"Accuracy Business Cup 2023 : Les finalistes allemands sont au rendez-vous - Accuracy","isPartOf":{"@id":"https:\/\/www.accuracy.com\/#website"},"primaryImageOfPage":{"@id":"https:\/\/www.accuracy.com\/en_gb\/accuracy-business-cup-2023-die-deutschen-finalisten-stehen-fest\/#primaryimage"},"image":{"@id":"https:\/\/www.accuracy.com\/en_gb\/accuracy-business-cup-2023-die-deutschen-finalisten-stehen-fest\/#primaryimage"},"thumbnailUrl":"https:\/\/www.accuracy.com\/wp-content\/uploads\/2024\/09\/Picture7-300x182.png","datePublished":"2023-02-16T14:36:08+00:00","dateModified":"2024-09-11T13:37:16+00:00","breadcrumb":{"@id":"https:\/\/www.accuracy.com\/en_gb\/accuracy-business-cup-2023-die-deutschen-finalisten-stehen-fest\/#breadcrumb"},"inLanguage":"fr-CA","potentialAction":[{"@type":"ReadAction","target":["https:\/\/www.accuracy.com\/en_gb\/accuracy-business-cup-2023-die-deutschen-finalisten-stehen-fest\/"]}]},{"@type":"ImageObject","inLanguage":"fr-CA","@id":"https:\/\/www.accuracy.com\/en_gb\/accuracy-business-cup-2023-die-deutschen-finalisten-stehen-fest\/#primaryimage","url":"https:\/\/www.accuracy.com\/wp-content\/uploads\/2024\/09\/Picture7-300x182.png","contentUrl":"https:\/\/www.accuracy.com\/wp-content\/uploads\/2024\/09\/Picture7-300x182.png"},{"@type":"BreadcrumbList","@id":"https:\/\/www.accuracy.com\/en_gb\/accuracy-business-cup-2023-die-deutschen-finalisten-stehen-fest\/#breadcrumb","itemListElement":[{"@type":"ListItem","position":1,"name":"Accueil","item":"https:\/\/www.accuracy.com\/"},{"@type":"ListItem","position":2,"name":"Accuracy Business Cup 2023: Die Deutschen Finalisten stehen fest"}]},{"@type":"WebSite","@id":"https:\/\/www.accuracy.com\/#website","url":"https:\/\/www.accuracy.com\/","name":"Pr\u00e9cision","description":"Conseillers d'entreprise - Consultants financiers","publisher":{"@id":"https:\/\/www.accuracy.com\/#organization"},"potentialAction":[{"@type":"SearchAction","target":{"@type":"EntryPoint","urlTemplate":"https:\/\/www.accuracy.com\/?s={search_term_string}"},"query-input":{"@type":"PropertyValueSpecification","valueRequired":true,"valueName":"search_term_string"}}],"inLanguage":"fr-CA"},{"@type":"Organization","@id":"https:\/\/www.accuracy.com\/#organization","name":"Pr\u00e9cision","url":"https:\/\/www.accuracy.com\/","logo":{"@type":"ImageObject","inLanguage":"fr-CA","@id":"https:\/\/www.accuracy.com\/#\/schema\/logo\/image\/","url":"https:\/\/www.accuracy.com\/wp-content\/uploads\/2023\/08\/unnamed-3.jpg","contentUrl":"https:\/\/www.accuracy.com\/wp-content\/uploads\/2023\/08\/unnamed-3.jpg","width":512,"height":512,"caption":"Accuracy"},"image":{"@id":"https:\/\/www.accuracy.com\/#\/schema\/logo\/image\/"},"sameAs":["https:\/\/www.linkedin.com\/company\/accuracy\/?originalSubdomain=fr","https:\/\/www.instagram.com\/accuracycareers\/"]},{"@type":"Person","@id":"https:\/\/www.accuracy.com\/#\/schema\/person\/0a77a69ce149a57bd418070a826f8b03","name":"Julia Carr\u00e9","image":{"@type":"ImageObject","inLanguage":"fr-CA","@id":"https:\/\/secure.gravatar.com\/avatar\/cbccff1ab09f879ed116c4720b20adbc03ff54974c38f6e6732ef55a200284a9?s=96&d=blank&r=g","url":"https:\/\/secure.gravatar.com\/avatar\/cbccff1ab09f879ed116c4720b20adbc03ff54974c38f6e6732ef55a200284a9?s=96&d=blank&r=g","contentUrl":"https:\/\/secure.gravatar.com\/avatar\/cbccff1ab09f879ed116c4720b20adbc03ff54974c38f6e6732ef55a200284a9?s=96&d=blank&r=g","caption":"Julia Carr\u00e9"}}]}},"_links":{"self":[{"href":"https:\/\/www.accuracy.com\/fr\/wp-json\/wp\/v2\/posts\/47368","targetHints":{"allow":["GET"]}}],"collection":[{"href":"https:\/\/www.accuracy.com\/fr\/wp-json\/wp\/v2\/posts"}],"about":[{"href":"https:\/\/www.accuracy.com\/fr\/wp-json\/wp\/v2\/types\/post"}],"author":[{"embeddable":true,"href":"https:\/\/www.accuracy.com\/fr\/wp-json\/wp\/v2\/users\/43"}],"replies":[{"embeddable":true,"href":"https:\/\/www.accuracy.com\/fr\/wp-json\/wp\/v2\/comments?post=47368"}],"version-history":[{"count":2,"href":"https:\/\/www.accuracy.com\/fr\/wp-json\/wp\/v2\/posts\/47368\/revisions"}],"predecessor-version":[{"id":47371,"href":"https:\/\/www.accuracy.com\/fr\/wp-json\/wp\/v2\/posts\/47368\/revisions\/47371"}],"wp:attachment":[{"href":"https:\/\/www.accuracy.com\/fr\/wp-json\/wp\/v2\/media?parent=47368"}],"wp:term":[{"taxonomy":"category","embeddable":true,"href":"https:\/\/www.accuracy.com\/fr\/wp-json\/wp\/v2\/categories?post=47368"},{"taxonomy":"post_tag","embeddable":true,"href":"https:\/\/www.accuracy.com\/fr\/wp-json\/wp\/v2\/tags?post=47368"}],"curies":[{"name":"wp","href":"https:\/\/api.w.org\/{rel}","templated":true}]}}