{"id":47357,"date":"2023-09-19T15:32:01","date_gmt":"2023-09-19T13:32:01","guid":{"rendered":"https:\/\/www.accuracy.com\/?p=47357"},"modified":"2024-09-11T15:36:01","modified_gmt":"2024-09-11T13:36:01","slug":"am-15-septembre-2023-war-malteser-social-day","status":"publish","type":"post","link":"https:\/\/www.accuracy.com\/fr\/am-15-september-2023-war-malteser-social-day\/","title":{"rendered":"AM 15. SEPTEMBRE 2023 WAR MALTESER SOCIAL DAY !"},"content":{"rendered":"<p>La Journ\u00e9e sociale du Malteser est une institution qui a vu le jour cette ann\u00e9e au 21\u00e8me mois. Mal. L'exactitude a \u00e9t\u00e9 de nouveau au rendez-vous, jusqu'\u00e0 5 ans plus tard. Mal. Au cours de cette ann\u00e9e, nous avons visit\u00e9 le KiTa Eddy's Burg dans la ville de Frankfurter Berg. Ici, nous devons casser de l'arachide et faire tomber la betterave, ce qui permet aux enfants d'avoir une belle vision de l'int\u00e9rieur. Par ailleurs, deux autres groupes de lettres doivent \u00eatre abattus et remplac\u00e9s par de nouveaux produits. La plus grande exigence \u00e9tait cependant le tour de la lettre ! Ce dernier devait \u00eatre remplac\u00e9 par un autre - il y avait d\u00e9j\u00e0 de nombreux probl\u00e8mes de maniabilit\u00e9.<\/p>\n<p>Nous avons eu beaucoup de plaisir, en tant qu'\u00e9quipe, \u00e0 mettre en \u0153uvre ces services. Nous constatons que nous avons \u00e9galement obtenu de tr\u00e8s bons r\u00e9sultats dans ce domaine.<\/p>\n<p>Nous remercions chaleureusement l'ensemble de l'\u00e9quipe Kita et les membres de la famille qui nous ont aid\u00e9s tout au long de la journ\u00e9e \u00e0 r\u00e9aliser des projets de qualit\u00e9.<\/p>\n<p><a href=\"https:\/\/www.accuracy.com\/fr\/am-15-septembre-2023-war-malteser-social-day\/picture4-4\/\" rel=\"attachment wp-att-47365\"><img fetchpriority=\"high\" decoding=\"async\" class=\"alignnone size-medium wp-image-47365\" src=\"https:\/\/www.accuracy.com\/wp-content\/uploads\/2023\/09\/Picture4-300x180.png\" alt=\"\" width=\"300\" height=\"180\" srcset=\"https:\/\/www.accuracy.com\/wp-content\/uploads\/2023\/09\/Picture4-300x180.png 300w, https:\/\/www.accuracy.com\/wp-content\/uploads\/2023\/09\/Picture4-18x12.png 18w, https:\/\/www.accuracy.com\/wp-content\/uploads\/2023\/09\/Picture4.png 348w\" sizes=\"(max-width: 300px) 100vw, 300px\" \/><\/a><\/p>","protected":false},"excerpt":{"rendered":"<p>Der Malteser Social Day ist eine Institution und fand in diesem Jahr zum 21. Mal statt. Accuracy war wieder an Bord, mittlerweile schon zum 5. Mal. In diesem Jahr besuchten wir die KiTa Eddy\u2019s Burg im Stadtteil Frankfurter Berg. Hier durften wir Unkraut rupfen und das Beet aufbereiten, damit die Kinder eine sch\u00f6ne Wiese f\u00fcr [&hellip;]<\/p>\n","protected":false},"author":43,"featured_media":0,"comment_status":"closed","ping_status":"closed","sticky":false,"template":"","format":"standard","meta":{"_acf_changed":false,"footnotes":""},"categories":[116],"tags":[],"class_list":["post-47357","post","type-post","status-publish","format-standard","hentry","category-germany"],"acf":[],"yoast_head":"<!-- This site is optimized with the Yoast SEO Premium plugin v27.5 (Yoast SEO v27.5) - https:\/\/yoast.com\/product\/yoast-seo-premium-wordpress\/ -->\n<title>AM 15. SEPTEMBER 2023 WAR MALTESER SOCIAL DAY! - Accuracy<\/title>\n<meta name=\"robots\" content=\"index, follow, max-snippet:-1, max-image-preview:large, max-video-preview:-1\" \/>\n<link rel=\"canonical\" href=\"https:\/\/www.accuracy.com\/fr\/am-15-septembre-2023-war-malteser-social-day\/\" \/>\n<meta property=\"og:locale\" content=\"fr_CA\" \/>\n<meta property=\"og:type\" content=\"article\" \/>\n<meta property=\"og:title\" content=\"AM 15. SEPTEMBER 2023 WAR MALTESER SOCIAL DAY!\" \/>\n<meta property=\"og:description\" content=\"Der Malteser Social Day ist eine Institution und fand in diesem Jahr zum 21. Mal statt. Accuracy war wieder an Bord, mittlerweile schon zum 5. Mal. In diesem Jahr besuchten wir die KiTa Eddy\u2019s Burg im Stadtteil Frankfurter Berg. Hier durften wir Unkraut rupfen und das Beet aufbereiten, damit die Kinder eine sch\u00f6ne Wiese f\u00fcr [&hellip;]\" \/>\n<meta property=\"og:url\" content=\"https:\/\/www.accuracy.com\/fr\/am-15-septembre-2023-war-malteser-social-day\/\" \/>\n<meta property=\"og:site_name\" content=\"Accuracy\" \/>\n<meta property=\"article:published_time\" content=\"2023-09-19T13:32:01+00:00\" \/>\n<meta property=\"article:modified_time\" content=\"2024-09-11T13:36:01+00:00\" \/>\n<meta property=\"og:image\" content=\"https:\/\/www.accuracy.com\/wp-content\/uploads\/2023\/09\/Picture4-300x180.png\" \/>\n<meta name=\"author\" content=\"Julia Carr\u00e9\" \/>\n<meta name=\"twitter:card\" content=\"summary_large_image\" \/>\n<meta name=\"twitter:label1\" content=\"\u00c9crit par\" \/>\n\t<meta name=\"twitter:data1\" content=\"Julia Carr\u00e9\" \/>\n\t<meta name=\"twitter:label2\" content=\"Estimation du temps de lecture\" \/>\n\t<meta name=\"twitter:data2\" content=\"1 minute\" \/>\n<script type=\"application\/ld+json\" class=\"yoast-schema-graph\">{\"@context\":\"https:\\\/\\\/schema.org\",\"@graph\":[{\"@type\":\"Article\",\"@id\":\"https:\\\/\\\/www.accuracy.com\\\/en_gb\\\/am-15-september-2023-war-malteser-social-day\\\/#article\",\"isPartOf\":{\"@id\":\"https:\\\/\\\/www.accuracy.com\\\/en_gb\\\/am-15-september-2023-war-malteser-social-day\\\/\"},\"author\":{\"name\":\"Julia Carr\u00e9\",\"@id\":\"https:\\\/\\\/www.accuracy.com\\\/#\\\/schema\\\/person\\\/0a77a69ce149a57bd418070a826f8b03\"},\"headline\":\"AM 15. SEPTEMBER 2023 WAR MALTESER SOCIAL DAY!\",\"datePublished\":\"2023-09-19T13:32:01+00:00\",\"dateModified\":\"2024-09-11T13:36:01+00:00\",\"mainEntityOfPage\":{\"@id\":\"https:\\\/\\\/www.accuracy.com\\\/en_gb\\\/am-15-september-2023-war-malteser-social-day\\\/\"},\"wordCount\":155,\"publisher\":{\"@id\":\"https:\\\/\\\/www.accuracy.com\\\/#organization\"},\"image\":{\"@id\":\"https:\\\/\\\/www.accuracy.com\\\/en_gb\\\/am-15-september-2023-war-malteser-social-day\\\/#primaryimage\"},\"thumbnailUrl\":\"https:\\\/\\\/www.accuracy.com\\\/wp-content\\\/uploads\\\/2023\\\/09\\\/Picture4-300x180.png\",\"articleSection\":[\"Germany\"],\"inLanguage\":\"fr-CA\"},{\"@type\":\"WebPage\",\"@id\":\"https:\\\/\\\/www.accuracy.com\\\/en_gb\\\/am-15-september-2023-war-malteser-social-day\\\/\",\"url\":\"https:\\\/\\\/www.accuracy.com\\\/en_gb\\\/am-15-september-2023-war-malteser-social-day\\\/\",\"name\":\"AM 15. SEPTEMBER 2023 WAR MALTESER SOCIAL DAY! - Accuracy\",\"isPartOf\":{\"@id\":\"https:\\\/\\\/www.accuracy.com\\\/#website\"},\"primaryImageOfPage\":{\"@id\":\"https:\\\/\\\/www.accuracy.com\\\/en_gb\\\/am-15-september-2023-war-malteser-social-day\\\/#primaryimage\"},\"image\":{\"@id\":\"https:\\\/\\\/www.accuracy.com\\\/en_gb\\\/am-15-september-2023-war-malteser-social-day\\\/#primaryimage\"},\"thumbnailUrl\":\"https:\\\/\\\/www.accuracy.com\\\/wp-content\\\/uploads\\\/2023\\\/09\\\/Picture4-300x180.png\",\"datePublished\":\"2023-09-19T13:32:01+00:00\",\"dateModified\":\"2024-09-11T13:36:01+00:00\",\"breadcrumb\":{\"@id\":\"https:\\\/\\\/www.accuracy.com\\\/en_gb\\\/am-15-september-2023-war-malteser-social-day\\\/#breadcrumb\"},\"inLanguage\":\"fr-CA\",\"potentialAction\":[{\"@type\":\"ReadAction\",\"target\":[\"https:\\\/\\\/www.accuracy.com\\\/en_gb\\\/am-15-september-2023-war-malteser-social-day\\\/\"]}]},{\"@type\":\"ImageObject\",\"inLanguage\":\"fr-CA\",\"@id\":\"https:\\\/\\\/www.accuracy.com\\\/en_gb\\\/am-15-september-2023-war-malteser-social-day\\\/#primaryimage\",\"url\":\"https:\\\/\\\/www.accuracy.com\\\/wp-content\\\/uploads\\\/2023\\\/09\\\/Picture4-300x180.png\",\"contentUrl\":\"https:\\\/\\\/www.accuracy.com\\\/wp-content\\\/uploads\\\/2023\\\/09\\\/Picture4-300x180.png\"},{\"@type\":\"BreadcrumbList\",\"@id\":\"https:\\\/\\\/www.accuracy.com\\\/en_gb\\\/am-15-september-2023-war-malteser-social-day\\\/#breadcrumb\",\"itemListElement\":[{\"@type\":\"ListItem\",\"position\":1,\"name\":\"Accueil\",\"item\":\"https:\\\/\\\/www.accuracy.com\\\/\"},{\"@type\":\"ListItem\",\"position\":2,\"name\":\"AM 15. SEPTEMBER 2023 WAR MALTESER SOCIAL DAY!\"}]},{\"@type\":\"WebSite\",\"@id\":\"https:\\\/\\\/www.accuracy.com\\\/#website\",\"url\":\"https:\\\/\\\/www.accuracy.com\\\/\",\"name\":\"Accuracy\",\"description\":\"Business Advisers - Financial Consultants\",\"publisher\":{\"@id\":\"https:\\\/\\\/www.accuracy.com\\\/#organization\"},\"potentialAction\":[{\"@type\":\"SearchAction\",\"target\":{\"@type\":\"EntryPoint\",\"urlTemplate\":\"https:\\\/\\\/www.accuracy.com\\\/?s={search_term_string}\"},\"query-input\":{\"@type\":\"PropertyValueSpecification\",\"valueRequired\":true,\"valueName\":\"search_term_string\"}}],\"inLanguage\":\"fr-CA\"},{\"@type\":\"Organization\",\"@id\":\"https:\\\/\\\/www.accuracy.com\\\/#organization\",\"name\":\"Accuracy\",\"url\":\"https:\\\/\\\/www.accuracy.com\\\/\",\"logo\":{\"@type\":\"ImageObject\",\"inLanguage\":\"fr-CA\",\"@id\":\"https:\\\/\\\/www.accuracy.com\\\/#\\\/schema\\\/logo\\\/image\\\/\",\"url\":\"https:\\\/\\\/www.accuracy.com\\\/wp-content\\\/uploads\\\/2023\\\/08\\\/unnamed-3.jpg\",\"contentUrl\":\"https:\\\/\\\/www.accuracy.com\\\/wp-content\\\/uploads\\\/2023\\\/08\\\/unnamed-3.jpg\",\"width\":512,\"height\":512,\"caption\":\"Accuracy\"},\"image\":{\"@id\":\"https:\\\/\\\/www.accuracy.com\\\/#\\\/schema\\\/logo\\\/image\\\/\"},\"sameAs\":[\"https:\\\/\\\/www.linkedin.com\\\/company\\\/accuracy\\\/?originalSubdomain=fr\",\"https:\\\/\\\/www.instagram.com\\\/accuracycareers\\\/\"]},{\"@type\":\"Person\",\"@id\":\"https:\\\/\\\/www.accuracy.com\\\/#\\\/schema\\\/person\\\/0a77a69ce149a57bd418070a826f8b03\",\"name\":\"Julia Carr\u00e9\",\"image\":{\"@type\":\"ImageObject\",\"inLanguage\":\"fr-CA\",\"@id\":\"https:\\\/\\\/secure.gravatar.com\\\/avatar\\\/cbccff1ab09f879ed116c4720b20adbc03ff54974c38f6e6732ef55a200284a9?s=96&d=blank&r=g\",\"url\":\"https:\\\/\\\/secure.gravatar.com\\\/avatar\\\/cbccff1ab09f879ed116c4720b20adbc03ff54974c38f6e6732ef55a200284a9?s=96&d=blank&r=g\",\"contentUrl\":\"https:\\\/\\\/secure.gravatar.com\\\/avatar\\\/cbccff1ab09f879ed116c4720b20adbc03ff54974c38f6e6732ef55a200284a9?s=96&d=blank&r=g\",\"caption\":\"Julia Carr\u00e9\"}}]}<\/script>\n<!-- \/ Yoast SEO Premium plugin. -->","yoast_head_json":{"title":"AM 15. SEPTEMBRE 2023 WAR MALTESER SOCIAL DAY ! - Pr\u00e9cision","robots":{"index":"index","follow":"follow","max-snippet":"max-snippet:-1","max-image-preview":"max-image-preview:large","max-video-preview":"max-video-preview:-1"},"canonical":"https:\/\/www.accuracy.com\/fr\/am-15-septembre-2023-war-malteser-social-day\/","og_locale":"fr_CA","og_type":"article","og_title":"AM 15. SEPTEMBER 2023 WAR MALTESER SOCIAL DAY!","og_description":"Der Malteser Social Day ist eine Institution und fand in diesem Jahr zum 21. Mal statt. Accuracy war wieder an Bord, mittlerweile schon zum 5. Mal. In diesem Jahr besuchten wir die KiTa Eddy\u2019s Burg im Stadtteil Frankfurter Berg. Hier durften wir Unkraut rupfen und das Beet aufbereiten, damit die Kinder eine sch\u00f6ne Wiese f\u00fcr [&hellip;]","og_url":"https:\/\/www.accuracy.com\/fr\/am-15-septembre-2023-war-malteser-social-day\/","og_site_name":"Accuracy","article_published_time":"2023-09-19T13:32:01+00:00","article_modified_time":"2024-09-11T13:36:01+00:00","og_image":[{"url":"https:\/\/www.accuracy.com\/wp-content\/uploads\/2023\/09\/Picture4-300x180.png","type":"","width":"","height":""}],"author":"Julia Carr\u00e9","twitter_card":"summary_large_image","twitter_misc":{"\u00c9crit par":"Julia Carr\u00e9","Estimation du temps de lecture":"1 minute"},"schema":{"@context":"https:\/\/schema.org","@graph":[{"@type":"Article","@id":"https:\/\/www.accuracy.com\/en_gb\/am-15-september-2023-war-malteser-social-day\/#article","isPartOf":{"@id":"https:\/\/www.accuracy.com\/en_gb\/am-15-september-2023-war-malteser-social-day\/"},"author":{"name":"Julia Carr\u00e9","@id":"https:\/\/www.accuracy.com\/#\/schema\/person\/0a77a69ce149a57bd418070a826f8b03"},"headline":"AM 15. SEPTEMBER 2023 WAR MALTESER SOCIAL DAY!","datePublished":"2023-09-19T13:32:01+00:00","dateModified":"2024-09-11T13:36:01+00:00","mainEntityOfPage":{"@id":"https:\/\/www.accuracy.com\/en_gb\/am-15-september-2023-war-malteser-social-day\/"},"wordCount":155,"publisher":{"@id":"https:\/\/www.accuracy.com\/#organization"},"image":{"@id":"https:\/\/www.accuracy.com\/en_gb\/am-15-september-2023-war-malteser-social-day\/#primaryimage"},"thumbnailUrl":"https:\/\/www.accuracy.com\/wp-content\/uploads\/2023\/09\/Picture4-300x180.png","articleSection":["Germany"],"inLanguage":"fr-CA"},{"@type":"WebPage","@id":"https:\/\/www.accuracy.com\/en_gb\/am-15-september-2023-war-malteser-social-day\/","url":"https:\/\/www.accuracy.com\/en_gb\/am-15-september-2023-war-malteser-social-day\/","name":"AM 15. SEPTEMBRE 2023 WAR MALTESER SOCIAL DAY ! - Pr\u00e9cision","isPartOf":{"@id":"https:\/\/www.accuracy.com\/#website"},"primaryImageOfPage":{"@id":"https:\/\/www.accuracy.com\/en_gb\/am-15-september-2023-war-malteser-social-day\/#primaryimage"},"image":{"@id":"https:\/\/www.accuracy.com\/en_gb\/am-15-september-2023-war-malteser-social-day\/#primaryimage"},"thumbnailUrl":"https:\/\/www.accuracy.com\/wp-content\/uploads\/2023\/09\/Picture4-300x180.png","datePublished":"2023-09-19T13:32:01+00:00","dateModified":"2024-09-11T13:36:01+00:00","breadcrumb":{"@id":"https:\/\/www.accuracy.com\/en_gb\/am-15-september-2023-war-malteser-social-day\/#breadcrumb"},"inLanguage":"fr-CA","potentialAction":[{"@type":"ReadAction","target":["https:\/\/www.accuracy.com\/en_gb\/am-15-september-2023-war-malteser-social-day\/"]}]},{"@type":"ImageObject","inLanguage":"fr-CA","@id":"https:\/\/www.accuracy.com\/en_gb\/am-15-september-2023-war-malteser-social-day\/#primaryimage","url":"https:\/\/www.accuracy.com\/wp-content\/uploads\/2023\/09\/Picture4-300x180.png","contentUrl":"https:\/\/www.accuracy.com\/wp-content\/uploads\/2023\/09\/Picture4-300x180.png"},{"@type":"BreadcrumbList","@id":"https:\/\/www.accuracy.com\/en_gb\/am-15-september-2023-war-malteser-social-day\/#breadcrumb","itemListElement":[{"@type":"ListItem","position":1,"name":"Accueil","item":"https:\/\/www.accuracy.com\/"},{"@type":"ListItem","position":2,"name":"AM 15. SEPTEMBER 2023 WAR MALTESER SOCIAL DAY!"}]},{"@type":"WebSite","@id":"https:\/\/www.accuracy.com\/#website","url":"https:\/\/www.accuracy.com\/","name":"Pr\u00e9cision","description":"Conseillers d'entreprise - Consultants financiers","publisher":{"@id":"https:\/\/www.accuracy.com\/#organization"},"potentialAction":[{"@type":"SearchAction","target":{"@type":"EntryPoint","urlTemplate":"https:\/\/www.accuracy.com\/?s={search_term_string}"},"query-input":{"@type":"PropertyValueSpecification","valueRequired":true,"valueName":"search_term_string"}}],"inLanguage":"fr-CA"},{"@type":"Organization","@id":"https:\/\/www.accuracy.com\/#organization","name":"Pr\u00e9cision","url":"https:\/\/www.accuracy.com\/","logo":{"@type":"ImageObject","inLanguage":"fr-CA","@id":"https:\/\/www.accuracy.com\/#\/schema\/logo\/image\/","url":"https:\/\/www.accuracy.com\/wp-content\/uploads\/2023\/08\/unnamed-3.jpg","contentUrl":"https:\/\/www.accuracy.com\/wp-content\/uploads\/2023\/08\/unnamed-3.jpg","width":512,"height":512,"caption":"Accuracy"},"image":{"@id":"https:\/\/www.accuracy.com\/#\/schema\/logo\/image\/"},"sameAs":["https:\/\/www.linkedin.com\/company\/accuracy\/?originalSubdomain=fr","https:\/\/www.instagram.com\/accuracycareers\/"]},{"@type":"Person","@id":"https:\/\/www.accuracy.com\/#\/schema\/person\/0a77a69ce149a57bd418070a826f8b03","name":"Julia Carr\u00e9","image":{"@type":"ImageObject","inLanguage":"fr-CA","@id":"https:\/\/secure.gravatar.com\/avatar\/cbccff1ab09f879ed116c4720b20adbc03ff54974c38f6e6732ef55a200284a9?s=96&d=blank&r=g","url":"https:\/\/secure.gravatar.com\/avatar\/cbccff1ab09f879ed116c4720b20adbc03ff54974c38f6e6732ef55a200284a9?s=96&d=blank&r=g","contentUrl":"https:\/\/secure.gravatar.com\/avatar\/cbccff1ab09f879ed116c4720b20adbc03ff54974c38f6e6732ef55a200284a9?s=96&d=blank&r=g","caption":"Julia Carr\u00e9"}}]}},"_links":{"self":[{"href":"https:\/\/www.accuracy.com\/fr\/wp-json\/wp\/v2\/posts\/47357","targetHints":{"allow":["GET"]}}],"collection":[{"href":"https:\/\/www.accuracy.com\/fr\/wp-json\/wp\/v2\/posts"}],"about":[{"href":"https:\/\/www.accuracy.com\/fr\/wp-json\/wp\/v2\/types\/post"}],"author":[{"embeddable":true,"href":"https:\/\/www.accuracy.com\/fr\/wp-json\/wp\/v2\/users\/43"}],"replies":[{"embeddable":true,"href":"https:\/\/www.accuracy.com\/fr\/wp-json\/wp\/v2\/comments?post=47357"}],"version-history":[{"count":4,"href":"https:\/\/www.accuracy.com\/fr\/wp-json\/wp\/v2\/posts\/47357\/revisions"}],"predecessor-version":[{"id":47367,"href":"https:\/\/www.accuracy.com\/fr\/wp-json\/wp\/v2\/posts\/47357\/revisions\/47367"}],"wp:attachment":[{"href":"https:\/\/www.accuracy.com\/fr\/wp-json\/wp\/v2\/media?parent=47357"}],"wp:term":[{"taxonomy":"category","embeddable":true,"href":"https:\/\/www.accuracy.com\/fr\/wp-json\/wp\/v2\/categories?post=47357"},{"taxonomy":"post_tag","embeddable":true,"href":"https:\/\/www.accuracy.com\/fr\/wp-json\/wp\/v2\/tags?post=47357"}],"curies":[{"name":"wp","href":"https:\/\/api.w.org\/{rel}","templated":true}]}}