{"id":44865,"date":"2024-01-04T13:00:02","date_gmt":"2024-01-04T12:00:02","guid":{"rendered":"https:\/\/www.accuracy.com\/?p=44865"},"modified":"2024-09-12T14:32:52","modified_gmt":"2024-09-12T12:32:52","slug":"comment-pouvons-nous-garantir-que-les-prix-des-denrees-alimentaires-sont-sains","status":"publish","type":"post","link":"https:\/\/www.accuracy.com\/fr\/how-can-we-ensure-that-food-prices-are-sound\/","title":{"rendered":"Comment pouvons-nous garantir que les prix des denr\u00e9es alimentaires sont sains ?"},"content":{"rendered":"<p><strong>Les crises alimentaires, et les famines qui en d\u00e9coulent, ont marqu\u00e9 l'histoire du monde<\/strong>. Ils sont encore tr\u00e8s pr\u00e9sents dans les pays les plus pauvres. <strong>ce n'est plus le cas dans les pays d\u00e9velopp\u00e9s, m\u00eame si des \"poches\" de pauvret\u00e9 subsistent.<\/strong> Que ce soit aux \u00c9tats-Unis ou en Europe, un sentiment de s\u00e9curit\u00e9 s'est d\u00e9velopp\u00e9, le poids de l'alimentation dans le panier de la m\u00e9nag\u00e8re diminuant sensiblement au fil du temps (en France, par exemple, de 30% en 1960 \u00e0 17% en 2020) et l'\u00e9volution des prix de l'alimentation restant \u00e0 la fois faible et r\u00e9guli\u00e8re. La question du pouvoir d'achat est davantage li\u00e9e aux revenus et \u00e0 la dynamique des prix dans d'autres domaines, comme l'\u00e9nergie parfois et le logement souvent. <strong>Mais ce paysage stable et rassurant s'est transform\u00e9<\/strong> (ou plut\u00f4t d\u00e9form\u00e9 ?) <strong>au cours des derni\u00e8res ann\u00e9es<\/strong>L'ann\u00e9e 2008 a \u00e9t\u00e9 marqu\u00e9e par la pand\u00e9mie de grippe aviaire de 19 ans, suivie par la guerre de Russie en Ukraine. <strong>Aujourd'hui, nous devons tous \u00e0 nouveau pr\u00eater attention au prix de ce que nous mettons dans nos assiettes. Que s'est-il pass\u00e9 exactement ?<\/strong><\/p>\n<p>&nbsp;<\/p>\n<p><strong>Prenons le cas am\u00e9ricain<\/strong> (l'analyse peut \u00eatre reproduite pour la zone euro). <strong>On peut observer une premi\u00e8re phase d'acc\u00e9l\u00e9ration des prix des denr\u00e9es alimentaires au printemps 2020<\/strong> (un doublement de l'augmentation d'une ann\u00e9e sur l'autre, mais une tendance raisonnable dans l'ensemble ; en d'autres termes, de +2% \u00e0 +4%), <strong>puis une deuxi\u00e8me phase deux ans plus tard <\/strong>(jusqu'\u00e0 +10%). <strong>Le ralentissement commence au d\u00e9but de l'ann\u00e9e 2023, mais le retour \u00e0 la normale n'est pas encore totalement atteint \u00e0 la fin de l'ann\u00e9e.<\/strong>. Cela a bien s\u00fbr contribu\u00e9 \u00e0 renforcer la tendance g\u00e9n\u00e9rale de l'inflation (les denr\u00e9es alimentaires repr\u00e9sentent plus de 14% de l'indice g\u00e9n\u00e9ral des prix \u00e0 la consommation), mais l'\u00e9nergie, qui est devenue beaucoup plus ch\u00e8re, explique davantage la hausse.<\/p>\n<p><img fetchpriority=\"high\" decoding=\"async\" class=\"alignnone wp-image-44868 size-full\" src=\"https:\/\/www.accuracy.com\/wp-content\/uploads\/2024\/07\/6.1.png\" alt=\"\" width=\"3221\" height=\"1666\" srcset=\"https:\/\/www.accuracy.com\/wp-content\/uploads\/2024\/07\/6.1.png 3221w, https:\/\/www.accuracy.com\/wp-content\/uploads\/2024\/07\/6.1-300x155.png 300w, https:\/\/www.accuracy.com\/wp-content\/uploads\/2024\/07\/6.1-1024x530.png 1024w, https:\/\/www.accuracy.com\/wp-content\/uploads\/2024\/07\/6.1-768x397.png 768w, https:\/\/www.accuracy.com\/wp-content\/uploads\/2024\/07\/6.1-1536x794.png 1536w, https:\/\/www.accuracy.com\/wp-content\/uploads\/2024\/07\/6.1-2048x1059.png 2048w, https:\/\/www.accuracy.com\/wp-content\/uploads\/2024\/07\/6.1-18x9.png 18w\" sizes=\"(max-width: 3221px) 100vw, 3221px\" \/><\/p>\n<p>&nbsp;<\/p>\n<p><strong>Le contexte sanitaire et g\u00e9opolitique de ces trois derni\u00e8res ann\u00e9es est \u00e9videmment exceptionnel.  N\u00e9anmoins, il convient d'examiner de plus pr\u00e8s le processus qui a conduit \u00e0 l'acc\u00e9l\u00e9ration des prix des denr\u00e9es alimentaires.<\/strong> Pour cela, direction l'Europe (encore une fois, la d\u00e9monstration est largement valable des deux c\u00f4t\u00e9s de l'Atlantique).  Nous pouvons remonter en amont de la transformation des produits alimentaires et nous arr\u00eater au niveau des mati\u00e8res premi\u00e8res. Les prix sont volatils, ce n'est pas une surprise. En g\u00e9n\u00e9ral, du moins sur une p\u00e9riode de plus de 25 ans, <strong>l'absorption du choc de la \"perte en ligne\", en commen\u00e7ant par un mouvement haussier parfois brutal dans les produits de base et en se d\u00e9pla\u00e7ant ensuite vers l'aval.<\/strong> (c'est-\u00e0-dire en suivant le processus de transformation de la marchandise en produit fini disponible pour le consommateur), <strong>est importante, l'acc\u00e9l\u00e9ration des prix \u00e9tant de plus en plus faible au fur et \u00e0 mesure que l'on s'\u00e9loigne de l'aval.<\/strong>. Ce fut le cas en 2007-2008 et \u00e0 nouveau en 2010-2011 ; la forte hausse de l'indice des prix des mati\u00e8res premi\u00e8res alimentaires n'a entra\u00een\u00e9 qu'une hausse relativement mod\u00e9r\u00e9e des prix des denr\u00e9es alimentaires, d'abord au niveau des producteurs et ensuite au niveau des consommateurs. <strong>Mais cette fois, apr\u00e8s un premier choc d'une ampleur relativement \"normale\", la r\u00e9action en aval a \u00e9t\u00e9 beaucoup plus importante. Pourquoi ? <\/strong><\/p>\n<p><img decoding=\"async\" class=\"alignnone wp-image-44869 size-full\" src=\"https:\/\/www.accuracy.com\/wp-content\/uploads\/2024\/07\/6.2.png\" alt=\"\" width=\"3208\" height=\"1651\" srcset=\"https:\/\/www.accuracy.com\/wp-content\/uploads\/2024\/07\/6.2.png 3208w, https:\/\/www.accuracy.com\/wp-content\/uploads\/2024\/07\/6.2-300x154.png 300w, https:\/\/www.accuracy.com\/wp-content\/uploads\/2024\/07\/6.2-1024x527.png 1024w, https:\/\/www.accuracy.com\/wp-content\/uploads\/2024\/07\/6.2-768x395.png 768w, https:\/\/www.accuracy.com\/wp-content\/uploads\/2024\/07\/6.2-1536x791.png 1536w, https:\/\/www.accuracy.com\/wp-content\/uploads\/2024\/07\/6.2-2048x1054.png 2048w, https:\/\/www.accuracy.com\/wp-content\/uploads\/2024\/07\/6.2-18x9.png 18w\" sizes=\"(max-width: 3208px) 100vw, 3208px\" \/><\/p>\n<p>&nbsp;<\/p>\n<p>Les prix des mati\u00e8res premi\u00e8res alimentaires sont sensibles aux conditions climatiques et \u00e0 tout autre \u00e9v\u00e9nement susceptible d'entraver la production ou le transport. On pense ici aux crises g\u00e9opolitiques. Si la demande est plus stable, l'incertitude sur l'offre explique la nervosit\u00e9 permanente. Elle est normalement absorb\u00e9e en grande partie, tout simplement parce que <strong>le poids de ces mati\u00e8res premi\u00e8res dans la formation des prix pour la demande des consommateurs finaux est assez modeste : 10% dans le cas du Canada.<\/strong><strong> La situation n'est pas tr\u00e8s diff\u00e9rente pour de nombreux autres pays d\u00e9velopp\u00e9s. On peut donc en conclure que le probl\u00e8me se situe aussi - et surtout - ailleurs. <\/strong><\/p>\n<p><img decoding=\"async\" class=\"alignnone wp-image-44870 size-full\" src=\"https:\/\/www.accuracy.com\/wp-content\/uploads\/2024\/07\/6.3.png\" alt=\"\" width=\"3183\" height=\"1539\" srcset=\"https:\/\/www.accuracy.com\/wp-content\/uploads\/2024\/07\/6.3.png 3183w, https:\/\/www.accuracy.com\/wp-content\/uploads\/2024\/07\/6.3-300x145.png 300w, https:\/\/www.accuracy.com\/wp-content\/uploads\/2024\/07\/6.3-1024x495.png 1024w, https:\/\/www.accuracy.com\/wp-content\/uploads\/2024\/07\/6.3-768x371.png 768w, https:\/\/www.accuracy.com\/wp-content\/uploads\/2024\/07\/6.3-1536x743.png 1536w, https:\/\/www.accuracy.com\/wp-content\/uploads\/2024\/07\/6.3-2048x990.png 2048w, https:\/\/www.accuracy.com\/wp-content\/uploads\/2024\/07\/6.3-18x9.png 18w\" sizes=\"(max-width: 3183px) 100vw, 3183px\" \/><\/p>\n<p>&nbsp;<\/p>\n<p><strong>Que s'est-il pass\u00e9 ces derni\u00e8res ann\u00e9es ? Beaucoup de choses !<\/strong><\/p>\n<ul>\n<li>Les crises que nous avons d\u00e9j\u00e0 \u00e9voqu\u00e9es ont entrav\u00e9 les r\u00e9coltes et leur commercialisation. Sans oublier le travail des professionnels sur les march\u00e9s \u00e0 terme. Les prix ainsi form\u00e9s, ou du moins leurs mouvements, influencent ceux affich\u00e9s sur les march\u00e9s au comptant.<\/li>\n<li>Les perturbations tout au long de la cha\u00eene d'approvisionnement ont rench\u00e9ri les prix des produits progressivement transform\u00e9s et du transport.<\/li>\n<li>Les tensions sur le march\u00e9 du travail ont augment\u00e9 le co\u00fbt de la main-d'\u0153uvre et il convient de rappeler que, pendant la majeure partie de la p\u00e9riode consid\u00e9r\u00e9e, la productivit\u00e9 a \u00e9t\u00e9 faible.<\/li>\n<li>Les politiques \u00e9conomiques ont \u00e9t\u00e9 un temps tr\u00e8s expansionnistes, soutenant la demande qui \u00e9tait limit\u00e9e au plus fort des blocages mis en place pour lutter contre la pand\u00e9mie. Le soutien a dur\u00e9 plus longtemps que les moments o\u00f9 les \u00e9conomies \u00e9taient effectivement \"scell\u00e9es\", gr\u00e2ce \u00e0 une augmentation de l'\u00e9pargne des m\u00e9nages qui n'est que progressivement utilis\u00e9e.<\/li>\n<\/ul>\n<p>&nbsp;<\/p>\n<p>Nous pouvons le constater dans les graphiques ci-dessus ; <strong>la normalisation est en cours<\/strong>.<strong> Mais jusqu'o\u00f9 ira-t-elle ? <\/strong>Deux forces contraires se d\u00e9gagent. Le r\u00e9chauffement climatique, un environnement g\u00e9opolitique toujours instable et un march\u00e9 du travail structurellement plus tendu en raison du vieillissement de la population sugg\u00e8rent que ce processus de normalisation ne sera que partiel. En revanche, le resserrement des politiques \u00e9conomiques pourrait ralentir la demande et peser sur la dynamique des prix. Comment r\u00e9sumer tout cela ?<\/p>\n<p>&nbsp;<\/p>\n<p><strong>On est probablement enclin \u00e0 consid\u00e9rer que le ralentissement actuel ne ram\u00e8nera pas les prix au m\u00eame niveau qu'avant la s\u00e9rie de crises de ces derni\u00e8res ann\u00e9es. Ils finiront par \u00eatre plus \u00e9lev\u00e9s, mais il sera difficile de dire de combien.<\/strong> Dans cette optique, la question suivante - et certainement la plus importante - est de savoir quelles mesures de politique \u00e9conomique devraient \u00eatre mises en place pour contenir les risques \u00e0 la hausse. Nous pouvons en sugg\u00e9rer quelques-unes.<\/p>\n<p>&nbsp;<\/p>\n<p><strong>Commen\u00e7ons par ceux \u00e0 mettre en place rapidement.<\/strong> Il semble \u00e9vident que l'am\u00e9lioration de l'acc\u00e8s aux produits alimentaires et la stimulation de leur distribution sont deux initiatives essentielles.  Il semble \u00e9galement n\u00e9cessaire de veiller \u00e0 ce que le dosage entre les politiques budg\u00e9taires et mon\u00e9taires se poursuive dans le but de r\u00e9duire l'inflation. Cela faciliterait le ralentissement de la dynamique des prix alimentaires en aval de la cha\u00eene de production, de transformation et de distribution.<\/p>\n<p>&nbsp;<\/p>\n<p><strong>\u00c0 plus moyen terme<\/strong>L'am\u00e9lioration de la transparence du march\u00e9 et la cr\u00e9ation de stocks strat\u00e9giques m\u00e9ritent d'\u00eatre envisag\u00e9es. Nous devons \u00e9galement veiller \u00e0 renforcer les gains de productivit\u00e9. Cet objectif est \u00e9videmment d'ordre macro\u00e9conomique, mais son application aux secteurs agroalimentaires est incontournable. Et ce, tout en poursuivant pleinement le processus de transformation n\u00e9cessaire pour atteindre les objectifs climatiques.<\/p>\n<p>&nbsp;<\/p>\n<hr \/>\n<p><strong>Herv\u00e9 Goulletquer - Conseiller \u00e9conomique principal<br \/>\n<\/strong><em>Pr\u00e9cision Talks Straight #9 - Point de vue \u00e9conomique<\/em><\/p>","protected":false},"excerpt":{"rendered":"<p>Food crises, with their resulting famines, have marked the history of the world. They are still very much part of the present in poorer countries, but this is no longer the case in the developed world, despite \u2018pockets\u2019 of poverty still existing. Whether in the United States or in Europe, a sense of security has [&hellip;]<\/p>\n","protected":false},"author":58,"featured_media":47528,"comment_status":"closed","ping_status":"closed","sticky":false,"template":"","format":"standard","meta":{"_acf_changed":false,"footnotes":""},"categories":[212,233,271],"tags":[280],"class_list":["post-44865","post","type-post","status-publish","format-standard","has-post-thumbnail","hentry","category-analysis","category-article","category-nutrition-agri-business","tag-accuracy-talks-straight-9"],"acf":[],"yoast_head":"<!-- This site is optimized with the Yoast SEO Premium plugin v27.5 (Yoast SEO v27.5) - https:\/\/yoast.com\/product\/yoast-seo-premium-wordpress\/ -->\n<title>How can we ensure that food prices are sound? - Accuracy<\/title>\n<meta name=\"robots\" content=\"index, follow, max-snippet:-1, max-image-preview:large, max-video-preview:-1\" \/>\n<link rel=\"canonical\" href=\"https:\/\/www.accuracy.com\/fr\/comment-pouvons-nous-garantir-que-les-prix-des-denrees-alimentaires-sont-sains\/\" \/>\n<meta property=\"og:locale\" content=\"fr_CA\" \/>\n<meta property=\"og:type\" content=\"article\" \/>\n<meta property=\"og:title\" content=\"How can we ensure that food prices are sound?\" \/>\n<meta property=\"og:description\" content=\"Food crises, with their resulting famines, have marked the history of the world. They are still very much part of the present in poorer countries, but this is no longer the case in the developed world, despite \u2018pockets\u2019 of poverty still existing. Whether in the United States or in Europe, a sense of security has [&hellip;]\" \/>\n<meta property=\"og:url\" content=\"https:\/\/www.accuracy.com\/fr\/comment-pouvons-nous-garantir-que-les-prix-des-denrees-alimentaires-sont-sains\/\" \/>\n<meta property=\"og:site_name\" content=\"Accuracy\" \/>\n<meta property=\"article:published_time\" content=\"2024-01-04T12:00:02+00:00\" \/>\n<meta property=\"article:modified_time\" content=\"2024-09-12T12:32:52+00:00\" \/>\n<meta property=\"og:image\" content=\"https:\/\/www.accuracy.com\/wp-content\/uploads\/2024\/01\/shutterstock_2126916215-scaled.jpg\" \/>\n\t<meta property=\"og:image:width\" content=\"2560\" \/>\n\t<meta property=\"og:image:height\" content=\"1707\" \/>\n\t<meta property=\"og:image:type\" content=\"image\/jpeg\" \/>\n<meta name=\"author\" content=\"albane.debraquilanges@accuracy.com\" \/>\n<meta name=\"twitter:card\" content=\"summary_large_image\" \/>\n<meta name=\"twitter:label1\" content=\"\u00c9crit par\" \/>\n\t<meta name=\"twitter:data1\" content=\"albane.debraquilanges@accuracy.com\" \/>\n\t<meta name=\"twitter:label2\" content=\"Estimation du temps de lecture\" \/>\n\t<meta name=\"twitter:data2\" content=\"6 minutes\" \/>\n<script type=\"application\/ld+json\" class=\"yoast-schema-graph\">{\"@context\":\"https:\\\/\\\/schema.org\",\"@graph\":[{\"@type\":\"Article\",\"@id\":\"https:\\\/\\\/www.accuracy.com\\\/en_gb\\\/how-can-we-ensure-that-food-prices-are-sound\\\/#article\",\"isPartOf\":{\"@id\":\"https:\\\/\\\/www.accuracy.com\\\/en_gb\\\/how-can-we-ensure-that-food-prices-are-sound\\\/\"},\"author\":{\"name\":\"albane.debraquilanges@accuracy.com\",\"@id\":\"https:\\\/\\\/www.accuracy.com\\\/#\\\/schema\\\/person\\\/72929a53f3d091e37119cd84ead1690c\"},\"headline\":\"How can we ensure that food prices are sound?\",\"datePublished\":\"2024-01-04T12:00:02+00:00\",\"dateModified\":\"2024-09-12T12:32:52+00:00\",\"mainEntityOfPage\":{\"@id\":\"https:\\\/\\\/www.accuracy.com\\\/en_gb\\\/how-can-we-ensure-that-food-prices-are-sound\\\/\"},\"wordCount\":1003,\"publisher\":{\"@id\":\"https:\\\/\\\/www.accuracy.com\\\/#organization\"},\"image\":{\"@id\":\"https:\\\/\\\/www.accuracy.com\\\/en_gb\\\/how-can-we-ensure-that-food-prices-are-sound\\\/#primaryimage\"},\"thumbnailUrl\":\"https:\\\/\\\/www.accuracy.com\\\/wp-content\\\/uploads\\\/2024\\\/01\\\/shutterstock_2126916215-scaled.jpg\",\"keywords\":[\"Accuracy Talks Straight 9\"],\"articleSection\":[\"Analysis\",\"Article\",\"Nutrition - Agri-business\"],\"inLanguage\":\"fr-CA\"},{\"@type\":\"WebPage\",\"@id\":\"https:\\\/\\\/www.accuracy.com\\\/en_gb\\\/how-can-we-ensure-that-food-prices-are-sound\\\/\",\"url\":\"https:\\\/\\\/www.accuracy.com\\\/en_gb\\\/how-can-we-ensure-that-food-prices-are-sound\\\/\",\"name\":\"How can we ensure that food prices are sound? - Accuracy\",\"isPartOf\":{\"@id\":\"https:\\\/\\\/www.accuracy.com\\\/#website\"},\"primaryImageOfPage\":{\"@id\":\"https:\\\/\\\/www.accuracy.com\\\/en_gb\\\/how-can-we-ensure-that-food-prices-are-sound\\\/#primaryimage\"},\"image\":{\"@id\":\"https:\\\/\\\/www.accuracy.com\\\/en_gb\\\/how-can-we-ensure-that-food-prices-are-sound\\\/#primaryimage\"},\"thumbnailUrl\":\"https:\\\/\\\/www.accuracy.com\\\/wp-content\\\/uploads\\\/2024\\\/01\\\/shutterstock_2126916215-scaled.jpg\",\"datePublished\":\"2024-01-04T12:00:02+00:00\",\"dateModified\":\"2024-09-12T12:32:52+00:00\",\"breadcrumb\":{\"@id\":\"https:\\\/\\\/www.accuracy.com\\\/en_gb\\\/how-can-we-ensure-that-food-prices-are-sound\\\/#breadcrumb\"},\"inLanguage\":\"fr-CA\",\"potentialAction\":[{\"@type\":\"ReadAction\",\"target\":[\"https:\\\/\\\/www.accuracy.com\\\/en_gb\\\/how-can-we-ensure-that-food-prices-are-sound\\\/\"]}]},{\"@type\":\"ImageObject\",\"inLanguage\":\"fr-CA\",\"@id\":\"https:\\\/\\\/www.accuracy.com\\\/en_gb\\\/how-can-we-ensure-that-food-prices-are-sound\\\/#primaryimage\",\"url\":\"https:\\\/\\\/www.accuracy.com\\\/wp-content\\\/uploads\\\/2024\\\/01\\\/shutterstock_2126916215-scaled.jpg\",\"contentUrl\":\"https:\\\/\\\/www.accuracy.com\\\/wp-content\\\/uploads\\\/2024\\\/01\\\/shutterstock_2126916215-scaled.jpg\",\"width\":2560,\"height\":1707},{\"@type\":\"BreadcrumbList\",\"@id\":\"https:\\\/\\\/www.accuracy.com\\\/en_gb\\\/how-can-we-ensure-that-food-prices-are-sound\\\/#breadcrumb\",\"itemListElement\":[{\"@type\":\"ListItem\",\"position\":1,\"name\":\"Accueil\",\"item\":\"https:\\\/\\\/www.accuracy.com\\\/\"},{\"@type\":\"ListItem\",\"position\":2,\"name\":\"How can we ensure that food prices are sound?\"}]},{\"@type\":\"WebSite\",\"@id\":\"https:\\\/\\\/www.accuracy.com\\\/#website\",\"url\":\"https:\\\/\\\/www.accuracy.com\\\/\",\"name\":\"Accuracy\",\"description\":\"Business Advisers - Financial Consultants\",\"publisher\":{\"@id\":\"https:\\\/\\\/www.accuracy.com\\\/#organization\"},\"potentialAction\":[{\"@type\":\"SearchAction\",\"target\":{\"@type\":\"EntryPoint\",\"urlTemplate\":\"https:\\\/\\\/www.accuracy.com\\\/?s={search_term_string}\"},\"query-input\":{\"@type\":\"PropertyValueSpecification\",\"valueRequired\":true,\"valueName\":\"search_term_string\"}}],\"inLanguage\":\"fr-CA\"},{\"@type\":\"Organization\",\"@id\":\"https:\\\/\\\/www.accuracy.com\\\/#organization\",\"name\":\"Accuracy\",\"url\":\"https:\\\/\\\/www.accuracy.com\\\/\",\"logo\":{\"@type\":\"ImageObject\",\"inLanguage\":\"fr-CA\",\"@id\":\"https:\\\/\\\/www.accuracy.com\\\/#\\\/schema\\\/logo\\\/image\\\/\",\"url\":\"https:\\\/\\\/www.accuracy.com\\\/wp-content\\\/uploads\\\/2023\\\/08\\\/unnamed-3.jpg\",\"contentUrl\":\"https:\\\/\\\/www.accuracy.com\\\/wp-content\\\/uploads\\\/2023\\\/08\\\/unnamed-3.jpg\",\"width\":512,\"height\":512,\"caption\":\"Accuracy\"},\"image\":{\"@id\":\"https:\\\/\\\/www.accuracy.com\\\/#\\\/schema\\\/logo\\\/image\\\/\"},\"sameAs\":[\"https:\\\/\\\/www.linkedin.com\\\/company\\\/accuracy\\\/?originalSubdomain=fr\",\"https:\\\/\\\/www.instagram.com\\\/accuracycareers\\\/\"]},{\"@type\":\"Person\",\"@id\":\"https:\\\/\\\/www.accuracy.com\\\/#\\\/schema\\\/person\\\/72929a53f3d091e37119cd84ead1690c\",\"name\":\"albane.debraquilanges@accuracy.com\",\"image\":{\"@type\":\"ImageObject\",\"inLanguage\":\"fr-CA\",\"@id\":\"https:\\\/\\\/secure.gravatar.com\\\/avatar\\\/6b7766cb63f9bfaa0c09be6554dcec93090ba8c35aef59eb3bbae153da9a7e60?s=96&d=blank&r=g\",\"url\":\"https:\\\/\\\/secure.gravatar.com\\\/avatar\\\/6b7766cb63f9bfaa0c09be6554dcec93090ba8c35aef59eb3bbae153da9a7e60?s=96&d=blank&r=g\",\"contentUrl\":\"https:\\\/\\\/secure.gravatar.com\\\/avatar\\\/6b7766cb63f9bfaa0c09be6554dcec93090ba8c35aef59eb3bbae153da9a7e60?s=96&d=blank&r=g\",\"caption\":\"albane.debraquilanges@accuracy.com\"}}]}<\/script>\n<!-- \/ Yoast SEO Premium plugin. -->","yoast_head_json":{"title":"Comment garantir que les prix des denr\u00e9es alimentaires sont sains ? - Pr\u00e9cision","robots":{"index":"index","follow":"follow","max-snippet":"max-snippet:-1","max-image-preview":"max-image-preview:large","max-video-preview":"max-video-preview:-1"},"canonical":"https:\/\/www.accuracy.com\/fr\/comment-pouvons-nous-garantir-que-les-prix-des-denrees-alimentaires-sont-sains\/","og_locale":"fr_CA","og_type":"article","og_title":"How can we ensure that food prices are sound?","og_description":"Food crises, with their resulting famines, have marked the history of the world. They are still very much part of the present in poorer countries, but this is no longer the case in the developed world, despite \u2018pockets\u2019 of poverty still existing. Whether in the United States or in Europe, a sense of security has [&hellip;]","og_url":"https:\/\/www.accuracy.com\/fr\/comment-pouvons-nous-garantir-que-les-prix-des-denrees-alimentaires-sont-sains\/","og_site_name":"Accuracy","article_published_time":"2024-01-04T12:00:02+00:00","article_modified_time":"2024-09-12T12:32:52+00:00","og_image":[{"width":2560,"height":1707,"url":"https:\/\/www.accuracy.com\/wp-content\/uploads\/2024\/01\/shutterstock_2126916215-scaled.jpg","type":"image\/jpeg"}],"author":"albane.debraquilanges@accuracy.com","twitter_card":"summary_large_image","twitter_misc":{"\u00c9crit par":"albane.debraquilanges@accuracy.com","Estimation du temps de lecture":"6 minutes"},"schema":{"@context":"https:\/\/schema.org","@graph":[{"@type":"Article","@id":"https:\/\/www.accuracy.com\/en_gb\/how-can-we-ensure-that-food-prices-are-sound\/#article","isPartOf":{"@id":"https:\/\/www.accuracy.com\/en_gb\/how-can-we-ensure-that-food-prices-are-sound\/"},"author":{"name":"albane.debraquilanges@accuracy.com","@id":"https:\/\/www.accuracy.com\/#\/schema\/person\/72929a53f3d091e37119cd84ead1690c"},"headline":"How can we ensure that food prices are sound?","datePublished":"2024-01-04T12:00:02+00:00","dateModified":"2024-09-12T12:32:52+00:00","mainEntityOfPage":{"@id":"https:\/\/www.accuracy.com\/en_gb\/how-can-we-ensure-that-food-prices-are-sound\/"},"wordCount":1003,"publisher":{"@id":"https:\/\/www.accuracy.com\/#organization"},"image":{"@id":"https:\/\/www.accuracy.com\/en_gb\/how-can-we-ensure-that-food-prices-are-sound\/#primaryimage"},"thumbnailUrl":"https:\/\/www.accuracy.com\/wp-content\/uploads\/2024\/01\/shutterstock_2126916215-scaled.jpg","keywords":["Accuracy Talks Straight 9"],"articleSection":["Analysis","Article","Nutrition - Agri-business"],"inLanguage":"fr-CA"},{"@type":"WebPage","@id":"https:\/\/www.accuracy.com\/en_gb\/how-can-we-ensure-that-food-prices-are-sound\/","url":"https:\/\/www.accuracy.com\/en_gb\/how-can-we-ensure-that-food-prices-are-sound\/","name":"Comment garantir que les prix des denr\u00e9es alimentaires sont sains ? - Pr\u00e9cision","isPartOf":{"@id":"https:\/\/www.accuracy.com\/#website"},"primaryImageOfPage":{"@id":"https:\/\/www.accuracy.com\/en_gb\/how-can-we-ensure-that-food-prices-are-sound\/#primaryimage"},"image":{"@id":"https:\/\/www.accuracy.com\/en_gb\/how-can-we-ensure-that-food-prices-are-sound\/#primaryimage"},"thumbnailUrl":"https:\/\/www.accuracy.com\/wp-content\/uploads\/2024\/01\/shutterstock_2126916215-scaled.jpg","datePublished":"2024-01-04T12:00:02+00:00","dateModified":"2024-09-12T12:32:52+00:00","breadcrumb":{"@id":"https:\/\/www.accuracy.com\/en_gb\/how-can-we-ensure-that-food-prices-are-sound\/#breadcrumb"},"inLanguage":"fr-CA","potentialAction":[{"@type":"ReadAction","target":["https:\/\/www.accuracy.com\/en_gb\/how-can-we-ensure-that-food-prices-are-sound\/"]}]},{"@type":"ImageObject","inLanguage":"fr-CA","@id":"https:\/\/www.accuracy.com\/en_gb\/how-can-we-ensure-that-food-prices-are-sound\/#primaryimage","url":"https:\/\/www.accuracy.com\/wp-content\/uploads\/2024\/01\/shutterstock_2126916215-scaled.jpg","contentUrl":"https:\/\/www.accuracy.com\/wp-content\/uploads\/2024\/01\/shutterstock_2126916215-scaled.jpg","width":2560,"height":1707},{"@type":"BreadcrumbList","@id":"https:\/\/www.accuracy.com\/en_gb\/how-can-we-ensure-that-food-prices-are-sound\/#breadcrumb","itemListElement":[{"@type":"ListItem","position":1,"name":"Accueil","item":"https:\/\/www.accuracy.com\/"},{"@type":"ListItem","position":2,"name":"How can we ensure that food prices are sound?"}]},{"@type":"WebSite","@id":"https:\/\/www.accuracy.com\/#website","url":"https:\/\/www.accuracy.com\/","name":"Pr\u00e9cision","description":"Conseillers d'entreprise - Consultants financiers","publisher":{"@id":"https:\/\/www.accuracy.com\/#organization"},"potentialAction":[{"@type":"SearchAction","target":{"@type":"EntryPoint","urlTemplate":"https:\/\/www.accuracy.com\/?s={search_term_string}"},"query-input":{"@type":"PropertyValueSpecification","valueRequired":true,"valueName":"search_term_string"}}],"inLanguage":"fr-CA"},{"@type":"Organization","@id":"https:\/\/www.accuracy.com\/#organization","name":"Pr\u00e9cision","url":"https:\/\/www.accuracy.com\/","logo":{"@type":"ImageObject","inLanguage":"fr-CA","@id":"https:\/\/www.accuracy.com\/#\/schema\/logo\/image\/","url":"https:\/\/www.accuracy.com\/wp-content\/uploads\/2023\/08\/unnamed-3.jpg","contentUrl":"https:\/\/www.accuracy.com\/wp-content\/uploads\/2023\/08\/unnamed-3.jpg","width":512,"height":512,"caption":"Accuracy"},"image":{"@id":"https:\/\/www.accuracy.com\/#\/schema\/logo\/image\/"},"sameAs":["https:\/\/www.linkedin.com\/company\/accuracy\/?originalSubdomain=fr","https:\/\/www.instagram.com\/accuracycareers\/"]},{"@type":"Person","@id":"https:\/\/www.accuracy.com\/#\/schema\/person\/72929a53f3d091e37119cd84ead1690c","name":"albane.debraquilanges@accuracy.com","image":{"@type":"ImageObject","inLanguage":"fr-CA","@id":"https:\/\/secure.gravatar.com\/avatar\/6b7766cb63f9bfaa0c09be6554dcec93090ba8c35aef59eb3bbae153da9a7e60?s=96&d=blank&r=g","url":"https:\/\/secure.gravatar.com\/avatar\/6b7766cb63f9bfaa0c09be6554dcec93090ba8c35aef59eb3bbae153da9a7e60?s=96&d=blank&r=g","contentUrl":"https:\/\/secure.gravatar.com\/avatar\/6b7766cb63f9bfaa0c09be6554dcec93090ba8c35aef59eb3bbae153da9a7e60?s=96&d=blank&r=g","caption":"albane.debraquilanges@accuracy.com"}}]}},"_links":{"self":[{"href":"https:\/\/www.accuracy.com\/fr\/wp-json\/wp\/v2\/posts\/44865","targetHints":{"allow":["GET"]}}],"collection":[{"href":"https:\/\/www.accuracy.com\/fr\/wp-json\/wp\/v2\/posts"}],"about":[{"href":"https:\/\/www.accuracy.com\/fr\/wp-json\/wp\/v2\/types\/post"}],"author":[{"embeddable":true,"href":"https:\/\/www.accuracy.com\/fr\/wp-json\/wp\/v2\/users\/58"}],"replies":[{"embeddable":true,"href":"https:\/\/www.accuracy.com\/fr\/wp-json\/wp\/v2\/comments?post=44865"}],"version-history":[{"count":3,"href":"https:\/\/www.accuracy.com\/fr\/wp-json\/wp\/v2\/posts\/44865\/revisions"}],"predecessor-version":[{"id":44871,"href":"https:\/\/www.accuracy.com\/fr\/wp-json\/wp\/v2\/posts\/44865\/revisions\/44871"}],"wp:featuredmedia":[{"embeddable":true,"href":"https:\/\/www.accuracy.com\/fr\/wp-json\/wp\/v2\/media\/47528"}],"wp:attachment":[{"href":"https:\/\/www.accuracy.com\/fr\/wp-json\/wp\/v2\/media?parent=44865"}],"wp:term":[{"taxonomy":"category","embeddable":true,"href":"https:\/\/www.accuracy.com\/fr\/wp-json\/wp\/v2\/categories?post=44865"},{"taxonomy":"post_tag","embeddable":true,"href":"https:\/\/www.accuracy.com\/fr\/wp-json\/wp\/v2\/tags?post=44865"}],"curies":[{"name":"wp","href":"https:\/\/api.w.org\/{rel}","templated":true}]}}