{"id":40253,"date":"2024-01-15T12:04:11","date_gmt":"2024-01-15T11:04:11","guid":{"rendered":"https:\/\/www.accuracy.com\/?p=40253"},"modified":"2024-07-11T14:30:11","modified_gmt":"2024-07-11T12:30:11","slug":"alberto-fernandez-nuevo-socio-de-la-consultora","status":"publish","type":"post","link":"https:\/\/www.accuracy.com\/fr\/alberto-fernandez-nuevo-socio-de-la-consultora\/","title":{"rendered":"Alberto Fern\u00e1ndez, nouvel associ\u00e9 de la consultante"},"content":{"rendered":"<p><a href=\"https:\/\/www.accuracy.com\/fr\/\"><strong>Pr\u00e9cision<\/strong><\/a> refuerza su \u00e1rea de <strong>Arbitrage et \u00e9conomie fiscale<\/strong> avec la nomination d'Alberto Fern\u00e1ndez Revenga en tant que nouvel associ\u00e9. Alberto devient le quintuple associ\u00e9 de la soci\u00e9t\u00e9 de conseil en Espagne, qui a \u00e9galement annonc\u00e9 l'int\u00e9gration de neuf autres associ\u00e9s \u00e0 l'\u00e9chelle mondiale.<\/p>\n<p>Dans le domaine des litiges, Alberto a \u00e9t\u00e9 d\u00e9sign\u00e9 expert \u00e9conomique dans plus de 50 arbitrages d'investissement contre des \u00c9tats souverains (CIADI, CPA), arbitrages commerciaux (ICC, Ad-hoc) et litiges devant les tribunaux espagnols. Son exp\u00e9rience couvre des industries telles que les \u00e9nergies renouvelables, les t\u00e9l\u00e9communications, le commerce de d\u00e9tail, les banques, les infrastructures et la construction dans diverses r\u00e9gions du monde (Europe, Am\u00e9rique et Afrique).<\/p>\n<p>Son exp\u00e9rience remarquable a valid\u00e9 sa r\u00e9cente reconnaissance en tant que Future Leader par la Commission europ\u00e9enne. <strong>Lexology Who's Who Legal (WWL)<\/strong> dans les cat\u00e9gories Arbitrage et assistance financi\u00e8re et \u00c9valuation - quantification des dommages.<\/p>\n<p>Dans le domaine de l'\u00e9conomie fiscale, Alberto a plus de 12 ans d'exp\u00e9rience dans l'assistance aux soci\u00e9t\u00e9s de capital-investissement et aux entreprises internationales pour la d\u00e9finition et la n\u00e9gociation de leurs politiques de prix internes face aux autorit\u00e9s fiscales espagnoles.<\/p>\n<p>Alberto Fern\u00e1ndez est licenci\u00e9 en droit et en direction et administration des entreprises de l'Universit\u00e9 autonome de Madrid et a exerc\u00e9 en tant que professeur de prix de transfert dans le cadre du Master of Laws de l'IE Law School.<\/p>\n<p>Avec ce nouveau nom, Accuracy compte d\u00e9j\u00e0 cinq associ\u00e9s en Espagne apr\u00e8s l'incorporation en mars dernier d'Enrique Reina dans le domaine de la banque, qui comprend Eduard Saura (directeur social), Laura C\u00f3zar (soci\u00e9t\u00e9 des infrastructures et de l'\u00e9nergie) et Ignacio Lliso (soci\u00e9taire de l'assistance strat\u00e9gique-financi\u00e8re et des transactions).<\/p>\n<p>Eduard Saura, socio directeur de <strong>Pr\u00e9cision<\/strong> en Espagne, a comment\u00e9 sur le nombramiento : \"<em>La nomination d'Alberto confirme notre int\u00e9r\u00eat pour le talent interne afin de renforcer la position d'Accuracy en tant que soci\u00e9t\u00e9 de r\u00e9f\u00e9rence dans ce domaine. Sa vaste exp\u00e9rience et sa r\u00e9putation internationale renforcent notre leadership en Espagne et en Am\u00e9rique latine, deux r\u00e9gions cl\u00e9s pour Accuracy\".<\/em>.<\/p>\n<p>Au niveau mondial, la soci\u00e9t\u00e9 a annonc\u00e9 la promotion de neuf autres directeurs en tant que nouveaux associ\u00e9s, ce qui confirme la croissance et le d\u00e9veloppement de l'entreprise, compos\u00e9e de plus de 650 professionnels, dont 72 associ\u00e9s, qui conseillent de mani\u00e8re totalement ind\u00e9pendante dans ses 17 bureaux internationaux.<\/p>\n<p>&nbsp;<\/p>\n<p>&nbsp;<\/p>","protected":false},"excerpt":{"rendered":"<p>Accuracy refuerza su \u00e1rea de Arbitraje y Tax Economics con el nombramiento de Alberto Fern\u00e1ndez Revenga como nuevo socio. Alberto se convierte en el quinto socio de la consultora en Espa\u00f1a, que tambi\u00e9n ha anunciado la incorporaci\u00f3n de otros nueve socios a nivel global. En el \u00e1rea de disputas, Alberto ha sido designado experto econ\u00f3mico [&hellip;]<\/p>\n","protected":false},"author":10,"featured_media":40258,"comment_status":"closed","ping_status":"closed","sticky":false,"template":"","format":"standard","meta":{"_acf_changed":false,"footnotes":""},"categories":[244],"tags":[252],"class_list":["post-40253","post","type-post","status-publish","format-standard","has-post-thumbnail","hentry","category-spain-press-releases","tag-new-partner-appointment"],"acf":[],"yoast_head":"<!-- This site is optimized with the Yoast SEO Premium plugin v27.5 (Yoast SEO v27.5) - https:\/\/yoast.com\/product\/yoast-seo-premium-wordpress\/ -->\n<title>Alberto Fern\u00e1ndez, nuevo socio de la consultora - Accuracy<\/title>\n<meta name=\"description\" content=\"Accuracy refuerza su \u00e1rea de Arbitraje y Tax Economics con el nombramiento de Alberto Fern\u00e1ndez Revenga como nuevo socio. Alberto se convierte en el quinto socio de la consultora en Espa\u00f1a, que tambi\u00e9n ha anunciado la incorporaci\u00f3n de otros nueve socios a nivel global.\" \/>\n<meta name=\"robots\" content=\"index, follow, max-snippet:-1, max-image-preview:large, max-video-preview:-1\" \/>\n<link rel=\"canonical\" href=\"https:\/\/www.accuracy.com\/fr\/alberto-fernandez-nuevo-socio-de-la-consultora\/\" \/>\n<meta property=\"og:locale\" content=\"fr_CA\" \/>\n<meta property=\"og:type\" content=\"article\" \/>\n<meta property=\"og:title\" content=\"Alberto Fern\u00e1ndez, nuevo socio de la consultora\" \/>\n<meta property=\"og:description\" content=\"Accuracy refuerza su \u00e1rea de Arbitraje y Tax Economics con el nombramiento de Alberto Fern\u00e1ndez Revenga como nuevo socio. Alberto se convierte en el quinto socio de la consultora en Espa\u00f1a, que tambi\u00e9n ha anunciado la incorporaci\u00f3n de otros nueve socios a nivel global.\" \/>\n<meta property=\"og:url\" content=\"https:\/\/www.accuracy.com\/fr\/alberto-fernandez-nuevo-socio-de-la-consultora\/\" \/>\n<meta property=\"og:site_name\" content=\"Accuracy\" \/>\n<meta property=\"article:published_time\" content=\"2024-01-15T11:04:11+00:00\" \/>\n<meta property=\"article:modified_time\" content=\"2024-07-11T12:30:11+00:00\" \/>\n<meta property=\"og:image\" content=\"https:\/\/www.accuracy.com\/wp-content\/uploads\/2024\/01\/AF-Alta-recorte.jpg\" \/>\n\t<meta property=\"og:image:width\" content=\"2341\" \/>\n\t<meta property=\"og:image:height\" content=\"2392\" \/>\n\t<meta property=\"og:image:type\" content=\"image\/jpeg\" \/>\n<meta name=\"author\" content=\"Laura Portugal\" \/>\n<meta name=\"twitter:card\" content=\"summary_large_image\" \/>\n<meta name=\"twitter:label1\" content=\"\u00c9crit par\" \/>\n\t<meta name=\"twitter:data1\" content=\"Laura Portugal\" \/>\n\t<meta name=\"twitter:label2\" content=\"Estimation du temps de lecture\" \/>\n\t<meta name=\"twitter:data2\" content=\"2 minutes\" \/>\n<script type=\"application\/ld+json\" class=\"yoast-schema-graph\">{\"@context\":\"https:\\\/\\\/schema.org\",\"@graph\":[{\"@type\":\"Article\",\"@id\":\"https:\\\/\\\/www.accuracy.com\\\/en_gb\\\/alberto-fernandez-nuevo-socio-de-la-consultora\\\/#article\",\"isPartOf\":{\"@id\":\"https:\\\/\\\/www.accuracy.com\\\/en_gb\\\/alberto-fernandez-nuevo-socio-de-la-consultora\\\/\"},\"author\":{\"name\":\"Laura Portugal\",\"@id\":\"https:\\\/\\\/www.accuracy.com\\\/#\\\/schema\\\/person\\\/46baff672ca2165ec1e67656cb0b87ff\"},\"headline\":\"Alberto Fern\u00e1ndez, nuevo socio de la consultora\",\"datePublished\":\"2024-01-15T11:04:11+00:00\",\"dateModified\":\"2024-07-11T12:30:11+00:00\",\"mainEntityOfPage\":{\"@id\":\"https:\\\/\\\/www.accuracy.com\\\/en_gb\\\/alberto-fernandez-nuevo-socio-de-la-consultora\\\/\"},\"wordCount\":405,\"publisher\":{\"@id\":\"https:\\\/\\\/www.accuracy.com\\\/#organization\"},\"image\":{\"@id\":\"https:\\\/\\\/www.accuracy.com\\\/en_gb\\\/alberto-fernandez-nuevo-socio-de-la-consultora\\\/#primaryimage\"},\"thumbnailUrl\":\"https:\\\/\\\/www.accuracy.com\\\/wp-content\\\/uploads\\\/2024\\\/01\\\/AF-Alta-recorte.jpg\",\"keywords\":[\"New partner appointment\"],\"articleSection\":[\"Spain\"],\"inLanguage\":\"fr-CA\"},{\"@type\":\"WebPage\",\"@id\":\"https:\\\/\\\/www.accuracy.com\\\/en_gb\\\/alberto-fernandez-nuevo-socio-de-la-consultora\\\/\",\"url\":\"https:\\\/\\\/www.accuracy.com\\\/en_gb\\\/alberto-fernandez-nuevo-socio-de-la-consultora\\\/\",\"name\":\"Alberto Fern\u00e1ndez, nuevo socio de la consultora - Accuracy\",\"isPartOf\":{\"@id\":\"https:\\\/\\\/www.accuracy.com\\\/#website\"},\"primaryImageOfPage\":{\"@id\":\"https:\\\/\\\/www.accuracy.com\\\/en_gb\\\/alberto-fernandez-nuevo-socio-de-la-consultora\\\/#primaryimage\"},\"image\":{\"@id\":\"https:\\\/\\\/www.accuracy.com\\\/en_gb\\\/alberto-fernandez-nuevo-socio-de-la-consultora\\\/#primaryimage\"},\"thumbnailUrl\":\"https:\\\/\\\/www.accuracy.com\\\/wp-content\\\/uploads\\\/2024\\\/01\\\/AF-Alta-recorte.jpg\",\"datePublished\":\"2024-01-15T11:04:11+00:00\",\"dateModified\":\"2024-07-11T12:30:11+00:00\",\"description\":\"Accuracy refuerza su \u00e1rea de Arbitraje y Tax Economics con el nombramiento de Alberto Fern\u00e1ndez Revenga como nuevo socio. Alberto se convierte en el quinto socio de la consultora en Espa\u00f1a, que tambi\u00e9n ha anunciado la incorporaci\u00f3n de otros nueve socios a nivel global.\",\"breadcrumb\":{\"@id\":\"https:\\\/\\\/www.accuracy.com\\\/en_gb\\\/alberto-fernandez-nuevo-socio-de-la-consultora\\\/#breadcrumb\"},\"inLanguage\":\"fr-CA\",\"potentialAction\":[{\"@type\":\"ReadAction\",\"target\":[\"https:\\\/\\\/www.accuracy.com\\\/en_gb\\\/alberto-fernandez-nuevo-socio-de-la-consultora\\\/\"]}]},{\"@type\":\"ImageObject\",\"inLanguage\":\"fr-CA\",\"@id\":\"https:\\\/\\\/www.accuracy.com\\\/en_gb\\\/alberto-fernandez-nuevo-socio-de-la-consultora\\\/#primaryimage\",\"url\":\"https:\\\/\\\/www.accuracy.com\\\/wp-content\\\/uploads\\\/2024\\\/01\\\/AF-Alta-recorte.jpg\",\"contentUrl\":\"https:\\\/\\\/www.accuracy.com\\\/wp-content\\\/uploads\\\/2024\\\/01\\\/AF-Alta-recorte.jpg\",\"width\":2341,\"height\":2392},{\"@type\":\"BreadcrumbList\",\"@id\":\"https:\\\/\\\/www.accuracy.com\\\/en_gb\\\/alberto-fernandez-nuevo-socio-de-la-consultora\\\/#breadcrumb\",\"itemListElement\":[{\"@type\":\"ListItem\",\"position\":1,\"name\":\"Accueil\",\"item\":\"https:\\\/\\\/www.accuracy.com\\\/\"},{\"@type\":\"ListItem\",\"position\":2,\"name\":\"Alberto Fern\u00e1ndez, nuevo socio de la consultora\"}]},{\"@type\":\"WebSite\",\"@id\":\"https:\\\/\\\/www.accuracy.com\\\/#website\",\"url\":\"https:\\\/\\\/www.accuracy.com\\\/\",\"name\":\"Accuracy\",\"description\":\"Business Advisers - Financial Consultants\",\"publisher\":{\"@id\":\"https:\\\/\\\/www.accuracy.com\\\/#organization\"},\"potentialAction\":[{\"@type\":\"SearchAction\",\"target\":{\"@type\":\"EntryPoint\",\"urlTemplate\":\"https:\\\/\\\/www.accuracy.com\\\/?s={search_term_string}\"},\"query-input\":{\"@type\":\"PropertyValueSpecification\",\"valueRequired\":true,\"valueName\":\"search_term_string\"}}],\"inLanguage\":\"fr-CA\"},{\"@type\":\"Organization\",\"@id\":\"https:\\\/\\\/www.accuracy.com\\\/#organization\",\"name\":\"Accuracy\",\"url\":\"https:\\\/\\\/www.accuracy.com\\\/\",\"logo\":{\"@type\":\"ImageObject\",\"inLanguage\":\"fr-CA\",\"@id\":\"https:\\\/\\\/www.accuracy.com\\\/#\\\/schema\\\/logo\\\/image\\\/\",\"url\":\"https:\\\/\\\/www.accuracy.com\\\/wp-content\\\/uploads\\\/2023\\\/08\\\/unnamed-3.jpg\",\"contentUrl\":\"https:\\\/\\\/www.accuracy.com\\\/wp-content\\\/uploads\\\/2023\\\/08\\\/unnamed-3.jpg\",\"width\":512,\"height\":512,\"caption\":\"Accuracy\"},\"image\":{\"@id\":\"https:\\\/\\\/www.accuracy.com\\\/#\\\/schema\\\/logo\\\/image\\\/\"},\"sameAs\":[\"https:\\\/\\\/www.linkedin.com\\\/company\\\/accuracy\\\/?originalSubdomain=fr\",\"https:\\\/\\\/www.instagram.com\\\/accuracycareers\\\/\"]},{\"@type\":\"Person\",\"@id\":\"https:\\\/\\\/www.accuracy.com\\\/#\\\/schema\\\/person\\\/46baff672ca2165ec1e67656cb0b87ff\",\"name\":\"Laura Portugal\",\"image\":{\"@type\":\"ImageObject\",\"inLanguage\":\"fr-CA\",\"@id\":\"https:\\\/\\\/secure.gravatar.com\\\/avatar\\\/fc5c641248b7461e51b2400e852c633fd13eb86f4dbc3dca9d178c8505af041d?s=96&d=blank&r=g\",\"url\":\"https:\\\/\\\/secure.gravatar.com\\\/avatar\\\/fc5c641248b7461e51b2400e852c633fd13eb86f4dbc3dca9d178c8505af041d?s=96&d=blank&r=g\",\"contentUrl\":\"https:\\\/\\\/secure.gravatar.com\\\/avatar\\\/fc5c641248b7461e51b2400e852c633fd13eb86f4dbc3dca9d178c8505af041d?s=96&d=blank&r=g\",\"caption\":\"Laura Portugal\"}}]}<\/script>\n<!-- \/ Yoast SEO Premium plugin. -->","yoast_head_json":{"title":"Alberto Fern\u00e1ndez, nouveau soci\u00e9taire de la consultora - Accuracy","description":"Accuracy renforce son domaine de l'arbitrage et de l'\u00e9conomie fiscale en nommant Alberto Fern\u00e1ndez Revenga comme nouveau soci\u00e9taire. Alberto devient le quintuple associ\u00e9 de la soci\u00e9t\u00e9 de conseil en Espagne, qui a \u00e9galement annonc\u00e9 l'incorporation de neuf autres associ\u00e9s au niveau mondial.","robots":{"index":"index","follow":"follow","max-snippet":"max-snippet:-1","max-image-preview":"max-image-preview:large","max-video-preview":"max-video-preview:-1"},"canonical":"https:\/\/www.accuracy.com\/fr\/alberto-fernandez-nuevo-socio-de-la-consultora\/","og_locale":"fr_CA","og_type":"article","og_title":"Alberto Fern\u00e1ndez, nuevo socio de la consultora","og_description":"Accuracy refuerza su \u00e1rea de Arbitraje y Tax Economics con el nombramiento de Alberto Fern\u00e1ndez Revenga como nuevo socio. Alberto se convierte en el quinto socio de la consultora en Espa\u00f1a, que tambi\u00e9n ha anunciado la incorporaci\u00f3n de otros nueve socios a nivel global.","og_url":"https:\/\/www.accuracy.com\/fr\/alberto-fernandez-nuevo-socio-de-la-consultora\/","og_site_name":"Accuracy","article_published_time":"2024-01-15T11:04:11+00:00","article_modified_time":"2024-07-11T12:30:11+00:00","og_image":[{"width":2341,"height":2392,"url":"https:\/\/www.accuracy.com\/wp-content\/uploads\/2024\/01\/AF-Alta-recorte.jpg","type":"image\/jpeg"}],"author":"Laura Portugal","twitter_card":"summary_large_image","twitter_misc":{"\u00c9crit par":"Laura Portugal","Estimation du temps de lecture":"2 minutes"},"schema":{"@context":"https:\/\/schema.org","@graph":[{"@type":"Article","@id":"https:\/\/www.accuracy.com\/en_gb\/alberto-fernandez-nuevo-socio-de-la-consultora\/#article","isPartOf":{"@id":"https:\/\/www.accuracy.com\/en_gb\/alberto-fernandez-nuevo-socio-de-la-consultora\/"},"author":{"name":"Laura Portugal","@id":"https:\/\/www.accuracy.com\/#\/schema\/person\/46baff672ca2165ec1e67656cb0b87ff"},"headline":"Alberto Fern\u00e1ndez, nuevo socio de la consultora","datePublished":"2024-01-15T11:04:11+00:00","dateModified":"2024-07-11T12:30:11+00:00","mainEntityOfPage":{"@id":"https:\/\/www.accuracy.com\/en_gb\/alberto-fernandez-nuevo-socio-de-la-consultora\/"},"wordCount":405,"publisher":{"@id":"https:\/\/www.accuracy.com\/#organization"},"image":{"@id":"https:\/\/www.accuracy.com\/en_gb\/alberto-fernandez-nuevo-socio-de-la-consultora\/#primaryimage"},"thumbnailUrl":"https:\/\/www.accuracy.com\/wp-content\/uploads\/2024\/01\/AF-Alta-recorte.jpg","keywords":["New partner appointment"],"articleSection":["Spain"],"inLanguage":"fr-CA"},{"@type":"WebPage","@id":"https:\/\/www.accuracy.com\/en_gb\/alberto-fernandez-nuevo-socio-de-la-consultora\/","url":"https:\/\/www.accuracy.com\/en_gb\/alberto-fernandez-nuevo-socio-de-la-consultora\/","name":"Alberto Fern\u00e1ndez, nouveau soci\u00e9taire de la consultora - Accuracy","isPartOf":{"@id":"https:\/\/www.accuracy.com\/#website"},"primaryImageOfPage":{"@id":"https:\/\/www.accuracy.com\/en_gb\/alberto-fernandez-nuevo-socio-de-la-consultora\/#primaryimage"},"image":{"@id":"https:\/\/www.accuracy.com\/en_gb\/alberto-fernandez-nuevo-socio-de-la-consultora\/#primaryimage"},"thumbnailUrl":"https:\/\/www.accuracy.com\/wp-content\/uploads\/2024\/01\/AF-Alta-recorte.jpg","datePublished":"2024-01-15T11:04:11+00:00","dateModified":"2024-07-11T12:30:11+00:00","description":"Accuracy renforce son domaine de l'arbitrage et de l'\u00e9conomie fiscale en nommant Alberto Fern\u00e1ndez Revenga comme nouveau soci\u00e9taire. Alberto devient le quintuple associ\u00e9 de la soci\u00e9t\u00e9 de conseil en Espagne, qui a \u00e9galement annonc\u00e9 l'incorporation de neuf autres associ\u00e9s au niveau mondial.","breadcrumb":{"@id":"https:\/\/www.accuracy.com\/en_gb\/alberto-fernandez-nuevo-socio-de-la-consultora\/#breadcrumb"},"inLanguage":"fr-CA","potentialAction":[{"@type":"ReadAction","target":["https:\/\/www.accuracy.com\/en_gb\/alberto-fernandez-nuevo-socio-de-la-consultora\/"]}]},{"@type":"ImageObject","inLanguage":"fr-CA","@id":"https:\/\/www.accuracy.com\/en_gb\/alberto-fernandez-nuevo-socio-de-la-consultora\/#primaryimage","url":"https:\/\/www.accuracy.com\/wp-content\/uploads\/2024\/01\/AF-Alta-recorte.jpg","contentUrl":"https:\/\/www.accuracy.com\/wp-content\/uploads\/2024\/01\/AF-Alta-recorte.jpg","width":2341,"height":2392},{"@type":"BreadcrumbList","@id":"https:\/\/www.accuracy.com\/en_gb\/alberto-fernandez-nuevo-socio-de-la-consultora\/#breadcrumb","itemListElement":[{"@type":"ListItem","position":1,"name":"Accueil","item":"https:\/\/www.accuracy.com\/"},{"@type":"ListItem","position":2,"name":"Alberto Fern\u00e1ndez, nuevo socio de la consultora"}]},{"@type":"WebSite","@id":"https:\/\/www.accuracy.com\/#website","url":"https:\/\/www.accuracy.com\/","name":"Pr\u00e9cision","description":"Conseillers d'entreprise - Consultants financiers","publisher":{"@id":"https:\/\/www.accuracy.com\/#organization"},"potentialAction":[{"@type":"SearchAction","target":{"@type":"EntryPoint","urlTemplate":"https:\/\/www.accuracy.com\/?s={search_term_string}"},"query-input":{"@type":"PropertyValueSpecification","valueRequired":true,"valueName":"search_term_string"}}],"inLanguage":"fr-CA"},{"@type":"Organization","@id":"https:\/\/www.accuracy.com\/#organization","name":"Pr\u00e9cision","url":"https:\/\/www.accuracy.com\/","logo":{"@type":"ImageObject","inLanguage":"fr-CA","@id":"https:\/\/www.accuracy.com\/#\/schema\/logo\/image\/","url":"https:\/\/www.accuracy.com\/wp-content\/uploads\/2023\/08\/unnamed-3.jpg","contentUrl":"https:\/\/www.accuracy.com\/wp-content\/uploads\/2023\/08\/unnamed-3.jpg","width":512,"height":512,"caption":"Accuracy"},"image":{"@id":"https:\/\/www.accuracy.com\/#\/schema\/logo\/image\/"},"sameAs":["https:\/\/www.linkedin.com\/company\/accuracy\/?originalSubdomain=fr","https:\/\/www.instagram.com\/accuracycareers\/"]},{"@type":"Person","@id":"https:\/\/www.accuracy.com\/#\/schema\/person\/46baff672ca2165ec1e67656cb0b87ff","name":"Laura Portugal","image":{"@type":"ImageObject","inLanguage":"fr-CA","@id":"https:\/\/secure.gravatar.com\/avatar\/fc5c641248b7461e51b2400e852c633fd13eb86f4dbc3dca9d178c8505af041d?s=96&d=blank&r=g","url":"https:\/\/secure.gravatar.com\/avatar\/fc5c641248b7461e51b2400e852c633fd13eb86f4dbc3dca9d178c8505af041d?s=96&d=blank&r=g","contentUrl":"https:\/\/secure.gravatar.com\/avatar\/fc5c641248b7461e51b2400e852c633fd13eb86f4dbc3dca9d178c8505af041d?s=96&d=blank&r=g","caption":"Laura Portugal"}}]}},"_links":{"self":[{"href":"https:\/\/www.accuracy.com\/fr\/wp-json\/wp\/v2\/posts\/40253","targetHints":{"allow":["GET"]}}],"collection":[{"href":"https:\/\/www.accuracy.com\/fr\/wp-json\/wp\/v2\/posts"}],"about":[{"href":"https:\/\/www.accuracy.com\/fr\/wp-json\/wp\/v2\/types\/post"}],"author":[{"embeddable":true,"href":"https:\/\/www.accuracy.com\/fr\/wp-json\/wp\/v2\/users\/10"}],"replies":[{"embeddable":true,"href":"https:\/\/www.accuracy.com\/fr\/wp-json\/wp\/v2\/comments?post=40253"}],"version-history":[{"count":10,"href":"https:\/\/www.accuracy.com\/fr\/wp-json\/wp\/v2\/posts\/40253\/revisions"}],"predecessor-version":[{"id":44458,"href":"https:\/\/www.accuracy.com\/fr\/wp-json\/wp\/v2\/posts\/40253\/revisions\/44458"}],"wp:featuredmedia":[{"embeddable":true,"href":"https:\/\/www.accuracy.com\/fr\/wp-json\/wp\/v2\/media\/40258"}],"wp:attachment":[{"href":"https:\/\/www.accuracy.com\/fr\/wp-json\/wp\/v2\/media?parent=40253"}],"wp:term":[{"taxonomy":"category","embeddable":true,"href":"https:\/\/www.accuracy.com\/fr\/wp-json\/wp\/v2\/categories?post=40253"},{"taxonomy":"post_tag","embeddable":true,"href":"https:\/\/www.accuracy.com\/fr\/wp-json\/wp\/v2\/tags?post=40253"}],"curies":[{"name":"wp","href":"https:\/\/api.w.org\/{rel}","templated":true}]}}