{"id":39288,"date":"2023-11-29T09:00:39","date_gmt":"2023-11-29T08:00:39","guid":{"rendered":"https:\/\/www.accuracy.com\/?p=39288"},"modified":"2025-02-20T14:34:51","modified_gmt":"2025-02-20T13:34:51","slug":"a-quoi-sattendre-lors-de-la-cop28","status":"publish","type":"post","link":"https:\/\/www.accuracy.com\/fr\/what-to-expect-at-cop28\/","title":{"rendered":"Ce qui vous attend \u00e0 la COP28"},"content":{"rendered":"<p><span style=\"font-weight: 400;\">La COP28 se tiendra \u00e0 Duba\u00ef du 30 novembre au 12 d\u00e9cembre 2023. Cet \u00e9v\u00e9nement est tr\u00e8s attendu.<\/span><\/p>\n<p><span style=\"font-weight: 400;\">Il commencera par un examen des progr\u00e8s r\u00e9alis\u00e9s depuis la signature de l'Accord de Paris qui, lors de la COP21 il y a huit ans, a fix\u00e9 l'objectif de limiter le r\u00e9chauffement climatique \u00e0 un maximum de +1,5\u00b0C. Mais cet examen, connu sous le nom de \"Global Stocktake\", ne s'annonce pas positif : nos engagements actuels nous placent sur une trajectoire qui nous permettra d'atteindre au mieux un r\u00e9chauffement de +2,7\u00b0C. La pression pour trouver des accords et r\u00e9aliser des progr\u00e8s significatifs est donc forte. On parle de la \"COP de l'action\", et on comprend pourquoi : il n'est plus possible d'agir si nous voulons \u00e9viter l'enfer climatique.<\/span><\/p>\n<p><span style=\"font-weight: 400;\">Tout cela se d\u00e9roule dans le contexte de ce que certains consid\u00e8rent comme l'\u00e9chec des COP pr\u00e9c\u00e9dentes. En effet, la COP27 s'est content\u00e9e d'enregistrer le statu quo sur de nombreuses questions importantes. Par exemple, lors de l'examen des dommages li\u00e9s au changement climatique, aucun accord n'a \u00e9t\u00e9 trouv\u00e9 sur le principe de la solidarit\u00e9 mondiale. Pourtant, ce point aurait d\u00fb \u00eatre largement soutenu par les pays d\u00e9velopp\u00e9s.<\/span><\/p>\n<p><span style=\"font-weight: 400;\">Une autre complication r\u00e9side dans le contexte g\u00e9opolitique actuel, qui peut ajouter \u00e0 l'incertitude entourant les n\u00e9gociations.<\/span><\/p>\n<h3><strong>Quels sont les enjeux ?<\/strong><\/h3>\n<p><span style=\"font-weight: 400;\">Trois grands th\u00e8mes se d\u00e9gagent.<\/span><\/p>\n<p><span style=\"font-weight: 400;\">Tout d'abord, la question de l'\u00e9limination progressive des combustibles fossiles sera soulev\u00e9e de mani\u00e8re explicite, avec une ligne de d\u00e9marcation entre les pays producteurs et les pays consommateurs. Il est int\u00e9ressant de noter que Sultan Al Jaber, le pr\u00e9sident de la COP28, est \u00e9galement le PDG d'une compagnie p\u00e9troli\u00e8re, ce qui a suscit\u00e9 la controverse.<\/span><\/p>\n<p><span style=\"font-weight: 400;\">L'\u00e9limination progressive des combustibles fossiles peut \u00eatre divis\u00e9e en deux cat\u00e9gories : les partisans d'une \u00e9limination compl\u00e8te et les partisans d'une r\u00e9duction progressive en cessant de consommer uniquement les combustibles fossiles \"non dilu\u00e9s\", c'est-\u00e0-dire ceux qui ne sont pas soutenus par des technologies de r\u00e9duction telles que les syst\u00e8mes de pi\u00e9geage et de stockage du CO2. Mais ces technologies restent immatures et co\u00fbteuses, ce qui rend l'id\u00e9e de combustibles fossiles neutres en carbone irr\u00e9aliste \u00e0 court terme. Les enjeux li\u00e9s \u00e0 ce court adjectif - \"sans rel\u00e2che\" - sont \u00e9normes.<\/span><\/p>\n<p><span style=\"font-weight: 400;\">Deuxi\u00e8mement, l'acc\u00e9l\u00e9ration de la transition. Pour \u00eatre en mesure de limiter le r\u00e9chauffement climatique \u00e0 +1,5\u00b0C, il faudrait tripler la capacit\u00e9 de production d'\u00e9lectricit\u00e9 renouvelable et doubler l'efficacit\u00e9 \u00e9nerg\u00e9tique d'ici \u00e0 2030. Cela repr\u00e9sente un \u00e9norme d\u00e9fi, non seulement pour le secteur de l'\u00e9nergie, mais aussi pour toutes les industries.<\/span><\/p>\n<p><span style=\"font-weight: 400;\">Enfin, la transition doit \u00eatre juste pour les populations les plus vuln\u00e9rables et les pays en d\u00e9veloppement. En effet, la justice climatique et l'\u00e9quilibre entre le Nord et le Sud seront des th\u00e8mes centraux de la COP28.<\/span><\/p>\n<h3><strong>Quels sont les acteurs cl\u00e9s pour acc\u00e9l\u00e9rer cette transition ?<\/strong><\/h3>\n<p><span style=\"font-weight: 400;\">Rien ne sera possible sans la mobilisation et l'engagement des acteurs et des capitaux priv\u00e9s, en plus du soutien des gouvernements. Si le secteur priv\u00e9 \u00e9tait bien pr\u00e9sent lors des pr\u00e9c\u00e9dentes COP, la COP28 a mis l'accent sur lui, consid\u00e9rant que le monde de l'entreprise a un r\u00f4le central \u00e0 jouer dans le changement climatique.<\/span><\/p>\n<p><span style=\"font-weight: 400;\">Les entreprises des secteurs critiques pour la transition \u00e9nerg\u00e9tique, ainsi que celles pour lesquelles la d\u00e9carbonisation est cruciale, seront au c\u0153ur du d\u00e9bat. Leurs engagements \u00e0 acc\u00e9l\u00e9rer leurs ambitions font l'objet de nombreuses sp\u00e9culations et anticipations. Ce sera par exemple le cas du secteur de la construction, pour lequel Accuracy a r\u00e9dig\u00e9 une prise de position, <\/span><i><span style=\"font-weight: 400;\">Construire demain<\/span><\/i><span style=\"font-weight: 400;\">La Commission europ\u00e9enne a publi\u00e9 un rapport sur l'\u00e9tat de l'environnement, assorti de 10 recommandations pour atteindre l'objectif du \"z\u00e9ro net\".<\/span><\/p>\n<p><span style=\"font-weight: 400;\">Parall\u00e8lement, jamais une COP n'a vu autant d'acteurs de la finance impliqu\u00e9s. Une journ\u00e9e enti\u00e8re est consacr\u00e9e \u00e0 la finance durable et au financement de la transition. Et pour cause : dans son <\/span><i><span style=\"font-weight: 400;\">Rapport sur le d\u00e9ficit d'adaptation <\/span><\/i><span style=\"font-weight: 400;\">publi\u00e9 le 2 novembre, le Programme des Nations unies pour l'environnement a soulign\u00e9 que les sommes n\u00e9cessaires pour s'adapter au changement climatique sont \"10 \u00e0 18 fois sup\u00e9rieures aux flux financiers actuels\", tandis que le GIEC, dans son dernier rapport, souligne qu'il manque 1 000 milliards de dollars par an jusqu'en 2050 pour financer la transition.<\/span><\/p>\n<p><span style=\"font-weight: 400;\">Enfin, les institutions publiques et les gouvernements sont, bien entendu, essentiels. Des r\u00e9glementations plus strictes pour les entreprises et les institutions financi\u00e8res peuvent-elles acc\u00e9l\u00e9rer la r\u00e9orientation des flux financiers ? Le r\u00f4le de catalyseur des nouveaux cadres r\u00e9glementaires europ\u00e9ens, comme le CSRD, ainsi que des normes internationales, comme les IFRS S1 et S2, sera certainement discut\u00e9.<\/span><\/p>\n<p><span style=\"font-weight: 400;\">Et bien s\u00fbr, rien ne sera possible sans la mobilisation et l'engagement des ONG et de la soci\u00e9t\u00e9 civile.<\/span><\/p>\n<p><span style=\"font-weight: 400;\">En conclusion, les questions et les attentes sont nombreuses. Accuracy sera pr\u00e9sent \u00e0 la COP28 \u00e0 Duba\u00ef pour participer aux d\u00e9bats et partager les r\u00e9sultats essentiels.<\/span><\/p>\n<p>&nbsp;<\/p>\n<hr \/>\n<p><strong>Sophie Chassat - Senior VP Sustainability - Accuracy<\/strong><\/p>","protected":false},"excerpt":{"rendered":"<p>COP28 will be held in Dubai from 30 November to 12 December 2023. There is a great deal of anticipation surrounding the event. It will start with a review of the progress made since the signing of the Paris Agreement, which, during COP21 eight years ago, set the objective to limit global warming to a [&hellip;]<\/p>\n","protected":false},"author":58,"featured_media":39299,"comment_status":"closed","ping_status":"closed","sticky":false,"template":"","format":"standard","meta":{"_acf_changed":false,"footnotes":""},"categories":[212,122,274],"tags":[],"class_list":["post-39288","post","type-post","status-publish","format-standard","has-post-thumbnail","hentry","category-analysis","category-perspectives","category-sustainability"],"acf":[],"yoast_head":"<!-- This site is optimized with the Yoast SEO Premium plugin v27.5 (Yoast SEO v27.5) - https:\/\/yoast.com\/product\/yoast-seo-premium-wordpress\/ -->\n<title>What to expect at COP28 - Accuracy<\/title>\n<meta name=\"robots\" content=\"index, follow, max-snippet:-1, max-image-preview:large, max-video-preview:-1\" \/>\n<link rel=\"canonical\" href=\"https:\/\/www.accuracy.com\/fr\/a-quoi-sattendre-lors-de-la-cop28\/\" \/>\n<meta property=\"og:locale\" content=\"fr_CA\" \/>\n<meta property=\"og:type\" content=\"article\" \/>\n<meta property=\"og:title\" content=\"What to expect at COP28\" \/>\n<meta property=\"og:description\" content=\"COP28 will be held in Dubai from 30 November to 12 December 2023. There is a great deal of anticipation surrounding the event. It will start with a review of the progress made since the signing of the Paris Agreement, which, during COP21 eight years ago, set the objective to limit global warming to a [&hellip;]\" \/>\n<meta property=\"og:url\" content=\"https:\/\/www.accuracy.com\/fr\/a-quoi-sattendre-lors-de-la-cop28\/\" \/>\n<meta property=\"og:site_name\" content=\"Accuracy\" \/>\n<meta property=\"article:published_time\" content=\"2023-11-29T08:00:39+00:00\" \/>\n<meta property=\"article:modified_time\" content=\"2025-02-20T13:34:51+00:00\" \/>\n<meta property=\"og:image\" content=\"https:\/\/www.accuracy.com\/wp-content\/uploads\/2023\/11\/COP28.jpg\" \/>\n\t<meta property=\"og:image:width\" content=\"2147\" \/>\n\t<meta property=\"og:image:height\" content=\"721\" \/>\n\t<meta property=\"og:image:type\" content=\"image\/jpeg\" \/>\n<meta name=\"author\" content=\"albane.debraquilanges@accuracy.com\" \/>\n<meta name=\"twitter:card\" content=\"summary_large_image\" \/>\n<meta name=\"twitter:label1\" content=\"\u00c9crit par\" \/>\n\t<meta name=\"twitter:data1\" content=\"albane.debraquilanges@accuracy.com\" \/>\n\t<meta name=\"twitter:label2\" content=\"Estimation du temps de lecture\" \/>\n\t<meta name=\"twitter:data2\" content=\"4 minutes\" \/>\n<script type=\"application\/ld+json\" class=\"yoast-schema-graph\">{\"@context\":\"https:\\\/\\\/schema.org\",\"@graph\":[{\"@type\":\"Article\",\"@id\":\"https:\\\/\\\/www.accuracy.com\\\/en_gb\\\/what-to-expect-at-cop28\\\/#article\",\"isPartOf\":{\"@id\":\"https:\\\/\\\/www.accuracy.com\\\/en_gb\\\/what-to-expect-at-cop28\\\/\"},\"author\":{\"name\":\"albane.debraquilanges@accuracy.com\",\"@id\":\"https:\\\/\\\/www.accuracy.com\\\/#\\\/schema\\\/person\\\/72929a53f3d091e37119cd84ead1690c\"},\"headline\":\"What to expect at COP28\",\"datePublished\":\"2023-11-29T08:00:39+00:00\",\"dateModified\":\"2025-02-20T13:34:51+00:00\",\"mainEntityOfPage\":{\"@id\":\"https:\\\/\\\/www.accuracy.com\\\/en_gb\\\/what-to-expect-at-cop28\\\/\"},\"wordCount\":734,\"publisher\":{\"@id\":\"https:\\\/\\\/www.accuracy.com\\\/#organization\"},\"image\":{\"@id\":\"https:\\\/\\\/www.accuracy.com\\\/en_gb\\\/what-to-expect-at-cop28\\\/#primaryimage\"},\"thumbnailUrl\":\"https:\\\/\\\/www.accuracy.com\\\/wp-content\\\/uploads\\\/2023\\\/11\\\/COP28.jpg\",\"articleSection\":[\"Analysis\",\"Perspectives\",\"Sustainability\"],\"inLanguage\":\"fr-CA\"},{\"@type\":\"WebPage\",\"@id\":\"https:\\\/\\\/www.accuracy.com\\\/en_gb\\\/what-to-expect-at-cop28\\\/\",\"url\":\"https:\\\/\\\/www.accuracy.com\\\/en_gb\\\/what-to-expect-at-cop28\\\/\",\"name\":\"What to expect at COP28 - Accuracy\",\"isPartOf\":{\"@id\":\"https:\\\/\\\/www.accuracy.com\\\/#website\"},\"primaryImageOfPage\":{\"@id\":\"https:\\\/\\\/www.accuracy.com\\\/en_gb\\\/what-to-expect-at-cop28\\\/#primaryimage\"},\"image\":{\"@id\":\"https:\\\/\\\/www.accuracy.com\\\/en_gb\\\/what-to-expect-at-cop28\\\/#primaryimage\"},\"thumbnailUrl\":\"https:\\\/\\\/www.accuracy.com\\\/wp-content\\\/uploads\\\/2023\\\/11\\\/COP28.jpg\",\"datePublished\":\"2023-11-29T08:00:39+00:00\",\"dateModified\":\"2025-02-20T13:34:51+00:00\",\"breadcrumb\":{\"@id\":\"https:\\\/\\\/www.accuracy.com\\\/en_gb\\\/what-to-expect-at-cop28\\\/#breadcrumb\"},\"inLanguage\":\"fr-CA\",\"potentialAction\":[{\"@type\":\"ReadAction\",\"target\":[\"https:\\\/\\\/www.accuracy.com\\\/en_gb\\\/what-to-expect-at-cop28\\\/\"]}]},{\"@type\":\"ImageObject\",\"inLanguage\":\"fr-CA\",\"@id\":\"https:\\\/\\\/www.accuracy.com\\\/en_gb\\\/what-to-expect-at-cop28\\\/#primaryimage\",\"url\":\"https:\\\/\\\/www.accuracy.com\\\/wp-content\\\/uploads\\\/2023\\\/11\\\/COP28.jpg\",\"contentUrl\":\"https:\\\/\\\/www.accuracy.com\\\/wp-content\\\/uploads\\\/2023\\\/11\\\/COP28.jpg\",\"width\":2147,\"height\":721},{\"@type\":\"BreadcrumbList\",\"@id\":\"https:\\\/\\\/www.accuracy.com\\\/en_gb\\\/what-to-expect-at-cop28\\\/#breadcrumb\",\"itemListElement\":[{\"@type\":\"ListItem\",\"position\":1,\"name\":\"Accueil\",\"item\":\"https:\\\/\\\/www.accuracy.com\\\/\"},{\"@type\":\"ListItem\",\"position\":2,\"name\":\"What to expect at COP28\"}]},{\"@type\":\"WebSite\",\"@id\":\"https:\\\/\\\/www.accuracy.com\\\/#website\",\"url\":\"https:\\\/\\\/www.accuracy.com\\\/\",\"name\":\"Accuracy\",\"description\":\"Business Advisers - Financial Consultants\",\"publisher\":{\"@id\":\"https:\\\/\\\/www.accuracy.com\\\/#organization\"},\"potentialAction\":[{\"@type\":\"SearchAction\",\"target\":{\"@type\":\"EntryPoint\",\"urlTemplate\":\"https:\\\/\\\/www.accuracy.com\\\/?s={search_term_string}\"},\"query-input\":{\"@type\":\"PropertyValueSpecification\",\"valueRequired\":true,\"valueName\":\"search_term_string\"}}],\"inLanguage\":\"fr-CA\"},{\"@type\":\"Organization\",\"@id\":\"https:\\\/\\\/www.accuracy.com\\\/#organization\",\"name\":\"Accuracy\",\"url\":\"https:\\\/\\\/www.accuracy.com\\\/\",\"logo\":{\"@type\":\"ImageObject\",\"inLanguage\":\"fr-CA\",\"@id\":\"https:\\\/\\\/www.accuracy.com\\\/#\\\/schema\\\/logo\\\/image\\\/\",\"url\":\"https:\\\/\\\/www.accuracy.com\\\/wp-content\\\/uploads\\\/2023\\\/08\\\/unnamed-3.jpg\",\"contentUrl\":\"https:\\\/\\\/www.accuracy.com\\\/wp-content\\\/uploads\\\/2023\\\/08\\\/unnamed-3.jpg\",\"width\":512,\"height\":512,\"caption\":\"Accuracy\"},\"image\":{\"@id\":\"https:\\\/\\\/www.accuracy.com\\\/#\\\/schema\\\/logo\\\/image\\\/\"},\"sameAs\":[\"https:\\\/\\\/www.linkedin.com\\\/company\\\/accuracy\\\/?originalSubdomain=fr\",\"https:\\\/\\\/www.instagram.com\\\/accuracycareers\\\/\"]},{\"@type\":\"Person\",\"@id\":\"https:\\\/\\\/www.accuracy.com\\\/#\\\/schema\\\/person\\\/72929a53f3d091e37119cd84ead1690c\",\"name\":\"albane.debraquilanges@accuracy.com\",\"image\":{\"@type\":\"ImageObject\",\"inLanguage\":\"fr-CA\",\"@id\":\"https:\\\/\\\/secure.gravatar.com\\\/avatar\\\/6b7766cb63f9bfaa0c09be6554dcec93090ba8c35aef59eb3bbae153da9a7e60?s=96&d=blank&r=g\",\"url\":\"https:\\\/\\\/secure.gravatar.com\\\/avatar\\\/6b7766cb63f9bfaa0c09be6554dcec93090ba8c35aef59eb3bbae153da9a7e60?s=96&d=blank&r=g\",\"contentUrl\":\"https:\\\/\\\/secure.gravatar.com\\\/avatar\\\/6b7766cb63f9bfaa0c09be6554dcec93090ba8c35aef59eb3bbae153da9a7e60?s=96&d=blank&r=g\",\"caption\":\"albane.debraquilanges@accuracy.com\"}}]}<\/script>\n<!-- \/ Yoast SEO Premium plugin. -->","yoast_head_json":{"title":"Ce qu'il faut attendre de la COP28 - Pr\u00e9cision","robots":{"index":"index","follow":"follow","max-snippet":"max-snippet:-1","max-image-preview":"max-image-preview:large","max-video-preview":"max-video-preview:-1"},"canonical":"https:\/\/www.accuracy.com\/fr\/a-quoi-sattendre-lors-de-la-cop28\/","og_locale":"fr_CA","og_type":"article","og_title":"What to expect at COP28","og_description":"COP28 will be held in Dubai from 30 November to 12 December 2023. There is a great deal of anticipation surrounding the event. It will start with a review of the progress made since the signing of the Paris Agreement, which, during COP21 eight years ago, set the objective to limit global warming to a [&hellip;]","og_url":"https:\/\/www.accuracy.com\/fr\/a-quoi-sattendre-lors-de-la-cop28\/","og_site_name":"Accuracy","article_published_time":"2023-11-29T08:00:39+00:00","article_modified_time":"2025-02-20T13:34:51+00:00","og_image":[{"width":2147,"height":721,"url":"https:\/\/www.accuracy.com\/wp-content\/uploads\/2023\/11\/COP28.jpg","type":"image\/jpeg"}],"author":"albane.debraquilanges@accuracy.com","twitter_card":"summary_large_image","twitter_misc":{"\u00c9crit par":"albane.debraquilanges@accuracy.com","Estimation du temps de lecture":"4 minutes"},"schema":{"@context":"https:\/\/schema.org","@graph":[{"@type":"Article","@id":"https:\/\/www.accuracy.com\/en_gb\/what-to-expect-at-cop28\/#article","isPartOf":{"@id":"https:\/\/www.accuracy.com\/en_gb\/what-to-expect-at-cop28\/"},"author":{"name":"albane.debraquilanges@accuracy.com","@id":"https:\/\/www.accuracy.com\/#\/schema\/person\/72929a53f3d091e37119cd84ead1690c"},"headline":"What to expect at COP28","datePublished":"2023-11-29T08:00:39+00:00","dateModified":"2025-02-20T13:34:51+00:00","mainEntityOfPage":{"@id":"https:\/\/www.accuracy.com\/en_gb\/what-to-expect-at-cop28\/"},"wordCount":734,"publisher":{"@id":"https:\/\/www.accuracy.com\/#organization"},"image":{"@id":"https:\/\/www.accuracy.com\/en_gb\/what-to-expect-at-cop28\/#primaryimage"},"thumbnailUrl":"https:\/\/www.accuracy.com\/wp-content\/uploads\/2023\/11\/COP28.jpg","articleSection":["Analysis","Perspectives","Sustainability"],"inLanguage":"fr-CA"},{"@type":"WebPage","@id":"https:\/\/www.accuracy.com\/en_gb\/what-to-expect-at-cop28\/","url":"https:\/\/www.accuracy.com\/en_gb\/what-to-expect-at-cop28\/","name":"Ce qu'il faut attendre de la COP28 - Pr\u00e9cision","isPartOf":{"@id":"https:\/\/www.accuracy.com\/#website"},"primaryImageOfPage":{"@id":"https:\/\/www.accuracy.com\/en_gb\/what-to-expect-at-cop28\/#primaryimage"},"image":{"@id":"https:\/\/www.accuracy.com\/en_gb\/what-to-expect-at-cop28\/#primaryimage"},"thumbnailUrl":"https:\/\/www.accuracy.com\/wp-content\/uploads\/2023\/11\/COP28.jpg","datePublished":"2023-11-29T08:00:39+00:00","dateModified":"2025-02-20T13:34:51+00:00","breadcrumb":{"@id":"https:\/\/www.accuracy.com\/en_gb\/what-to-expect-at-cop28\/#breadcrumb"},"inLanguage":"fr-CA","potentialAction":[{"@type":"ReadAction","target":["https:\/\/www.accuracy.com\/en_gb\/what-to-expect-at-cop28\/"]}]},{"@type":"ImageObject","inLanguage":"fr-CA","@id":"https:\/\/www.accuracy.com\/en_gb\/what-to-expect-at-cop28\/#primaryimage","url":"https:\/\/www.accuracy.com\/wp-content\/uploads\/2023\/11\/COP28.jpg","contentUrl":"https:\/\/www.accuracy.com\/wp-content\/uploads\/2023\/11\/COP28.jpg","width":2147,"height":721},{"@type":"BreadcrumbList","@id":"https:\/\/www.accuracy.com\/en_gb\/what-to-expect-at-cop28\/#breadcrumb","itemListElement":[{"@type":"ListItem","position":1,"name":"Accueil","item":"https:\/\/www.accuracy.com\/"},{"@type":"ListItem","position":2,"name":"What to expect at COP28"}]},{"@type":"WebSite","@id":"https:\/\/www.accuracy.com\/#website","url":"https:\/\/www.accuracy.com\/","name":"Pr\u00e9cision","description":"Conseillers d'entreprise - Consultants financiers","publisher":{"@id":"https:\/\/www.accuracy.com\/#organization"},"potentialAction":[{"@type":"SearchAction","target":{"@type":"EntryPoint","urlTemplate":"https:\/\/www.accuracy.com\/?s={search_term_string}"},"query-input":{"@type":"PropertyValueSpecification","valueRequired":true,"valueName":"search_term_string"}}],"inLanguage":"fr-CA"},{"@type":"Organization","@id":"https:\/\/www.accuracy.com\/#organization","name":"Pr\u00e9cision","url":"https:\/\/www.accuracy.com\/","logo":{"@type":"ImageObject","inLanguage":"fr-CA","@id":"https:\/\/www.accuracy.com\/#\/schema\/logo\/image\/","url":"https:\/\/www.accuracy.com\/wp-content\/uploads\/2023\/08\/unnamed-3.jpg","contentUrl":"https:\/\/www.accuracy.com\/wp-content\/uploads\/2023\/08\/unnamed-3.jpg","width":512,"height":512,"caption":"Accuracy"},"image":{"@id":"https:\/\/www.accuracy.com\/#\/schema\/logo\/image\/"},"sameAs":["https:\/\/www.linkedin.com\/company\/accuracy\/?originalSubdomain=fr","https:\/\/www.instagram.com\/accuracycareers\/"]},{"@type":"Person","@id":"https:\/\/www.accuracy.com\/#\/schema\/person\/72929a53f3d091e37119cd84ead1690c","name":"albane.debraquilanges@accuracy.com","image":{"@type":"ImageObject","inLanguage":"fr-CA","@id":"https:\/\/secure.gravatar.com\/avatar\/6b7766cb63f9bfaa0c09be6554dcec93090ba8c35aef59eb3bbae153da9a7e60?s=96&d=blank&r=g","url":"https:\/\/secure.gravatar.com\/avatar\/6b7766cb63f9bfaa0c09be6554dcec93090ba8c35aef59eb3bbae153da9a7e60?s=96&d=blank&r=g","contentUrl":"https:\/\/secure.gravatar.com\/avatar\/6b7766cb63f9bfaa0c09be6554dcec93090ba8c35aef59eb3bbae153da9a7e60?s=96&d=blank&r=g","caption":"albane.debraquilanges@accuracy.com"}}]}},"_links":{"self":[{"href":"https:\/\/www.accuracy.com\/fr\/wp-json\/wp\/v2\/posts\/39288","targetHints":{"allow":["GET"]}}],"collection":[{"href":"https:\/\/www.accuracy.com\/fr\/wp-json\/wp\/v2\/posts"}],"about":[{"href":"https:\/\/www.accuracy.com\/fr\/wp-json\/wp\/v2\/types\/post"}],"author":[{"embeddable":true,"href":"https:\/\/www.accuracy.com\/fr\/wp-json\/wp\/v2\/users\/58"}],"replies":[{"embeddable":true,"href":"https:\/\/www.accuracy.com\/fr\/wp-json\/wp\/v2\/comments?post=39288"}],"version-history":[{"count":5,"href":"https:\/\/www.accuracy.com\/fr\/wp-json\/wp\/v2\/posts\/39288\/revisions"}],"predecessor-version":[{"id":51716,"href":"https:\/\/www.accuracy.com\/fr\/wp-json\/wp\/v2\/posts\/39288\/revisions\/51716"}],"wp:featuredmedia":[{"embeddable":true,"href":"https:\/\/www.accuracy.com\/fr\/wp-json\/wp\/v2\/media\/39299"}],"wp:attachment":[{"href":"https:\/\/www.accuracy.com\/fr\/wp-json\/wp\/v2\/media?parent=39288"}],"wp:term":[{"taxonomy":"category","embeddable":true,"href":"https:\/\/www.accuracy.com\/fr\/wp-json\/wp\/v2\/categories?post=39288"},{"taxonomy":"post_tag","embeddable":true,"href":"https:\/\/www.accuracy.com\/fr\/wp-json\/wp\/v2\/tags?post=39288"}],"curies":[{"name":"wp","href":"https:\/\/api.w.org\/{rel}","templated":true}]}}