{"id":21680,"date":"2011-06-27T22:00:00","date_gmt":"2011-06-27T20:00:00","guid":{"rendered":"https:\/\/www.accuracy.com\/2011\/06\/27\/cfnews-accuracy-sinstalle-au-quebec-et-poursuit-son-maillage-europeen\/"},"modified":"2023-07-28T10:26:33","modified_gmt":"2023-07-28T08:26:33","slug":"cfnews-accuracy-sinstalle-au-quebec-et-poursuit-son-maillage-europeen","status":"publish","type":"post","link":"https:\/\/www.accuracy.com\/fr\/cfnews-accuracy-sinstalle-au-quebec-et-poursuit-son-maillage-europeen\/","title":{"rendered":"CFnews - Accuracy s'installe au Qu\u00e9bec et poursuit son maillage europ\u00e9en"},"content":{"rendered":"<p>Deux ans apr\u00e8s s&#8217;\u00eatre install\u00e9 en Allemagne en ouvrant un bureau \u00e0 Francfort [\u2026] Accuracy poursuit sa croissance en Europe. [\u2026] Le conseil financier emmen\u00e9 par Fr\u00e9d\u00e9ric Duponchel, s&#8217;implante aujourd&#8217;hui \u00e0 Munich et Rome. Emmen\u00e9e par Heiko Ziehms [\u2026] qui a rejoint Accuracy en janvier 2010 en qualit\u00e9 d&#8217;associ\u00e9 apr\u00e8s trois ann\u00e9es dans une banque d&#8217;investissement, l&#8217;antenne munichoise r\u00e9unit d\u00e9sormais trois associ\u00e9s et quinze professionnels. Plus petit, le bureau de Rome dirig\u00e9 par Pierluca Mezzetti, associ\u00e9 fort de quatorze ann\u00e9es au sein du d\u00e9partement \u00e9valuation et corporate finance d&#8217;un Big Four, rassemble, pour sa part, un associ\u00e9 pour six collaborateurs.<\/p>\n<p>[\u2026] Parall\u00e8lement \u00e0 ces ouvertures, Accuracy installe sa premi\u00e8re implantation en Am\u00e9rique du Nord en donnant naissance \u00e0 Accuracy Canada Inc. Bas\u00e9 \u00e0 Montr\u00e9al et Qu\u00e9bec, ce dernier dont l&#8217;\u00e9quipe est en cours de constitution regroupe pour l&#8217;heure une managing partner, Guylaine Leclerc.[\u2026]<\/p>\n","protected":false},"excerpt":{"rendered":"<p>Deux ans apr\u00e8s s&#8217;\u00eatre install\u00e9 en Allemagne en ouvrant un bureau \u00e0 Francfort [\u2026] Accuracy poursuit sa croissance en Europe. [\u2026] Le conseil financier emmen\u00e9 par Fr\u00e9d\u00e9ric Duponchel, s&#8217;implante aujourd&#8217;hui \u00e0 Munich et Rome. Emmen\u00e9e par Heiko Ziehms [\u2026] qui a rejoint Accuracy en janvier 2010 en qualit\u00e9 d&#8217;associ\u00e9 apr\u00e8s trois ann\u00e9es dans une banque [&hellip;]<\/p>\n","protected":false},"author":1,"featured_media":0,"comment_status":"open","ping_status":"open","sticky":false,"template":"","format":"standard","meta":{"_acf_changed":false,"footnotes":""},"categories":[113],"tags":[177],"class_list":["post-21680","post","type-post","status-publish","format-standard","hentry","category-france","tag-news"],"acf":[],"yoast_head":"<!-- This site is optimized with the Yoast SEO Premium plugin v27.5 (Yoast SEO v27.5) - https:\/\/yoast.com\/product\/yoast-seo-premium-wordpress\/ -->\n<title>CFnews - Accuracy s&#039;installe au Qu\u00e9bec et poursuit son maillage europ\u00e9en - Accuracy<\/title>\n<meta name=\"robots\" content=\"index, follow, max-snippet:-1, max-image-preview:large, max-video-preview:-1\" \/>\n<link rel=\"canonical\" href=\"https:\/\/www.accuracy.com\/fr\/cfnews-accuracy-sinstalle-au-quebec-et-poursuit-son-maillage-europeen\/\" \/>\n<meta property=\"og:locale\" content=\"fr_CA\" \/>\n<meta property=\"og:type\" content=\"article\" \/>\n<meta property=\"og:title\" content=\"CFnews - Accuracy s&#039;installe au Qu\u00e9bec et poursuit son maillage europ\u00e9en\" \/>\n<meta property=\"og:description\" content=\"Deux ans apr\u00e8s s&#8217;\u00eatre install\u00e9 en Allemagne en ouvrant un bureau \u00e0 Francfort [\u2026] Accuracy poursuit sa croissance en Europe. [\u2026] Le conseil financier emmen\u00e9 par Fr\u00e9d\u00e9ric Duponchel, s&#8217;implante aujourd&#8217;hui \u00e0 Munich et Rome. Emmen\u00e9e par Heiko Ziehms [\u2026] qui a rejoint Accuracy en janvier 2010 en qualit\u00e9 d&#8217;associ\u00e9 apr\u00e8s trois ann\u00e9es dans une banque [&hellip;]\" \/>\n<meta property=\"og:url\" content=\"https:\/\/www.accuracy.com\/fr\/cfnews-accuracy-sinstalle-au-quebec-et-poursuit-son-maillage-europeen\/\" \/>\n<meta property=\"og:site_name\" content=\"Accuracy\" \/>\n<meta property=\"article:published_time\" content=\"2011-06-27T20:00:00+00:00\" \/>\n<meta property=\"article:modified_time\" content=\"2023-07-28T08:26:33+00:00\" \/>\n<meta property=\"og:image\" content=\"https:\/\/www.accuracy.com\/wp-content\/uploads\/2023\/10\/Accuracy.png\" \/>\n\t<meta property=\"og:image:width\" content=\"1200\" \/>\n\t<meta property=\"og:image:height\" content=\"675\" \/>\n\t<meta property=\"og:image:type\" content=\"image\/png\" \/>\n<meta name=\"author\" content=\"dev\" \/>\n<meta name=\"twitter:card\" content=\"summary_large_image\" \/>\n<meta name=\"twitter:label1\" content=\"\u00c9crit par\" \/>\n\t<meta name=\"twitter:data1\" content=\"dev\" \/>\n\t<meta name=\"twitter:label2\" content=\"Estimation du temps de lecture\" \/>\n\t<meta name=\"twitter:data2\" content=\"1 minute\" \/>\n<script type=\"application\/ld+json\" class=\"yoast-schema-graph\">{\"@context\":\"https:\\\/\\\/schema.org\",\"@graph\":[{\"@type\":\"Article\",\"@id\":\"https:\\\/\\\/www.accuracy.com\\\/cfnews-accuracy-sinstalle-au-quebec-et-poursuit-son-maillage-europeen\\\/#article\",\"isPartOf\":{\"@id\":\"https:\\\/\\\/www.accuracy.com\\\/cfnews-accuracy-sinstalle-au-quebec-et-poursuit-son-maillage-europeen\\\/\"},\"author\":{\"name\":\"dev\",\"@id\":\"https:\\\/\\\/www.accuracy.com\\\/#\\\/schema\\\/person\\\/8cfdef62d7af45536d2b7b45979f72e7\"},\"headline\":\"CFnews &#8211; Accuracy s&#8217;installe au Qu\u00e9bec et poursuit son maillage europ\u00e9en\",\"datePublished\":\"2011-06-27T20:00:00+00:00\",\"dateModified\":\"2023-07-28T08:26:33+00:00\",\"mainEntityOfPage\":{\"@id\":\"https:\\\/\\\/www.accuracy.com\\\/cfnews-accuracy-sinstalle-au-quebec-et-poursuit-son-maillage-europeen\\\/\"},\"wordCount\":172,\"commentCount\":0,\"publisher\":{\"@id\":\"https:\\\/\\\/www.accuracy.com\\\/#organization\"},\"keywords\":[\"News\"],\"articleSection\":[\"France\"],\"inLanguage\":\"fr-CA\",\"potentialAction\":[{\"@type\":\"CommentAction\",\"name\":\"Comment\",\"target\":[\"https:\\\/\\\/www.accuracy.com\\\/cfnews-accuracy-sinstalle-au-quebec-et-poursuit-son-maillage-europeen\\\/#respond\"]}]},{\"@type\":\"WebPage\",\"@id\":\"https:\\\/\\\/www.accuracy.com\\\/cfnews-accuracy-sinstalle-au-quebec-et-poursuit-son-maillage-europeen\\\/\",\"url\":\"https:\\\/\\\/www.accuracy.com\\\/cfnews-accuracy-sinstalle-au-quebec-et-poursuit-son-maillage-europeen\\\/\",\"name\":\"CFnews - Accuracy s'installe au Qu\u00e9bec et poursuit son maillage europ\u00e9en - Accuracy\",\"isPartOf\":{\"@id\":\"https:\\\/\\\/www.accuracy.com\\\/#website\"},\"datePublished\":\"2011-06-27T20:00:00+00:00\",\"dateModified\":\"2023-07-28T08:26:33+00:00\",\"breadcrumb\":{\"@id\":\"https:\\\/\\\/www.accuracy.com\\\/cfnews-accuracy-sinstalle-au-quebec-et-poursuit-son-maillage-europeen\\\/#breadcrumb\"},\"inLanguage\":\"fr-CA\",\"potentialAction\":[{\"@type\":\"ReadAction\",\"target\":[\"https:\\\/\\\/www.accuracy.com\\\/cfnews-accuracy-sinstalle-au-quebec-et-poursuit-son-maillage-europeen\\\/\"]}]},{\"@type\":\"BreadcrumbList\",\"@id\":\"https:\\\/\\\/www.accuracy.com\\\/cfnews-accuracy-sinstalle-au-quebec-et-poursuit-son-maillage-europeen\\\/#breadcrumb\",\"itemListElement\":[{\"@type\":\"ListItem\",\"position\":1,\"name\":\"Accueil\",\"item\":\"https:\\\/\\\/www.accuracy.com\\\/\"},{\"@type\":\"ListItem\",\"position\":2,\"name\":\"CFnews &#8211; Accuracy s&#8217;installe au Qu\u00e9bec et poursuit son maillage europ\u00e9en\"}]},{\"@type\":\"WebSite\",\"@id\":\"https:\\\/\\\/www.accuracy.com\\\/#website\",\"url\":\"https:\\\/\\\/www.accuracy.com\\\/\",\"name\":\"Accuracy\",\"description\":\"Business Advisers - Financial Consultants\",\"publisher\":{\"@id\":\"https:\\\/\\\/www.accuracy.com\\\/#organization\"},\"potentialAction\":[{\"@type\":\"SearchAction\",\"target\":{\"@type\":\"EntryPoint\",\"urlTemplate\":\"https:\\\/\\\/www.accuracy.com\\\/?s={search_term_string}\"},\"query-input\":{\"@type\":\"PropertyValueSpecification\",\"valueRequired\":true,\"valueName\":\"search_term_string\"}}],\"inLanguage\":\"fr-CA\"},{\"@type\":\"Organization\",\"@id\":\"https:\\\/\\\/www.accuracy.com\\\/#organization\",\"name\":\"Accuracy\",\"url\":\"https:\\\/\\\/www.accuracy.com\\\/\",\"logo\":{\"@type\":\"ImageObject\",\"inLanguage\":\"fr-CA\",\"@id\":\"https:\\\/\\\/www.accuracy.com\\\/#\\\/schema\\\/logo\\\/image\\\/\",\"url\":\"https:\\\/\\\/www.accuracy.com\\\/wp-content\\\/uploads\\\/2023\\\/08\\\/unnamed-3.jpg\",\"contentUrl\":\"https:\\\/\\\/www.accuracy.com\\\/wp-content\\\/uploads\\\/2023\\\/08\\\/unnamed-3.jpg\",\"width\":512,\"height\":512,\"caption\":\"Accuracy\"},\"image\":{\"@id\":\"https:\\\/\\\/www.accuracy.com\\\/#\\\/schema\\\/logo\\\/image\\\/\"},\"sameAs\":[\"https:\\\/\\\/www.linkedin.com\\\/company\\\/accuracy\\\/?originalSubdomain=fr\",\"https:\\\/\\\/www.instagram.com\\\/accuracycareers\\\/\"]},{\"@type\":\"Person\",\"@id\":\"https:\\\/\\\/www.accuracy.com\\\/#\\\/schema\\\/person\\\/8cfdef62d7af45536d2b7b45979f72e7\",\"name\":\"dev\",\"image\":{\"@type\":\"ImageObject\",\"inLanguage\":\"fr-CA\",\"@id\":\"https:\\\/\\\/secure.gravatar.com\\\/avatar\\\/f1ffcac9ca2fa95ad3ec33e9be3ade82f752acb0cabe541e56c5889225afa88a?s=96&d=blank&r=g\",\"url\":\"https:\\\/\\\/secure.gravatar.com\\\/avatar\\\/f1ffcac9ca2fa95ad3ec33e9be3ade82f752acb0cabe541e56c5889225afa88a?s=96&d=blank&r=g\",\"contentUrl\":\"https:\\\/\\\/secure.gravatar.com\\\/avatar\\\/f1ffcac9ca2fa95ad3ec33e9be3ade82f752acb0cabe541e56c5889225afa88a?s=96&d=blank&r=g\",\"caption\":\"dev\"},\"sameAs\":[\"https:\\\/\\\/www.accuracy.com\"]}]}<\/script>\n<!-- \/ Yoast SEO Premium plugin. -->","yoast_head_json":{"title":"CFnews - Accuracy s'installe au Qu\u00e9bec et poursuit son maillage europ\u00e9en - Accuracy","robots":{"index":"index","follow":"follow","max-snippet":"max-snippet:-1","max-image-preview":"max-image-preview:large","max-video-preview":"max-video-preview:-1"},"canonical":"https:\/\/www.accuracy.com\/fr\/cfnews-accuracy-sinstalle-au-quebec-et-poursuit-son-maillage-europeen\/","og_locale":"fr_CA","og_type":"article","og_title":"CFnews - Accuracy s'installe au Qu\u00e9bec et poursuit son maillage europ\u00e9en","og_description":"Deux ans apr\u00e8s s&#8217;\u00eatre install\u00e9 en Allemagne en ouvrant un bureau \u00e0 Francfort [\u2026] Accuracy poursuit sa croissance en Europe. [\u2026] Le conseil financier emmen\u00e9 par Fr\u00e9d\u00e9ric Duponchel, s&#8217;implante aujourd&#8217;hui \u00e0 Munich et Rome. Emmen\u00e9e par Heiko Ziehms [\u2026] qui a rejoint Accuracy en janvier 2010 en qualit\u00e9 d&#8217;associ\u00e9 apr\u00e8s trois ann\u00e9es dans une banque [&hellip;]","og_url":"https:\/\/www.accuracy.com\/fr\/cfnews-accuracy-sinstalle-au-quebec-et-poursuit-son-maillage-europeen\/","og_site_name":"Accuracy","article_published_time":"2011-06-27T20:00:00+00:00","article_modified_time":"2023-07-28T08:26:33+00:00","og_image":[{"width":1200,"height":675,"url":"https:\/\/www.accuracy.com\/wp-content\/uploads\/2023\/10\/Accuracy.png","type":"image\/png"}],"author":"dev","twitter_card":"summary_large_image","twitter_misc":{"\u00c9crit par":"dev","Estimation du temps de lecture":"1 minute"},"schema":{"@context":"https:\/\/schema.org","@graph":[{"@type":"Article","@id":"https:\/\/www.accuracy.com\/cfnews-accuracy-sinstalle-au-quebec-et-poursuit-son-maillage-europeen\/#article","isPartOf":{"@id":"https:\/\/www.accuracy.com\/cfnews-accuracy-sinstalle-au-quebec-et-poursuit-son-maillage-europeen\/"},"author":{"name":"dev","@id":"https:\/\/www.accuracy.com\/#\/schema\/person\/8cfdef62d7af45536d2b7b45979f72e7"},"headline":"CFnews &#8211; Accuracy s&#8217;installe au Qu\u00e9bec et poursuit son maillage europ\u00e9en","datePublished":"2011-06-27T20:00:00+00:00","dateModified":"2023-07-28T08:26:33+00:00","mainEntityOfPage":{"@id":"https:\/\/www.accuracy.com\/cfnews-accuracy-sinstalle-au-quebec-et-poursuit-son-maillage-europeen\/"},"wordCount":172,"commentCount":0,"publisher":{"@id":"https:\/\/www.accuracy.com\/#organization"},"keywords":["News"],"articleSection":["France"],"inLanguage":"fr-CA","potentialAction":[{"@type":"CommentAction","name":"Comment","target":["https:\/\/www.accuracy.com\/cfnews-accuracy-sinstalle-au-quebec-et-poursuit-son-maillage-europeen\/#respond"]}]},{"@type":"WebPage","@id":"https:\/\/www.accuracy.com\/cfnews-accuracy-sinstalle-au-quebec-et-poursuit-son-maillage-europeen\/","url":"https:\/\/www.accuracy.com\/cfnews-accuracy-sinstalle-au-quebec-et-poursuit-son-maillage-europeen\/","name":"CFnews - Accuracy s'installe au Qu\u00e9bec et poursuit son maillage europ\u00e9en - Accuracy","isPartOf":{"@id":"https:\/\/www.accuracy.com\/#website"},"datePublished":"2011-06-27T20:00:00+00:00","dateModified":"2023-07-28T08:26:33+00:00","breadcrumb":{"@id":"https:\/\/www.accuracy.com\/cfnews-accuracy-sinstalle-au-quebec-et-poursuit-son-maillage-europeen\/#breadcrumb"},"inLanguage":"fr-CA","potentialAction":[{"@type":"ReadAction","target":["https:\/\/www.accuracy.com\/cfnews-accuracy-sinstalle-au-quebec-et-poursuit-son-maillage-europeen\/"]}]},{"@type":"BreadcrumbList","@id":"https:\/\/www.accuracy.com\/cfnews-accuracy-sinstalle-au-quebec-et-poursuit-son-maillage-europeen\/#breadcrumb","itemListElement":[{"@type":"ListItem","position":1,"name":"Accueil","item":"https:\/\/www.accuracy.com\/"},{"@type":"ListItem","position":2,"name":"CFnews &#8211; Accuracy s&#8217;installe au Qu\u00e9bec et poursuit son maillage europ\u00e9en"}]},{"@type":"WebSite","@id":"https:\/\/www.accuracy.com\/#website","url":"https:\/\/www.accuracy.com\/","name":"Pr\u00e9cision","description":"Conseillers d'entreprise - Consultants financiers","publisher":{"@id":"https:\/\/www.accuracy.com\/#organization"},"potentialAction":[{"@type":"SearchAction","target":{"@type":"EntryPoint","urlTemplate":"https:\/\/www.accuracy.com\/?s={search_term_string}"},"query-input":{"@type":"PropertyValueSpecification","valueRequired":true,"valueName":"search_term_string"}}],"inLanguage":"fr-CA"},{"@type":"Organization","@id":"https:\/\/www.accuracy.com\/#organization","name":"Pr\u00e9cision","url":"https:\/\/www.accuracy.com\/","logo":{"@type":"ImageObject","inLanguage":"fr-CA","@id":"https:\/\/www.accuracy.com\/#\/schema\/logo\/image\/","url":"https:\/\/www.accuracy.com\/wp-content\/uploads\/2023\/08\/unnamed-3.jpg","contentUrl":"https:\/\/www.accuracy.com\/wp-content\/uploads\/2023\/08\/unnamed-3.jpg","width":512,"height":512,"caption":"Accuracy"},"image":{"@id":"https:\/\/www.accuracy.com\/#\/schema\/logo\/image\/"},"sameAs":["https:\/\/www.linkedin.com\/company\/accuracy\/?originalSubdomain=fr","https:\/\/www.instagram.com\/accuracycareers\/"]},{"@type":"Person","@id":"https:\/\/www.accuracy.com\/#\/schema\/person\/8cfdef62d7af45536d2b7b45979f72e7","name":"dev","image":{"@type":"ImageObject","inLanguage":"fr-CA","@id":"https:\/\/secure.gravatar.com\/avatar\/f1ffcac9ca2fa95ad3ec33e9be3ade82f752acb0cabe541e56c5889225afa88a?s=96&d=blank&r=g","url":"https:\/\/secure.gravatar.com\/avatar\/f1ffcac9ca2fa95ad3ec33e9be3ade82f752acb0cabe541e56c5889225afa88a?s=96&d=blank&r=g","contentUrl":"https:\/\/secure.gravatar.com\/avatar\/f1ffcac9ca2fa95ad3ec33e9be3ade82f752acb0cabe541e56c5889225afa88a?s=96&d=blank&r=g","caption":"dev"},"sameAs":["https:\/\/www.accuracy.com"]}]}},"_links":{"self":[{"href":"https:\/\/www.accuracy.com\/fr\/wp-json\/wp\/v2\/posts\/21680","targetHints":{"allow":["GET"]}}],"collection":[{"href":"https:\/\/www.accuracy.com\/fr\/wp-json\/wp\/v2\/posts"}],"about":[{"href":"https:\/\/www.accuracy.com\/fr\/wp-json\/wp\/v2\/types\/post"}],"author":[{"embeddable":true,"href":"https:\/\/www.accuracy.com\/fr\/wp-json\/wp\/v2\/users\/1"}],"replies":[{"embeddable":true,"href":"https:\/\/www.accuracy.com\/fr\/wp-json\/wp\/v2\/comments?post=21680"}],"version-history":[{"count":0,"href":"https:\/\/www.accuracy.com\/fr\/wp-json\/wp\/v2\/posts\/21680\/revisions"}],"wp:attachment":[{"href":"https:\/\/www.accuracy.com\/fr\/wp-json\/wp\/v2\/media?parent=21680"}],"wp:term":[{"taxonomy":"category","embeddable":true,"href":"https:\/\/www.accuracy.com\/fr\/wp-json\/wp\/v2\/categories?post=21680"},{"taxonomy":"post_tag","embeddable":true,"href":"https:\/\/www.accuracy.com\/fr\/wp-json\/wp\/v2\/tags?post=21680"}],"curies":[{"name":"wp","href":"https:\/\/api.w.org\/{rel}","templated":true}]}}