{"id":20925,"date":"2009-04-28T22:00:00","date_gmt":"2009-04-28T20:00:00","guid":{"rendered":"https:\/\/www.accuracy.com\/2009\/04\/28\/sondage-accuracy-cfnews-quand-lactivite-ma-va-t-elle-rebondir\/"},"modified":"2023-07-28T10:26:46","modified_gmt":"2023-07-28T08:26:46","slug":"sondage-accuracy-cfnews-quand-lactivite-ma-va-t-elle-rebondir","status":"publish","type":"post","link":"https:\/\/www.accuracy.com\/fr\/sondage-accuracy-cfnews-quand-lactivite-ma-va-t-elle-rebondir\/","title":{"rendered":"Sondage Accuracy \/ CFnews : quand l'activit\u00e9 M&amp;A va-t-elle rebondir ?"},"content":{"rendered":"<p>A l'occasion du premier anniversaire de CFnews, le m\u00e9dia du Corporate Finance, qui s'est d\u00e9roul\u00e9 le 29 avril 2009 au Cercle de l'Union Interalli\u00e9e, Accuracy a pr\u00e9sent\u00e9 en exclusivit\u00e9 aux c\u00f4t\u00e9s d'Agathe Zilber, les r\u00e9sultats d'une \u00e9tude portant sur le th\u00e8me : <strong><em>\"Quand l'activit\u00e9 M&amp;A va-t-elle rebondir ?<!-- pagebreak --><\/em><\/strong><\/p>\n<p>Pour la deuxi\u00e8me ann\u00e9e cons\u00e9cutive, Accuracy et CFnews ont men\u00e9 conjointement dans le cadre d'un partenariat une \u00e9tude aupr\u00e8s de directions g\u00e9n\u00e9rales, financi\u00e8res et M&amp;A de grands groupes.<\/p>\n<p>En 2008, l'\u00e9tude avait eu pour but d'\u00e9clairer les relations existantes entre les grandes entreprises et les fonds d'investissement.<br \/>\nCette ann\u00e9e, l'enqu\u00eate a cherch\u00e9 \u00e0 mettre en lumi\u00e8re <strong>l'impact de la crise sur les op\u00e9rations de transactions M&amp;A<\/strong>.<\/p>\n<p>Au cours de cette soir\u00e9e anniversaire, <strong>Fr\u00e9d\u00e9ric Duponchel<\/strong>, <em>Directeur G\u00e9n\u00e9ral d'Accuracy<\/em>, et <strong>Arnaud Lambert<\/strong>, <em>Associ\u00e9 <\/em><em><br \/>\n<\/em>sont intervenus pour pr\u00e9senter en exclusivit\u00e9 les r\u00e9sultats du sondage.<\/p>\n<p>L'intervention a \u00e9t\u00e9 suivie d'une remise des prix \u00e0 quatre dirigeants de soci\u00e9t\u00e9.<\/p>\n<p>Retrouver d\u00e8s \u00e0 pr\u00e9sent en ligne les r\u00e9sultats de l'\u00e9tude. <span style=\"text-decoration: underline;\"><br \/>\n<\/span><br \/>\nPour en savoir plus sur le d\u00e9roulement de cette manifestation, rendez-vous sur <a title=\"www.cfnews.net\" href=\"http:\/\/www.cfnews.net\" target=\"_blank\" rel=\"noopener\">www.cfnews.net<\/a>.<\/p>","protected":false},"excerpt":{"rendered":"<p>A l&#8217;occasion\u00a0du premier anniversaire de CFnews, le m\u00e9dia du Corporate Finance, qui s&#8217;est d\u00e9roul\u00e9e le 29 avril 2009 au Cercle de l&#8217;Union Interalli\u00e9e, Accuracy a pr\u00e9sent\u00e9 en exclusivit\u00e9 aux c\u00f4t\u00e9s d&#8217;Agathe Zilber, les r\u00e9sultats d&#8217;une \u00e9tude portant sur le th\u00e8me : &#8220;Quand l&#8217;activit\u00e9 M&amp;A va-t-elle rebondir?&#8221; Pour la deuxi\u00e8me ann\u00e9e cons\u00e9cutive, Accuracy et CFnews ont [&hellip;]<\/p>\n","protected":false},"author":1,"featured_media":0,"comment_status":"open","ping_status":"open","sticky":false,"template":"","format":"standard","meta":{"_acf_changed":false,"footnotes":""},"categories":[113],"tags":[177],"class_list":["post-20925","post","type-post","status-publish","format-standard","hentry","category-france","tag-news"],"acf":[],"yoast_head":"<!-- This site is optimized with the Yoast SEO Premium plugin v27.5 (Yoast SEO v27.5) - https:\/\/yoast.com\/product\/yoast-seo-premium-wordpress\/ -->\n<title>Sondage Accuracy \/ CFnews : quand l&#039;activit\u00e9 M&amp;A va-t-elle rebondir ? - Accuracy<\/title>\n<meta name=\"robots\" content=\"index, follow, max-snippet:-1, max-image-preview:large, max-video-preview:-1\" \/>\n<link rel=\"canonical\" href=\"https:\/\/www.accuracy.com\/fr\/sondage-accuracy-cfnews-quand-lactivite-ma-va-t-elle-rebondir\/\" \/>\n<meta property=\"og:locale\" content=\"fr_CA\" \/>\n<meta property=\"og:type\" content=\"article\" \/>\n<meta property=\"og:title\" content=\"Sondage Accuracy \/ CFnews : quand l&#039;activit\u00e9 M&amp;A va-t-elle rebondir ?\" \/>\n<meta property=\"og:description\" content=\"A l&#8217;occasion\u00a0du premier anniversaire de CFnews, le m\u00e9dia du Corporate Finance, qui s&#8217;est d\u00e9roul\u00e9e le 29 avril 2009 au Cercle de l&#8217;Union Interalli\u00e9e, Accuracy a pr\u00e9sent\u00e9 en exclusivit\u00e9 aux c\u00f4t\u00e9s d&#8217;Agathe Zilber, les r\u00e9sultats d&#8217;une \u00e9tude portant sur le th\u00e8me : &#8220;Quand l&#8217;activit\u00e9 M&amp;A va-t-elle rebondir?&#8221; Pour la deuxi\u00e8me ann\u00e9e cons\u00e9cutive, Accuracy et CFnews ont [&hellip;]\" \/>\n<meta property=\"og:url\" content=\"https:\/\/www.accuracy.com\/fr\/sondage-accuracy-cfnews-quand-lactivite-ma-va-t-elle-rebondir\/\" \/>\n<meta property=\"og:site_name\" content=\"Accuracy\" \/>\n<meta property=\"article:published_time\" content=\"2009-04-28T20:00:00+00:00\" \/>\n<meta property=\"article:modified_time\" content=\"2023-07-28T08:26:46+00:00\" \/>\n<meta property=\"og:image\" content=\"https:\/\/www.accuracy.com\/wp-content\/uploads\/2023\/10\/Accuracy.png\" \/>\n\t<meta property=\"og:image:width\" content=\"1200\" \/>\n\t<meta property=\"og:image:height\" content=\"675\" \/>\n\t<meta property=\"og:image:type\" content=\"image\/png\" \/>\n<meta name=\"author\" content=\"dev\" \/>\n<meta name=\"twitter:card\" content=\"summary_large_image\" \/>\n<meta name=\"twitter:label1\" content=\"\u00c9crit par\" \/>\n\t<meta name=\"twitter:data1\" content=\"dev\" \/>\n\t<meta name=\"twitter:label2\" content=\"Estimation du temps de lecture\" \/>\n\t<meta name=\"twitter:data2\" content=\"1 minute\" \/>\n<script type=\"application\/ld+json\" class=\"yoast-schema-graph\">{\"@context\":\"https:\\\/\\\/schema.org\",\"@graph\":[{\"@type\":\"Article\",\"@id\":\"https:\\\/\\\/www.accuracy.com\\\/en_gb\\\/sondage-accuracy-cfnews-quand-lactivite-ma-va-t-elle-rebondir\\\/#article\",\"isPartOf\":{\"@id\":\"https:\\\/\\\/www.accuracy.com\\\/en_gb\\\/sondage-accuracy-cfnews-quand-lactivite-ma-va-t-elle-rebondir\\\/\"},\"author\":{\"name\":\"dev\",\"@id\":\"https:\\\/\\\/www.accuracy.com\\\/#\\\/schema\\\/person\\\/8cfdef62d7af45536d2b7b45979f72e7\"},\"headline\":\"Sondage Accuracy \\\/ CFnews : quand l&#8217;activit\u00e9 M&#038;A va-t-elle rebondir ?\",\"datePublished\":\"2009-04-28T20:00:00+00:00\",\"dateModified\":\"2023-07-28T08:26:46+00:00\",\"mainEntityOfPage\":{\"@id\":\"https:\\\/\\\/www.accuracy.com\\\/en_gb\\\/sondage-accuracy-cfnews-quand-lactivite-ma-va-t-elle-rebondir\\\/\"},\"wordCount\":233,\"commentCount\":0,\"publisher\":{\"@id\":\"https:\\\/\\\/www.accuracy.com\\\/#organization\"},\"keywords\":[\"News\"],\"articleSection\":[\"France\"],\"inLanguage\":\"fr-CA\",\"potentialAction\":[{\"@type\":\"CommentAction\",\"name\":\"Comment\",\"target\":[\"https:\\\/\\\/www.accuracy.com\\\/en_gb\\\/sondage-accuracy-cfnews-quand-lactivite-ma-va-t-elle-rebondir\\\/#respond\"]}]},{\"@type\":\"WebPage\",\"@id\":\"https:\\\/\\\/www.accuracy.com\\\/en_gb\\\/sondage-accuracy-cfnews-quand-lactivite-ma-va-t-elle-rebondir\\\/\",\"url\":\"https:\\\/\\\/www.accuracy.com\\\/en_gb\\\/sondage-accuracy-cfnews-quand-lactivite-ma-va-t-elle-rebondir\\\/\",\"name\":\"Sondage Accuracy \\\/ CFnews : quand l'activit\u00e9 M&A va-t-elle rebondir ? - Accuracy\",\"isPartOf\":{\"@id\":\"https:\\\/\\\/www.accuracy.com\\\/#website\"},\"datePublished\":\"2009-04-28T20:00:00+00:00\",\"dateModified\":\"2023-07-28T08:26:46+00:00\",\"breadcrumb\":{\"@id\":\"https:\\\/\\\/www.accuracy.com\\\/en_gb\\\/sondage-accuracy-cfnews-quand-lactivite-ma-va-t-elle-rebondir\\\/#breadcrumb\"},\"inLanguage\":\"fr-CA\",\"potentialAction\":[{\"@type\":\"ReadAction\",\"target\":[\"https:\\\/\\\/www.accuracy.com\\\/en_gb\\\/sondage-accuracy-cfnews-quand-lactivite-ma-va-t-elle-rebondir\\\/\"]}]},{\"@type\":\"BreadcrumbList\",\"@id\":\"https:\\\/\\\/www.accuracy.com\\\/en_gb\\\/sondage-accuracy-cfnews-quand-lactivite-ma-va-t-elle-rebondir\\\/#breadcrumb\",\"itemListElement\":[{\"@type\":\"ListItem\",\"position\":1,\"name\":\"Accueil\",\"item\":\"https:\\\/\\\/www.accuracy.com\\\/\"},{\"@type\":\"ListItem\",\"position\":2,\"name\":\"Sondage Accuracy \\\/ CFnews : quand l&#8217;activit\u00e9 M&#038;A va-t-elle rebondir ?\"}]},{\"@type\":\"WebSite\",\"@id\":\"https:\\\/\\\/www.accuracy.com\\\/#website\",\"url\":\"https:\\\/\\\/www.accuracy.com\\\/\",\"name\":\"Accuracy\",\"description\":\"Business Advisers - Financial Consultants\",\"publisher\":{\"@id\":\"https:\\\/\\\/www.accuracy.com\\\/#organization\"},\"potentialAction\":[{\"@type\":\"SearchAction\",\"target\":{\"@type\":\"EntryPoint\",\"urlTemplate\":\"https:\\\/\\\/www.accuracy.com\\\/?s={search_term_string}\"},\"query-input\":{\"@type\":\"PropertyValueSpecification\",\"valueRequired\":true,\"valueName\":\"search_term_string\"}}],\"inLanguage\":\"fr-CA\"},{\"@type\":\"Organization\",\"@id\":\"https:\\\/\\\/www.accuracy.com\\\/#organization\",\"name\":\"Accuracy\",\"url\":\"https:\\\/\\\/www.accuracy.com\\\/\",\"logo\":{\"@type\":\"ImageObject\",\"inLanguage\":\"fr-CA\",\"@id\":\"https:\\\/\\\/www.accuracy.com\\\/#\\\/schema\\\/logo\\\/image\\\/\",\"url\":\"https:\\\/\\\/www.accuracy.com\\\/wp-content\\\/uploads\\\/2023\\\/08\\\/unnamed-3.jpg\",\"contentUrl\":\"https:\\\/\\\/www.accuracy.com\\\/wp-content\\\/uploads\\\/2023\\\/08\\\/unnamed-3.jpg\",\"width\":512,\"height\":512,\"caption\":\"Accuracy\"},\"image\":{\"@id\":\"https:\\\/\\\/www.accuracy.com\\\/#\\\/schema\\\/logo\\\/image\\\/\"},\"sameAs\":[\"https:\\\/\\\/www.linkedin.com\\\/company\\\/accuracy\\\/?originalSubdomain=fr\",\"https:\\\/\\\/www.instagram.com\\\/accuracycareers\\\/\"]},{\"@type\":\"Person\",\"@id\":\"https:\\\/\\\/www.accuracy.com\\\/#\\\/schema\\\/person\\\/8cfdef62d7af45536d2b7b45979f72e7\",\"name\":\"dev\",\"image\":{\"@type\":\"ImageObject\",\"inLanguage\":\"fr-CA\",\"@id\":\"https:\\\/\\\/secure.gravatar.com\\\/avatar\\\/f1ffcac9ca2fa95ad3ec33e9be3ade82f752acb0cabe541e56c5889225afa88a?s=96&d=blank&r=g\",\"url\":\"https:\\\/\\\/secure.gravatar.com\\\/avatar\\\/f1ffcac9ca2fa95ad3ec33e9be3ade82f752acb0cabe541e56c5889225afa88a?s=96&d=blank&r=g\",\"contentUrl\":\"https:\\\/\\\/secure.gravatar.com\\\/avatar\\\/f1ffcac9ca2fa95ad3ec33e9be3ade82f752acb0cabe541e56c5889225afa88a?s=96&d=blank&r=g\",\"caption\":\"dev\"},\"sameAs\":[\"https:\\\/\\\/www.accuracy.com\"]}]}<\/script>\n<!-- \/ Yoast SEO Premium plugin. -->","yoast_head_json":{"title":"Sondage Accuracy \/ CFnews : quand l'activit\u00e9 M&amp;A va-t-elle rebondir ? - Accuracy","robots":{"index":"index","follow":"follow","max-snippet":"max-snippet:-1","max-image-preview":"max-image-preview:large","max-video-preview":"max-video-preview:-1"},"canonical":"https:\/\/www.accuracy.com\/fr\/sondage-accuracy-cfnews-quand-lactivite-ma-va-t-elle-rebondir\/","og_locale":"fr_CA","og_type":"article","og_title":"Sondage Accuracy \/ CFnews : quand l'activit\u00e9 M&A va-t-elle rebondir ?","og_description":"A l&#8217;occasion\u00a0du premier anniversaire de CFnews, le m\u00e9dia du Corporate Finance, qui s&#8217;est d\u00e9roul\u00e9e le 29 avril 2009 au Cercle de l&#8217;Union Interalli\u00e9e, Accuracy a pr\u00e9sent\u00e9 en exclusivit\u00e9 aux c\u00f4t\u00e9s d&#8217;Agathe Zilber, les r\u00e9sultats d&#8217;une \u00e9tude portant sur le th\u00e8me : &#8220;Quand l&#8217;activit\u00e9 M&amp;A va-t-elle rebondir?&#8221; Pour la deuxi\u00e8me ann\u00e9e cons\u00e9cutive, Accuracy et CFnews ont [&hellip;]","og_url":"https:\/\/www.accuracy.com\/fr\/sondage-accuracy-cfnews-quand-lactivite-ma-va-t-elle-rebondir\/","og_site_name":"Accuracy","article_published_time":"2009-04-28T20:00:00+00:00","article_modified_time":"2023-07-28T08:26:46+00:00","og_image":[{"width":1200,"height":675,"url":"https:\/\/www.accuracy.com\/wp-content\/uploads\/2023\/10\/Accuracy.png","type":"image\/png"}],"author":"dev","twitter_card":"summary_large_image","twitter_misc":{"\u00c9crit par":"dev","Estimation du temps de lecture":"1 minute"},"schema":{"@context":"https:\/\/schema.org","@graph":[{"@type":"Article","@id":"https:\/\/www.accuracy.com\/en_gb\/sondage-accuracy-cfnews-quand-lactivite-ma-va-t-elle-rebondir\/#article","isPartOf":{"@id":"https:\/\/www.accuracy.com\/en_gb\/sondage-accuracy-cfnews-quand-lactivite-ma-va-t-elle-rebondir\/"},"author":{"name":"dev","@id":"https:\/\/www.accuracy.com\/#\/schema\/person\/8cfdef62d7af45536d2b7b45979f72e7"},"headline":"Sondage Accuracy \/ CFnews : quand l&#8217;activit\u00e9 M&#038;A va-t-elle rebondir ?","datePublished":"2009-04-28T20:00:00+00:00","dateModified":"2023-07-28T08:26:46+00:00","mainEntityOfPage":{"@id":"https:\/\/www.accuracy.com\/en_gb\/sondage-accuracy-cfnews-quand-lactivite-ma-va-t-elle-rebondir\/"},"wordCount":233,"commentCount":0,"publisher":{"@id":"https:\/\/www.accuracy.com\/#organization"},"keywords":["News"],"articleSection":["France"],"inLanguage":"fr-CA","potentialAction":[{"@type":"CommentAction","name":"Comment","target":["https:\/\/www.accuracy.com\/en_gb\/sondage-accuracy-cfnews-quand-lactivite-ma-va-t-elle-rebondir\/#respond"]}]},{"@type":"WebPage","@id":"https:\/\/www.accuracy.com\/en_gb\/sondage-accuracy-cfnews-quand-lactivite-ma-va-t-elle-rebondir\/","url":"https:\/\/www.accuracy.com\/en_gb\/sondage-accuracy-cfnews-quand-lactivite-ma-va-t-elle-rebondir\/","name":"Sondage Accuracy \/ CFnews : quand l'activit\u00e9 M&amp;A va-t-elle rebondir ? - Accuracy","isPartOf":{"@id":"https:\/\/www.accuracy.com\/#website"},"datePublished":"2009-04-28T20:00:00+00:00","dateModified":"2023-07-28T08:26:46+00:00","breadcrumb":{"@id":"https:\/\/www.accuracy.com\/en_gb\/sondage-accuracy-cfnews-quand-lactivite-ma-va-t-elle-rebondir\/#breadcrumb"},"inLanguage":"fr-CA","potentialAction":[{"@type":"ReadAction","target":["https:\/\/www.accuracy.com\/en_gb\/sondage-accuracy-cfnews-quand-lactivite-ma-va-t-elle-rebondir\/"]}]},{"@type":"BreadcrumbList","@id":"https:\/\/www.accuracy.com\/en_gb\/sondage-accuracy-cfnews-quand-lactivite-ma-va-t-elle-rebondir\/#breadcrumb","itemListElement":[{"@type":"ListItem","position":1,"name":"Accueil","item":"https:\/\/www.accuracy.com\/"},{"@type":"ListItem","position":2,"name":"Sondage Accuracy \/ CFnews : quand l&#8217;activit\u00e9 M&#038;A va-t-elle rebondir ?"}]},{"@type":"WebSite","@id":"https:\/\/www.accuracy.com\/#website","url":"https:\/\/www.accuracy.com\/","name":"Pr\u00e9cision","description":"Conseillers d'entreprise - Consultants financiers","publisher":{"@id":"https:\/\/www.accuracy.com\/#organization"},"potentialAction":[{"@type":"SearchAction","target":{"@type":"EntryPoint","urlTemplate":"https:\/\/www.accuracy.com\/?s={search_term_string}"},"query-input":{"@type":"PropertyValueSpecification","valueRequired":true,"valueName":"search_term_string"}}],"inLanguage":"fr-CA"},{"@type":"Organization","@id":"https:\/\/www.accuracy.com\/#organization","name":"Pr\u00e9cision","url":"https:\/\/www.accuracy.com\/","logo":{"@type":"ImageObject","inLanguage":"fr-CA","@id":"https:\/\/www.accuracy.com\/#\/schema\/logo\/image\/","url":"https:\/\/www.accuracy.com\/wp-content\/uploads\/2023\/08\/unnamed-3.jpg","contentUrl":"https:\/\/www.accuracy.com\/wp-content\/uploads\/2023\/08\/unnamed-3.jpg","width":512,"height":512,"caption":"Accuracy"},"image":{"@id":"https:\/\/www.accuracy.com\/#\/schema\/logo\/image\/"},"sameAs":["https:\/\/www.linkedin.com\/company\/accuracy\/?originalSubdomain=fr","https:\/\/www.instagram.com\/accuracycareers\/"]},{"@type":"Person","@id":"https:\/\/www.accuracy.com\/#\/schema\/person\/8cfdef62d7af45536d2b7b45979f72e7","name":"dev","image":{"@type":"ImageObject","inLanguage":"fr-CA","@id":"https:\/\/secure.gravatar.com\/avatar\/f1ffcac9ca2fa95ad3ec33e9be3ade82f752acb0cabe541e56c5889225afa88a?s=96&d=blank&r=g","url":"https:\/\/secure.gravatar.com\/avatar\/f1ffcac9ca2fa95ad3ec33e9be3ade82f752acb0cabe541e56c5889225afa88a?s=96&d=blank&r=g","contentUrl":"https:\/\/secure.gravatar.com\/avatar\/f1ffcac9ca2fa95ad3ec33e9be3ade82f752acb0cabe541e56c5889225afa88a?s=96&d=blank&r=g","caption":"dev"},"sameAs":["https:\/\/www.accuracy.com"]}]}},"_links":{"self":[{"href":"https:\/\/www.accuracy.com\/fr\/wp-json\/wp\/v2\/posts\/20925","targetHints":{"allow":["GET"]}}],"collection":[{"href":"https:\/\/www.accuracy.com\/fr\/wp-json\/wp\/v2\/posts"}],"about":[{"href":"https:\/\/www.accuracy.com\/fr\/wp-json\/wp\/v2\/types\/post"}],"author":[{"embeddable":true,"href":"https:\/\/www.accuracy.com\/fr\/wp-json\/wp\/v2\/users\/1"}],"replies":[{"embeddable":true,"href":"https:\/\/www.accuracy.com\/fr\/wp-json\/wp\/v2\/comments?post=20925"}],"version-history":[{"count":0,"href":"https:\/\/www.accuracy.com\/fr\/wp-json\/wp\/v2\/posts\/20925\/revisions"}],"wp:attachment":[{"href":"https:\/\/www.accuracy.com\/fr\/wp-json\/wp\/v2\/media?parent=20925"}],"wp:term":[{"taxonomy":"category","embeddable":true,"href":"https:\/\/www.accuracy.com\/fr\/wp-json\/wp\/v2\/categories?post=20925"},{"taxonomy":"post_tag","embeddable":true,"href":"https:\/\/www.accuracy.com\/fr\/wp-json\/wp\/v2\/tags?post=20925"}],"curies":[{"name":"wp","href":"https:\/\/api.w.org\/{rel}","templated":true}]}}