{"id":62292,"date":"2026-04-29T11:06:07","date_gmt":"2026-04-29T09:06:07","guid":{"rendered":"https:\/\/www.accuracy.com\/?p=62292"},"modified":"2026-04-29T11:09:38","modified_gmt":"2026-04-29T09:09:38","slug":"reenchanter-leurope-lallemagne-et-la-france-sauront-ils-etre-a-la-manoeuvre","status":"publish","type":"post","link":"https:\/\/www.accuracy.com\/en_gb\/reenchanter-leurope-lallemagne-et-la-france-sauront-ils-etre-a-la-manoeuvre\/","title":{"rendered":"R\u00e9enchanter l\u2019Europe : l\u2019Allemagne et la France sauront-ils \u00eatre \u00e0 la man\u0153uvre ?"},"content":{"rendered":"\t\t<div data-elementor-type=\"wp-post\" data-elementor-id=\"62292\" class=\"elementor elementor-62292\" data-elementor-post-type=\"post\">\n\t\t\t\t<div class=\"elementor-element elementor-element-6d8c108 e-flex e-con-boxed e-con e-parent\" data-id=\"6d8c108\" data-element_type=\"container\" data-e-type=\"container\">\n\t\t\t\t\t<div class=\"e-con-inner\">\n\t\t\t\t<div class=\"elementor-element elementor-element-a8c8be5 elementor-widget elementor-widget-text-editor\" data-id=\"a8c8be5\" data-element_type=\"widget\" data-e-type=\"widget\" data-widget_type=\"text-editor.default\">\n\t\t\t\t\t\t\t\t\t<p><strong>Il n\u2019est pas facile pour l\u2019Europe de faire face \u00e0 l\u2019image d\u2019elle-m\u00eame que lui renvoie le miroir tendu par les Etats-Unis<\/strong>. N\u2019y voit-on pas une \u00e9conomie \u00e0 la tra\u00eene, une difficult\u00e9 \u00e0 \u00ab\u00a0tenir son rang\u00a0\u00bb parmi les Grands du monde et l\u2019annonce d\u2019une d\u00e9cadence civilisationnelle\u00a0?<\/p>\t\t\t\t\t\t\t\t<\/div>\n\t\t\t\t\t<\/div>\n\t\t\t\t<\/div>\n\t\t<div class=\"elementor-element elementor-element-db260ce e-flex e-con-boxed e-con e-parent\" data-id=\"db260ce\" data-element_type=\"container\" data-e-type=\"container\">\n\t\t\t\t\t<div class=\"e-con-inner\">\n\t\t\t\t<div class=\"elementor-element elementor-element-48cb872 elementor-widget elementor-widget-text-editor\" data-id=\"48cb872\" data-element_type=\"widget\" data-e-type=\"widget\" data-widget_type=\"text-editor.default\">\n\t\t\t\t\t\t\t\t\t<p><strong>En mati\u00e8re \u00e9conomique<\/strong>, la comparaison sur longue p\u00e9riode des \u00e9volutions du PIB par t\u00eate, exprim\u00e9 de fa\u00e7on simple en monnaie commune &#8211; le dollar \u2013 et \u00e0 prix courants, dresserait le constat\u00a0: <strong>l\u2019Union Europ\u00e9enne (UE) \u00ab\u00a0pesait\u00a0\u00bb 65% des Etats-Unis (EU) en 1990 et gu\u00e8re plus de 50% en 2024<\/strong>. Il appara\u00eet sans appel. Mais attention la raison ne se trouve pas toujours dans la simplicit\u00e9. <strong>Si on \u00ab\u00a0corrige\u00a0\u00bb le PIB \u00e0 la fois de l\u2019inflation et des \u00e9carts de co\u00fbt de la vie, la divergence devient marginale\u00a0: de 65% \u00e0 63%<\/strong>. Resterait un \u00e9cart toujours important, m\u00eame s\u2019il ne s\u2019agrandit pas, ou que peu. Le \u00ab\u00a0choix de Soci\u00e9t\u00e9\u00a0\u00bb europ\u00e9en de moins travailler et un niveau de productivit\u00e9 en retrait en seraient les explications principales. <strong>Cette impression\u00a0rassurante de \u00ab\u00a0rien de nouveau sous le soleil\u00a0\u00bb peut toutefois \u00eatre trompeuse<\/strong>. D\u2019abord, ce <em>statu quo<\/em> est la synth\u00e8se entre 2 mouvements\u00a0: ralentissement relatif des pays-c\u0153ur de l\u2019UE et rattrapage de ceux-ci par les pays-membres ayant rejoint l\u2019Union plus r\u00e9cemment. Ce 2<sup>\u00e8me<\/sup> processus n\u2019est-il pas vou\u00e9 \u00e0 s\u2019\u00e9puiser\u00a0? ensuite, la dynamique \u00e9conomique depuis d\u00e9j\u00e0 quelques temps est moins bonne de ce c\u00f4t\u00e9-ci de l\u2019Atlantique\u00a0; qu\u2019il s\u2019agisse de productivit\u00e9, d\u2019investissement, de R&amp;D ou de r\u00f4le jou\u00e9 par les nouvelles technologies. En sachant aussi qu\u2019une organisation moins fluide de la Soci\u00e9t\u00e9 est aussi un frein\u00a0; tout comme donc le choix collectif d\u2019une dur\u00e9e de travail plus courte.<\/p>\t\t\t\t\t\t\t\t<\/div>\n\t\t\t\t<div class=\"elementor-element elementor-element-4ecdc26 elementor-widget elementor-widget-text-editor\" data-id=\"4ecdc26\" data-element_type=\"widget\" data-e-type=\"widget\" data-widget_type=\"text-editor.default\">\n\t\t\t\t\t\t\t\t\t<p><strong>En mati\u00e8re de relations internationales, l\u2019UE, c\u2019est-\u00e0-dire les institutions de l\u2019UE et les pays-membres, ont du mal \u00e0 peser.<\/strong> <strong>Comme si son poids \u00e9conomique, consid\u00e9rable m\u00eame s\u2019il est en de\u00e7\u00e0 de celui des Etats-Unis, ne suffisait pas<\/strong>. Pourtant, il est comparable \u00e0 celui de la Chine et bien sup\u00e9rieur \u00e0 celui de l\u2019Inde (un rapport de presque 1 \u00e0 5) de la Russie (1 \u00e0 7) ou du Br\u00e9sil (1 \u00e0 9). Dans un monde devenu tr\u00e8s westphalien (en r\u00e9f\u00e9rence \u00e0 la paix de Westphalie en 1648, qui met fin \u00e0 la guerre de 30 ans, qui signifie aussi la fin de l\u2019unit\u00e9 religieuse de l\u2019Europe &#8211; <em>cujus regio, ejus religio<\/em> &#8211; et qui affirme, c\u2019est notre point, le pouvoir des Etats-Nations), <strong>la puissance politique de l\u2019UE est insuffisante\u00a0; qu\u2019il s\u2019agisse de politique \u00e9trang\u00e8re ou de d\u00e9fense<\/strong>, ce 2<sup>\u00e8me<\/sup> aspect conditionnant le 1<sup>ier<\/sup> dans le monde d\u2019aujourd\u2019hui. <strong>Les d\u00e9penses militaires de l\u2019UE atteignaient 342 milliards de dollars en 2024<\/strong> (source Commission europ\u00e9enne), comparables \u00e0 celles de la Chine (314 milliards, source SIPRI), nettement sup\u00e9rieures \u00e0 celles de la Russie (sans doute 149 milliards), mais bien inf\u00e9rieures \u00e0 celles des Etats-Unis (997 milliards). Les chiffres ne disent cependant pas tout et un \u00ab\u00a0s\u00e9rieux\u00a0\u00bb b\u00e9mol doit \u00eatre ajout\u00e9. <strong>Le manque d\u2019unit\u00e9 entre les politiques de d\u00e9fense des pays-membres, et ceci malgr\u00e9 l\u2019appartenance de l\u2019essentiel de ceux-ci \u00e0 l\u2019OTAN), r\u00e9duit probablement le \u00ab\u00a0rendement\u00a0\u00bb op\u00e9rationnel des sommes engag\u00e9es et maintient une d\u00e9pendance par rapport \u00e0 l\u2019arm\u00e9e am\u00e9ricaine<\/strong>. Cette r\u00e9alit\u00e9 a donc des r\u00e9percussions au niveau de la politique \u00e9trang\u00e8re. L\u2019Administration Trump impose \u00e0 l\u2019Europe (mais aussi ailleurs autour du globe) des accords commerciaux parfaitement \u00ab\u00a0in\u00e9gaux\u00a0\u00bb et l\u2019ambiance n\u00e9o-isolationniste r\u00e9gnant \u00e0 Washington depuis d\u00e9j\u00e0 plusieurs ann\u00e9es a incit\u00e9 la Russie \u00e0 se lancer dans des campagnes d\u2019invasion de pays de son \u00ab\u00a0voisinage proche\u00a0\u00bb, sans avoir \u00e0 redouter de trop la r\u00e9action de l\u2019Occident. M\u00eame si les raisons explicatives sont diff\u00e9rentes, on l\u2019a vu, s\u2019agissant des Etats-Unis et de l\u2019Europe. Dans tous les cas, <strong>cette insuffisance de possession et de ma\u00eetrise des attributs de la puissance disqualifie l\u2019Europe aux yeux d\u2019un gouvernement am\u00e9ricain <\/strong>qui reconnait davantage les Etats membres que l\u2019Union et ses institutions. Elle ne peut pr\u00e9tendre avoir une place autour de la table des Grands dans le nouveau Concert des Nations et serait plut\u00f4t vou\u00e9e \u00e0 rejoindre la sph\u00e8re d\u2019influence revendiqu\u00e9e par les Etats-Unis.<\/p>\t\t\t\t\t\t\t\t<\/div>\n\t\t\t\t<div class=\"elementor-element elementor-element-ee84a82 elementor-widget elementor-widget-text-editor\" data-id=\"ee84a82\" data-element_type=\"widget\" data-e-type=\"widget\" data-widget_type=\"text-editor.default\">\n\t\t\t\t\t\t\t\t\t<p><strong>Pour ce qui est de la dimension plus civilisationnelle, la charge de la Maison Blanche contre l\u2019Europe est s\u00e9v\u00e8re<\/strong>. La place trop importante donn\u00e9e \u00e0 l\u2019\u00e9cologie affaiblit l\u2019\u00e9conomie\u00a0; des portes trop grandes ouvertes \u00e0 l\u2019immigration affaiblissent les structures sociales ; le postmodernisme, anc\u00eatre du wokisme, en insistant sur les points de vue minoritaires qui devraient primer sur le consensus, affaiblit la culture politique occidentale et mine la d\u00e9mocratie en prenant le risque de brider l\u2019exercice de la libre parole. Le d\u00e9clin civilisationnel est engag\u00e9\u00a0; sauf \u00e0 se reprendre en suivant la voie trac\u00e9e par l\u2019Administration Trump\u00a0!<\/p>\t\t\t\t\t\t\t\t<\/div>\n\t\t\t\t\t<\/div>\n\t\t\t\t<\/div>\n\t\t<div class=\"elementor-element elementor-element-82d6a91 e-flex e-con-boxed e-con e-parent\" data-id=\"82d6a91\" data-element_type=\"container\" data-e-type=\"container\">\n\t\t\t\t\t<div class=\"e-con-inner\">\n\t\t\t\t<div class=\"elementor-element elementor-element-a5acddd elementor-widget elementor-widget-text-editor\" data-id=\"a5acddd\" data-element_type=\"widget\" data-e-type=\"widget\" data-widget_type=\"text-editor.default\">\n\t\t\t\t\t\t\t\t\t<p><strong>Le constat, partag\u00e9, est bien que l\u2019Europe doive se reprendre. Mais probablement pas en suivant le chemin propos\u00e9 par les Am\u00e9ricains<\/strong> et tant pis si ces \u00ab\u00a0braves gens n\u2019aiment pas qu\u2019on suive une autre route qu\u2019eux\u00a0\u00bb\u00a0!\u00a0<\/p>\t\t\t\t\t\t\t\t<\/div>\n\t\t\t\t<div class=\"elementor-element elementor-element-7a70808 elementor-widget elementor-widget-text-editor\" data-id=\"7a70808\" data-element_type=\"widget\" data-e-type=\"widget\" data-widget_type=\"text-editor.default\">\n\t\t\t\t\t\t\t\t\t<p><strong>Tout commence avec l\u2019\u00e9conomie. Simplement parce que le succ\u00e8s \u00e9conomique est une condition n\u00e9cessaire, tant de l\u2019influence g\u00e9opolitique que des r\u00e9formes d\u2019adaptation \u00e0 mener au sein de l\u2019UE<\/strong>. <strong>Puisque les r\u00e8gles du jeu \u00e9conomique mondial changent, l\u2019Europe a le devoir de s\u2019adapter. Elle a su le faire au cours des d\u00e9cennies pass\u00e9es <\/strong>quand la r\u00e9gulation n\u00e9olib\u00e9rale s\u2019est traduite par plus de libre-\u00e9change, des march\u00e9s plus ouverts, le respect des r\u00e8gles multilat\u00e9rales plus abondantes et un transfert de pouvoir des Etats vers des agences \u00ab\u00a0ind\u00e9pendantes\u00a0\u00bb (concurrence et politique mon\u00e9taire). <strong>Comme en contrepoint, on assiste aujourd\u2019hui, dans un environnement international devenu moins stable et plus incertain, \u00e0 un retour de l\u2019Etat<\/strong>\u00a0; qu\u2019il s\u2019agisse de politique industrielle, dans le but d\u2019orienter l\u2019\u00e9conomie, ou de d\u00e9fendre par la coercition les int\u00e9r\u00eats nationaux partout o\u00f9 cela est n\u00e9cessaire autour du globe.<\/p>\t\t\t\t\t\t\t\t<\/div>\n\t\t\t\t\t<\/div>\n\t\t\t\t<\/div>\n\t\t<div class=\"elementor-element elementor-element-f65ba74 e-flex e-con-boxed e-con e-parent\" data-id=\"f65ba74\" data-element_type=\"container\" data-e-type=\"container\">\n\t\t\t\t\t<div class=\"e-con-inner\">\n\t\t\t\t<div class=\"elementor-element elementor-element-db54d20 elementor-widget elementor-widget-text-editor\" data-id=\"db54d20\" data-element_type=\"widget\" data-e-type=\"widget\" data-widget_type=\"text-editor.default\">\n\t\t\t\t\t\t\t\t\t<p><strong>Depuis les rapports Draghi et Letta, pr\u00e9sent\u00e9s l\u2019un et l\u2019autre en 2024, un consensus a \u00e9t\u00e9 construit sur ce qu\u2019il faut faire. Les 3 leviers sont le march\u00e9 unique, la technologie et l\u2019endettement commun<\/strong>. Pas loin de 40 ans apr\u00e8s la signature de l\u2019Acte Unique, tous les obstacles \u00e0 la compl\u00e9tude du march\u00e9 unique n\u2019ont pas \u00e9t\u00e9 lev\u00e9s. Une \u00e9tude de la BCE, publi\u00e9e en 2025, estimait que les frictions encore en place pouvaient \u00e9quivaloir \u00e0 des droits de douane jusqu\u2019\u00e0 67% pour les marchandises et 95% pour les services. Si ces barri\u00e8res internes \u00e9taient abaiss\u00e9es au niveau observ\u00e9 aux Etats-Unis, la productivit\u00e9 du travail pourrait s\u2019\u00e9lever de pr\u00e8s de 7% au bout de 7 ans selon le FMI. Il est aussi imp\u00e9ratif que l\u2019Europe se r\u00e9engage r\u00e9solument dans la course aux technologies critiques. Au risque sinon de subir une d\u00e9pendance excessive vis-\u00e0-vis de la Chine et des Etats-Unis. Les montants en jeu, qu\u2019il s\u2019agisse d\u2019investissement ou de R&amp;D, sont consid\u00e9rables. Ils ne peuvent pas \u00eatre mobilis\u00e9s par un pays-membre pris isol\u00e9ment. La mutualisation au niveau europ\u00e9en s\u2019impose. Fort de ce constat, il n\u2019y a pas vraiment d\u2019alternative\u00a0: les projets communs d\u2019investissement de grande envergure doivent \u00eatre financ\u00e9s conjointement. La dette commune comme alors une \u00ab\u00a0ardente obligation\u00a0\u00bb\u00a0!<\/p>\t\t\t\t\t\t\t\t<\/div>\n\t\t\t\t<div class=\"elementor-element elementor-element-fe066de elementor-widget elementor-widget-text-editor\" data-id=\"fe066de\" data-element_type=\"widget\" data-e-type=\"widget\" data-widget_type=\"text-editor.default\">\n\t\t\t\t\t\t\t\t\t<p><strong>Reste \u00e0 la politique europ\u00e9enne \u00e0 rendre possible ces initiatives n\u00e9cessaires<\/strong>. En reprenant une \u00e9tude toute r\u00e9cente de l\u2019ECFR <em>(European Council on Foreign Relations, The European Archipelago\u00a0:\u00a0 Building Bridges In A Post-Western Europe<a href=\"#_ftn1\" name=\"_ftnref1\">[1]<\/a>, f\u00e9vrier 2026)<\/em>, <strong>l\u2019observation des opinions publiques permet de proposer cette taxinomie<\/strong>\u00a0: <strong>les \u00ab\u00a0euro-faucons\u00a0\u00bb<\/strong> , les plus nombreux (28% des Europ\u00e9ens), europhiles, critiques des Etats-Unis et en faveur d\u2019un effort suppl\u00e9mentaire de d\u00e9fense\u00a0; <strong>les \u00ab\u00a0euro-colombes\u00a0\u00bb<\/strong> (21%), qui se distinguent des \u00ab\u00a0euro-faucons\u00a0\u00bb par une r\u00e9ticence \u00e0 augmenter les budgets militaires\u00a0; <strong>les ren\u00e9gats<\/strong> (15%), hostiles aux Etats-Unis, \u00e0 l\u2019UE et \u00e0 une augmentation des d\u00e9penses de d\u00e9fense\u00a0; <strong>les atlantistes<\/strong> (12%), plut\u00f4t europhiles mais avant tout alli\u00e9s des Etats-Unis et donc align\u00e9s avec l\u2019id\u00e9e de d\u00e9penser plus pour la d\u00e9fense\u00a0; <strong>les nationalistes<\/strong> (12%), critiques de l\u2019Am\u00e9rique et de l\u2019Europe, mais d\u00e9fendant un effort militaire\u00a0; <strong>les \u00ab\u00a0trumpistes\u00a0\u00bb<\/strong> (5%), europhobes, \u00e9videmment proches des Etats-Unis et plaidant pour un budget militaire augment\u00e9.<\/p><h5><a href=\"#_ftnref1\" name=\"_ftn1\">[1]<\/a> Il faut noter que l\u2019\u00e9chantillon de pays pris en compte comprend le Royaume-Uni et la Suisse<\/h5>\t\t\t\t\t\t\t\t<\/div>\n\t\t\t\t<div class=\"elementor-element elementor-element-d8e29be elementor-widget elementor-widget-spacer\" data-id=\"d8e29be\" data-element_type=\"widget\" data-e-type=\"widget\" data-widget_type=\"spacer.default\">\n\t\t\t\t\t\t\t<div class=\"elementor-spacer\">\n\t\t\t<div class=\"elementor-spacer-inner\"><\/div>\n\t\t<\/div>\n\t\t\t\t\t\t<\/div>\n\t\t\t\t\t<\/div>\n\t\t\t\t<\/div>\n\t\t<div class=\"elementor-element elementor-element-185d30c e-flex e-con-boxed e-con e-parent\" data-id=\"185d30c\" data-element_type=\"container\" data-e-type=\"container\">\n\t\t\t\t\t<div class=\"e-con-inner\">\n\t\t\t\t<div class=\"elementor-element elementor-element-9390e37 elementor-widget__width-inherit elementor-widget elementor-widget-text-editor\" data-id=\"9390e37\" data-element_type=\"widget\" data-e-type=\"widget\" data-widget_type=\"text-editor.default\">\n\t\t\t\t\t\t\t\t\t<h4><b>Les opinions des diff\u00e9rents courants d&#8217;opinion au sein de l&#8217;Union Europ\u00e9enne<\/b><\/h4>\t\t\t\t\t\t\t\t<\/div>\n\t\t\t\t<div class=\"elementor-element elementor-element-eb60db1 elementor-widget__width-inherit elementor-widget elementor-widget-image\" data-id=\"eb60db1\" data-element_type=\"widget\" data-e-type=\"widget\" data-widget_type=\"image.default\">\n\t\t\t\t\t\t\t\t\t\t\t\t\t\t\t<img fetchpriority=\"high\" decoding=\"async\" width=\"800\" height=\"190\" src=\"https:\/\/www.accuracy.com\/wp-content\/uploads\/2026\/04\/Talks-Straight-Economics-mai-2026-Arret-sur-image-1-2-1024x243.png\" class=\"attachment-large size-large wp-image-62312\" alt=\"\" srcset=\"https:\/\/www.accuracy.com\/wp-content\/uploads\/2026\/04\/Talks-Straight-Economics-mai-2026-Arret-sur-image-1-2-1024x243.png 1024w, https:\/\/www.accuracy.com\/wp-content\/uploads\/2026\/04\/Talks-Straight-Economics-mai-2026-Arret-sur-image-1-2-300x71.png 300w, https:\/\/www.accuracy.com\/wp-content\/uploads\/2026\/04\/Talks-Straight-Economics-mai-2026-Arret-sur-image-1-2-768x182.png 768w, https:\/\/www.accuracy.com\/wp-content\/uploads\/2026\/04\/Talks-Straight-Economics-mai-2026-Arret-sur-image-1-2-18x4.png 18w, https:\/\/www.accuracy.com\/wp-content\/uploads\/2026\/04\/Talks-Straight-Economics-mai-2026-Arret-sur-image-1-2.png 1502w\" sizes=\"(max-width: 800px) 100vw, 800px\" \/>\t\t\t\t\t\t\t\t\t\t\t\t\t\t\t<\/div>\n\t\t\t\t<div class=\"elementor-element elementor-element-8818cc7 elementor-widget elementor-widget-text-editor\" data-id=\"8818cc7\" data-element_type=\"widget\" data-e-type=\"widget\" data-widget_type=\"text-editor.default\">\n\t\t\t\t\t\t\t\t\t<h5><em>Source : ECFR, Policy Brief, f\u00e9vrier 2026<\/em><\/h5>\t\t\t\t\t\t\t\t<\/div>\n\t\t\t\t<div class=\"elementor-element elementor-element-dc9c3f0 elementor-widget elementor-widget-spacer\" data-id=\"dc9c3f0\" data-element_type=\"widget\" data-e-type=\"widget\" data-widget_type=\"spacer.default\">\n\t\t\t\t\t\t\t<div class=\"elementor-spacer\">\n\t\t\t<div class=\"elementor-spacer-inner\"><\/div>\n\t\t<\/div>\n\t\t\t\t\t\t<\/div>\n\t\t\t\t<div class=\"elementor-element elementor-element-251ac1c elementor-widget elementor-widget-text-editor\" data-id=\"251ac1c\" data-element_type=\"widget\" data-e-type=\"widget\" data-widget_type=\"text-editor.default\">\n\t\t\t\t\t\t\t\t\t<p><strong>Comment cr\u00e9er une alliance majoritaire\u00a0?<\/strong> <strong>Tout est question d\u2019arithm\u00e9tique, de convictions et \u2026 de boug\u00e9s\u00a0<\/strong>; en faisant l\u2019hypoth\u00e8se que ni les ren\u00e9gats, ni les nationalistes, ni les trumpistes ne seront une force positive de traction. <strong>Le socle-cible est donc compos\u00e9 des euro-faucons (pour rappel, 28%), des euro-colombes (21%) et des atlantistes (12%)<\/strong>. Aux premiers d\u2019\u00eatre un peu moins hostiles aux Etats-Unis, aux seconds d\u2019en faire autant tout en acceptant d\u2019arbitrer les budgets publics au profit de la d\u00e9fense et aux troisi\u00e8mes de comprendre que la r\u00e9ussite du projet europ\u00e9en passe par un peu plus de distance prise par rapport \u00e0 l\u2019alli\u00e9 am\u00e9ricain<strong>. Des compromis devront \u00eatre pass\u00e9s<\/strong>. Il n\u2019est pas \u00e9vident que la d\u00e9marche soit facile \u00e0 op\u00e9rer. <strong>S\u2019il n\u2019est pas possible d\u2019avancer \u00e0 27, peut-\u00eatre faudra-t-il qu\u2019une \u00ab\u00a0avant-garde\u00a0\u00bb,<\/strong> \u00e0 condition qu\u2019elle soit suffisamment nombreuse, <strong>montre et pr\u00e9pare le chemin<\/strong> que tous devraient finir par emprunter.<\/p>\t\t\t\t\t\t\t\t<\/div>\n\t\t\t\t<div class=\"elementor-element elementor-element-cc2cf36 elementor-widget elementor-widget-text-editor\" data-id=\"cc2cf36\" data-element_type=\"widget\" data-e-type=\"widget\" data-widget_type=\"text-editor.default\">\n\t\t\t\t\t\t\t\t\t<p><strong>D\u2019o\u00f9 la question-cl\u00e9 du comment faire pour que cela marche. Peut-on esp\u00e9rer une initiative franco-allemande qui emporterait la majorit\u00e9 des pays-membres dans cet exercice de r\u00e9forme en profondeur l\u2019UE\u00a0? En toile de fond, une double r\u00e9alit\u00e9 appara\u00eet\u00a0<\/strong>: d\u2019une part, des opinions publiques partageant le m\u00eame regard sur les menaces actuelles et ayant des positionnements \u00ab\u00a0conciliables\u00a0\u00bb sur le devenir de l\u2019Europe et d\u2019autre part, des performances \u00e9conomiques \u00ab\u00a0contrast\u00e9es\u00a0\u00bb.<\/p>\t\t\t\t\t\t\t\t<\/div>\n\t\t\t\t<div class=\"elementor-element elementor-element-e04f1cc elementor-widget elementor-widget-text-editor\" data-id=\"e04f1cc\" data-element_type=\"widget\" data-e-type=\"widget\" data-widget_type=\"text-editor.default\">\n\t\t\t\t\t\t\t\t\t<p><strong>Du c\u00f4t\u00e9 des \u00e9l\u00e9ments de convergence, la perception des enjeux est comparable entre Allemands et Fran\u00e7ais. Il en va de m\u00eame de celle des alli\u00e9s et des adversaires<\/strong>. La d\u00e9clinaison de ces constats largement partag\u00e9s en termes de projet europ\u00e9en a donc des raisons d\u2019\u00eatre proche. Elle l\u2019est, mais pas compl\u00e8tement. Certes, <strong>dans chacun des 2 pays, une coalition des euro-faucons, des euro-colombes et des atlantistes est majoritaire. Mais, si elle l\u2019est de fa\u00e7on assez large en Allemagne<\/strong> (58%\u00a0; \u00e0 savoir respectivement 33%, 17% et 8%), <strong>la majorit\u00e9 est tout juste atteinte en France<\/strong> (51%, avec respectivement 26%, 18% et 7%).\u00a0 En fait, les eurosceptiques, qu\u2019ils soient ren\u00e9gats, nationalistes ou trumpistes, et les personnes qui ne se positionnent pas \u00ab\u00a0p\u00e8sent\u00a0\u00bb plus en France qu\u2019en Allemagne (respectivement 39% et 10% contre 35% et 7%). Les Allemands qui se reconnaissent dans la majorit\u00e9 gouvernementale sont \u00e0-peu-pr\u00e8s \u00e0 53% \u00e0 s\u2019identifier comme euro-faucons. En France, ils se positionnent quasiment 10 points en dessous.<\/p>\t\t\t\t\t\t\t\t<\/div>\n\t\t\t\t<div class=\"elementor-element elementor-element-deacc60 elementor-widget elementor-widget-spacer\" data-id=\"deacc60\" data-element_type=\"widget\" data-e-type=\"widget\" data-widget_type=\"spacer.default\">\n\t\t\t\t\t\t\t<div class=\"elementor-spacer\">\n\t\t\t<div class=\"elementor-spacer-inner\"><\/div>\n\t\t<\/div>\n\t\t\t\t\t\t<\/div>\n\t\t\t\t<div class=\"elementor-element elementor-element-6a52045 elementor-widget elementor-widget-text-editor\" data-id=\"6a52045\" data-element_type=\"widget\" data-e-type=\"widget\" data-widget_type=\"text-editor.default\">\n\t\t\t\t\t\t\t\t\t<h4><strong>Quels sont les enjeux les plus pr\u00e9occupants pour les Fran\u00e7ais et les Allemands ?\u00a0<\/strong><\/h4>\t\t\t\t\t\t\t\t<\/div>\n\t\t\t\t<div class=\"elementor-element elementor-element-64fd600 elementor-widget elementor-widget-image\" data-id=\"64fd600\" data-element_type=\"widget\" data-e-type=\"widget\" data-widget_type=\"image.default\">\n\t\t\t\t\t\t\t\t\t\t\t\t\t\t\t<img decoding=\"async\" width=\"800\" height=\"288\" src=\"https:\/\/www.accuracy.com\/wp-content\/uploads\/2026\/04\/Talks-Straight-Economics-mai-2026-Arret-sur-image-2-2-1024x368.png\" class=\"attachment-large size-large wp-image-62313\" alt=\"\" srcset=\"https:\/\/www.accuracy.com\/wp-content\/uploads\/2026\/04\/Talks-Straight-Economics-mai-2026-Arret-sur-image-2-2-1024x368.png 1024w, https:\/\/www.accuracy.com\/wp-content\/uploads\/2026\/04\/Talks-Straight-Economics-mai-2026-Arret-sur-image-2-2-300x108.png 300w, https:\/\/www.accuracy.com\/wp-content\/uploads\/2026\/04\/Talks-Straight-Economics-mai-2026-Arret-sur-image-2-2-768x276.png 768w, https:\/\/www.accuracy.com\/wp-content\/uploads\/2026\/04\/Talks-Straight-Economics-mai-2026-Arret-sur-image-2-2-18x6.png 18w, https:\/\/www.accuracy.com\/wp-content\/uploads\/2026\/04\/Talks-Straight-Economics-mai-2026-Arret-sur-image-2-2.png 1279w\" sizes=\"(max-width: 800px) 100vw, 800px\" \/>\t\t\t\t\t\t\t\t\t\t\t\t\t\t\t<\/div>\n\t\t\t\t<div class=\"elementor-element elementor-element-ed12980 elementor-widget elementor-widget-text-editor\" data-id=\"ed12980\" data-element_type=\"widget\" data-e-type=\"widget\" data-widget_type=\"text-editor.default\">\n\t\t\t\t\t\t\t\t\t<h5><em>Source : Munich Security Conference, Munich Security Report 2022, 2025 et 2026<\/em><br \/><em>Lecture : chaque chiffre repr\u00e9sente le % de personne pensant que tel enjeu est un risque imminent pour leur pays<\/em><\/h5>\t\t\t\t\t\t\t\t<\/div>\n\t\t\t\t<div class=\"elementor-element elementor-element-7e78a50 elementor-widget elementor-widget-spacer\" data-id=\"7e78a50\" data-element_type=\"widget\" data-e-type=\"widget\" data-widget_type=\"spacer.default\">\n\t\t\t\t\t\t\t<div class=\"elementor-spacer\">\n\t\t\t<div class=\"elementor-spacer-inner\"><\/div>\n\t\t<\/div>\n\t\t\t\t\t\t<\/div>\n\t\t\t\t<div class=\"elementor-element elementor-element-ba795e4 elementor-widget elementor-widget-text-editor\" data-id=\"ba795e4\" data-element_type=\"widget\" data-e-type=\"widget\" data-widget_type=\"text-editor.default\">\n\t\t\t\t\t\t\t\t\t<h4><strong>Qui sont les alli\u00e9s ou les adversaires de la France et de l&#8217;Allemagne selon leurs citoyens ?\u00a0<\/strong><\/h4>\t\t\t\t\t\t\t\t<\/div>\n\t\t\t\t<div class=\"elementor-element elementor-element-2d1d1cf elementor-widget elementor-widget-image\" data-id=\"2d1d1cf\" data-element_type=\"widget\" data-e-type=\"widget\" data-widget_type=\"image.default\">\n\t\t\t\t\t\t\t\t\t\t\t\t\t\t\t<img decoding=\"async\" width=\"800\" height=\"639\" src=\"https:\/\/www.accuracy.com\/wp-content\/uploads\/2026\/04\/Talks-Straight-Economics-mai-2026-Arret-sur-image-3-2.png\" class=\"attachment-large size-large wp-image-62314\" alt=\"\" srcset=\"https:\/\/www.accuracy.com\/wp-content\/uploads\/2026\/04\/Talks-Straight-Economics-mai-2026-Arret-sur-image-3-2.png 857w, https:\/\/www.accuracy.com\/wp-content\/uploads\/2026\/04\/Talks-Straight-Economics-mai-2026-Arret-sur-image-3-2-300x239.png 300w, https:\/\/www.accuracy.com\/wp-content\/uploads\/2026\/04\/Talks-Straight-Economics-mai-2026-Arret-sur-image-3-2-768x613.png 768w, https:\/\/www.accuracy.com\/wp-content\/uploads\/2026\/04\/Talks-Straight-Economics-mai-2026-Arret-sur-image-3-2-15x12.png 15w\" sizes=\"(max-width: 800px) 100vw, 800px\" \/>\t\t\t\t\t\t\t\t\t\t\t\t\t\t\t<\/div>\n\t\t\t\t<div class=\"elementor-element elementor-element-345793d elementor-widget elementor-widget-text-editor\" data-id=\"345793d\" data-element_type=\"widget\" data-e-type=\"widget\" data-widget_type=\"text-editor.default\">\n\t\t\t\t\t\t\t\t\t<h5><em>Source : Munich Security Conference, Munich Security Report 2025 et 2026<\/em><br \/><em>Lecture : chaque chiffre est le solde entre les perosnnes pensant que le pays concern\u00e9 est un alli\u00e9 et ceux pensant que c&#8217;est un adversaire<\/em><\/h5>\t\t\t\t\t\t\t\t<\/div>\n\t\t\t\t<div class=\"elementor-element elementor-element-65c2df6 elementor-widget elementor-widget-spacer\" data-id=\"65c2df6\" data-element_type=\"widget\" data-e-type=\"widget\" data-widget_type=\"spacer.default\">\n\t\t\t\t\t\t\t<div class=\"elementor-spacer\">\n\t\t\t<div class=\"elementor-spacer-inner\"><\/div>\n\t\t<\/div>\n\t\t\t\t\t\t<\/div>\n\t\t\t\t<div class=\"elementor-element elementor-element-b73e732 elementor-widget elementor-widget-text-editor\" data-id=\"b73e732\" data-element_type=\"widget\" data-e-type=\"widget\" data-widget_type=\"text-editor.default\">\n\t\t\t\t\t\t\t\t\t<p><strong>Les donn\u00e9es \u00e9conomiques sont davantage divergentes\u00a0; \u00e0 l\u2019avantage de l\u2019Allemagne et avec une France le plus souvent en retrait<\/strong>. <strong>Bien s\u00fbr, il est fond\u00e9 de mod\u00e9rer le constat en prenant en compte une dynamique allemande de croissance alt\u00e9r\u00e9e, voire remise en cause sur les derni\u00e8res ann\u00e9es.<\/strong> Sur la p\u00e9riode 2022 \u2013 2025, le PIB a recul\u00e9 en moyenne annuelle de 0,4% en Allemagne, alors qu\u2019il a progress\u00e9 de 1,2% en France. Un monde \u00e9conomique moins ouvert, particuli\u00e8rement en Chine et aux Etats-Unis, et la fermeture de l\u2019acc\u00e8s \u00e0 des mati\u00e8res premi\u00e8res russes, surtout \u00e9nerg\u00e9tiques, abondantes et peu ch\u00e8res obligent le pays \u00e0 r\u00e9inventer le mod\u00e8le \u00e9conomique. C\u2019est \u00e0 la fois co\u00fbteux et cela prend du temps. <strong>Il n\u2019emp\u00eache que Berlin est dans une situation \u00e9conomique et financi\u00e8re plus favorable que Paris<\/strong>. La premi\u00e8re capitale a les moyens de mettre en \u0153uvre les \u00e9l\u00e9ments constitutifs de cette \u00ab\u00a0renaissance\u00a0\u00bb europ\u00e9enne esp\u00e9r\u00e9e\u00a0; et ceci tr\u00e8s largement sur ressources propres. C\u2019est beaucoup moins le cas de la seconde, qui ne pourra faire l\u2019impasse sur une allocation de ressources europ\u00e9ennes\u00a0; proc\u00e9d\u00e9 auquel l\u2019Allemagne n\u2019est pas tr\u00e8s favorable.\u00a0<\/p>\t\t\t\t\t\t\t\t<\/div>\n\t\t\t\t<div class=\"elementor-element elementor-element-2695a4c elementor-widget elementor-widget-spacer\" data-id=\"2695a4c\" data-element_type=\"widget\" data-e-type=\"widget\" data-widget_type=\"spacer.default\">\n\t\t\t\t\t\t\t<div class=\"elementor-spacer\">\n\t\t\t<div class=\"elementor-spacer-inner\"><\/div>\n\t\t<\/div>\n\t\t\t\t\t\t<\/div>\n\t\t\t\t<div class=\"elementor-element elementor-element-afbf993 elementor-widget elementor-widget-text-editor\" data-id=\"afbf993\" data-element_type=\"widget\" data-e-type=\"widget\" data-widget_type=\"text-editor.default\">\n\t\t\t\t\t\t\t\t\t<h4><strong>Une image de l&#8217;\u00e9conomie plus flatteuse c\u00f4t\u00e9 allemand<\/strong><\/h4>\t\t\t\t\t\t\t\t<\/div>\n\t\t\t\t<div class=\"elementor-element elementor-element-7ac273b elementor-widget elementor-widget-image\" data-id=\"7ac273b\" data-element_type=\"widget\" data-e-type=\"widget\" data-widget_type=\"image.default\">\n\t\t\t\t\t\t\t\t\t\t\t\t\t\t\t<img loading=\"lazy\" decoding=\"async\" width=\"783\" height=\"849\" src=\"https:\/\/www.accuracy.com\/wp-content\/uploads\/2026\/04\/Talks-Straight-Economics-mai-2026-Arret-sur-image-4-2.png\" class=\"attachment-large size-large wp-image-62315\" alt=\"\" srcset=\"https:\/\/www.accuracy.com\/wp-content\/uploads\/2026\/04\/Talks-Straight-Economics-mai-2026-Arret-sur-image-4-2.png 783w, https:\/\/www.accuracy.com\/wp-content\/uploads\/2026\/04\/Talks-Straight-Economics-mai-2026-Arret-sur-image-4-2-277x300.png 277w, https:\/\/www.accuracy.com\/wp-content\/uploads\/2026\/04\/Talks-Straight-Economics-mai-2026-Arret-sur-image-4-2-768x833.png 768w, https:\/\/www.accuracy.com\/wp-content\/uploads\/2026\/04\/Talks-Straight-Economics-mai-2026-Arret-sur-image-4-2-11x12.png 11w\" sizes=\"(max-width: 783px) 100vw, 783px\" \/>\t\t\t\t\t\t\t\t\t\t\t\t\t\t\t<\/div>\n\t\t\t\t<div class=\"elementor-element elementor-element-ecfe829 elementor-widget elementor-widget-text-editor\" data-id=\"ecfe829\" data-element_type=\"widget\" data-e-type=\"widget\" data-widget_type=\"text-editor.default\">\n\t\t\t\t\t\t\t\t\t<h5><em>Source : Accuracy, Macrobond, Eurostat, IMD<\/em><\/h5>\t\t\t\t\t\t\t\t<\/div>\n\t\t\t\t<div class=\"elementor-element elementor-element-798bc19 elementor-widget elementor-widget-spacer\" data-id=\"798bc19\" data-element_type=\"widget\" data-e-type=\"widget\" data-widget_type=\"spacer.default\">\n\t\t\t\t\t\t\t<div class=\"elementor-spacer\">\n\t\t\t<div class=\"elementor-spacer-inner\"><\/div>\n\t\t<\/div>\n\t\t\t\t\t\t<\/div>\n\t\t\t\t<div class=\"elementor-element elementor-element-cdc1004 elementor-widget elementor-widget-text-editor\" data-id=\"cdc1004\" data-element_type=\"widget\" data-e-type=\"widget\" data-widget_type=\"text-editor.default\">\n\t\t\t\t\t\t\t\t\t<p><strong>Comment dans ces conditions faire avancer de conserve l\u2019Allemagne et la France\u00a0?<\/strong> Des rapprochements sont \u00e9videmment n\u00e9cessaires dans des domaines aussi importants que la d\u00e9fense (la \u00ab\u00a0responsabilit\u00e9\u00a0\u00bb de Berlin <em>vs<\/em> l\u2019 \u00ab\u00a0autonomie\u00a0\u00bb de Paris, avec en perspective un montant de d\u00e9penses militaires significativement plus \u00e9lev\u00e9 \u00e0 l\u2019est du Rhin qu\u2019\u00e0 l\u2019ouest) ou l\u2019Europe (un budget contr\u00f4l\u00e9 et des objectifs revus pour Berlin <em>vs <\/em>un budget \u00e0 la fois augment\u00e9 et financ\u00e9 sur ressources propres et des objectifs ajout\u00e9s pour Paris). <strong>Des engagements r\u00e9ciproques devront \u00eatre pris<\/strong>. Une France, qui remet de l\u2019ordre dans ses comptes publics de fa\u00e7on rapide, durable et cr\u00e9dible, et une Allemagne, qui d\u00e9veloppe les attributs de sa puissance dans un cadre europ\u00e9en. Est-ce possible ou, pour \u00eatre plus pr\u00e9cis, les \u00e9quilibres politiques de part et d\u2019autre le permettront-ils ?<\/p>\t\t\t\t\t\t\t\t<\/div>\n\t\t\t\t<div class=\"elementor-element elementor-element-705da7c elementor-widget elementor-widget-spacer\" data-id=\"705da7c\" data-element_type=\"widget\" data-e-type=\"widget\" data-widget_type=\"spacer.default\">\n\t\t\t\t\t\t\t<div class=\"elementor-spacer\">\n\t\t\t<div class=\"elementor-spacer-inner\"><\/div>\n\t\t<\/div>\n\t\t\t\t\t\t<\/div>\n\t\t\t\t\t<\/div>\n\t\t\t\t<\/div>\n\t\t<div class=\"elementor-element elementor-element-cb209de e-flex e-con-boxed e-con e-parent\" data-id=\"cb209de\" data-element_type=\"container\" data-e-type=\"container\">\n\t\t\t\t\t<div class=\"e-con-inner\">\n\t\t\t\t<div class=\"elementor-element elementor-element-6270d0c elementor-widget elementor-widget-text-editor\" data-id=\"6270d0c\" data-element_type=\"widget\" data-e-type=\"widget\" data-widget_type=\"text-editor.default\">\n\t\t\t\t\t\t\t\t\t<hr \/><p><strong>Herv\u00e9 Goulletquer, Senior Economic Adviser, Accuracy<\/strong><\/p>\t\t\t\t\t\t\t\t<\/div>\n\t\t\t\t\t<\/div>\n\t\t\t\t<\/div>\n\t\t\t\t<\/div>\n\t\t","protected":false},"excerpt":{"rendered":"<p>Il n\u2019est pas facile pour l\u2019Europe de faire face \u00e0 l\u2019image d\u2019elle-m\u00eame que lui renvoie le miroir tendu par les Etats-Unis. N\u2019y voit-on pas une \u00e9conomie \u00e0 la tra\u00eene, une difficult\u00e9 \u00e0 \u00ab\u00a0tenir son rang\u00a0\u00bb parmi les Grands du monde et l\u2019annonce d\u2019une d\u00e9cadence civilisationnelle\u00a0? En mati\u00e8re \u00e9conomique, la comparaison sur longue p\u00e9riode des \u00e9volutions [&hellip;]<\/p>\n","protected":false},"author":63,"featured_media":62322,"comment_status":"closed","ping_status":"closed","sticky":false,"template":"","format":"standard","meta":{"_acf_changed":false,"footnotes":""},"categories":[113],"tags":[],"class_list":["post-62292","post","type-post","status-publish","format-standard","has-post-thumbnail","hentry","category-france"],"acf":[],"yoast_head":"<!-- This site is optimized with the Yoast SEO Premium plugin v27.5 (Yoast SEO v27.5) - https:\/\/yoast.com\/product\/yoast-seo-premium-wordpress\/ -->\n<title>R\u00e9enchanter l\u2019Europe : l\u2019Allemagne et la France sauront-ils \u00eatre \u00e0 la man\u0153uvre ? - Accuracy<\/title>\n<meta name=\"description\" content=\"Il n\u2019est pas facile pour l\u2019Europe de faire face \u00e0 l\u2019image d\u2019elle-m\u00eame que lui renvoie le miroir tendu par les Etats-Unis. N\u2019y voit-on pas une \u00e9conomie \u00e0 la tra\u00eene, une difficult\u00e9 \u00e0 \u00ab tenir son rang \u00bb parmi les Grands du monde et l\u2019annonce d\u2019une d\u00e9cadence civilisationnelle ?\" \/>\n<meta name=\"robots\" content=\"index, follow, max-snippet:-1, max-image-preview:large, max-video-preview:-1\" \/>\n<link rel=\"canonical\" href=\"https:\/\/www.accuracy.com\/en_gb\/reenchanter-leurope-lallemagne-et-la-france-sauront-ils-etre-a-la-manoeuvre\/\" \/>\n<meta property=\"og:locale\" content=\"en_GB\" \/>\n<meta property=\"og:type\" content=\"article\" \/>\n<meta property=\"og:title\" content=\"R\u00e9enchanter l\u2019Europe : l\u2019Allemagne et la France sauront-ils \u00eatre \u00e0 la man\u0153uvre ?\" \/>\n<meta property=\"og:description\" content=\"Il n\u2019est pas facile pour l\u2019Europe de faire face \u00e0 l\u2019image d\u2019elle-m\u00eame que lui renvoie le miroir tendu par les Etats-Unis. N\u2019y voit-on pas une \u00e9conomie \u00e0 la tra\u00eene, une difficult\u00e9 \u00e0 \u00ab tenir son rang \u00bb parmi les Grands du monde et l\u2019annonce d\u2019une d\u00e9cadence civilisationnelle ?\" \/>\n<meta property=\"og:url\" content=\"https:\/\/www.accuracy.com\/en_gb\/reenchanter-leurope-lallemagne-et-la-france-sauront-ils-etre-a-la-manoeuvre\/\" \/>\n<meta property=\"og:site_name\" content=\"Accuracy\" \/>\n<meta property=\"article:published_time\" content=\"2026-04-29T09:06:07+00:00\" \/>\n<meta property=\"article:modified_time\" content=\"2026-04-29T09:09:38+00:00\" \/>\n<meta property=\"og:image\" content=\"https:\/\/www.accuracy.com\/wp-content\/uploads\/2026\/04\/shutterstock_2590286875.jpg\" \/>\n\t<meta property=\"og:image:width\" content=\"1920\" \/>\n\t<meta property=\"og:image:height\" content=\"1282\" \/>\n\t<meta property=\"og:image:type\" content=\"image\/jpeg\" \/>\n<meta name=\"author\" content=\"Etienne Levy\" \/>\n<meta name=\"twitter:card\" content=\"summary_large_image\" \/>\n<meta name=\"twitter:label1\" content=\"Written by\" \/>\n\t<meta name=\"twitter:data1\" content=\"Etienne Levy\" \/>\n<script type=\"application\/ld+json\" class=\"yoast-schema-graph\">{\"@context\":\"https:\\\/\\\/schema.org\",\"@graph\":[{\"@type\":\"Article\",\"@id\":\"https:\\\/\\\/www.accuracy.com\\\/reenchanter-leurope-lallemagne-et-la-france-sauront-ils-etre-a-la-manoeuvre\\\/#article\",\"isPartOf\":{\"@id\":\"https:\\\/\\\/www.accuracy.com\\\/reenchanter-leurope-lallemagne-et-la-france-sauront-ils-etre-a-la-manoeuvre\\\/\"},\"author\":{\"name\":\"Etienne Levy\",\"@id\":\"https:\\\/\\\/www.accuracy.com\\\/#\\\/schema\\\/person\\\/0121122fa331675601ed145cc5dd6182\"},\"headline\":\"R\u00e9enchanter l\u2019Europe : l\u2019Allemagne et la France sauront-ils \u00eatre \u00e0 la man\u0153uvre ?\",\"datePublished\":\"2026-04-29T09:06:07+00:00\",\"dateModified\":\"2026-04-29T09:09:38+00:00\",\"mainEntityOfPage\":{\"@id\":\"https:\\\/\\\/www.accuracy.com\\\/reenchanter-leurope-lallemagne-et-la-france-sauront-ils-etre-a-la-manoeuvre\\\/\"},\"wordCount\":2374,\"publisher\":{\"@id\":\"https:\\\/\\\/www.accuracy.com\\\/#organization\"},\"image\":{\"@id\":\"https:\\\/\\\/www.accuracy.com\\\/reenchanter-leurope-lallemagne-et-la-france-sauront-ils-etre-a-la-manoeuvre\\\/#primaryimage\"},\"thumbnailUrl\":\"https:\\\/\\\/www.accuracy.com\\\/wp-content\\\/uploads\\\/2026\\\/04\\\/shutterstock_2590286875.jpg\",\"articleSection\":[\"France\"],\"inLanguage\":\"en-GB\"},{\"@type\":\"WebPage\",\"@id\":\"https:\\\/\\\/www.accuracy.com\\\/reenchanter-leurope-lallemagne-et-la-france-sauront-ils-etre-a-la-manoeuvre\\\/\",\"url\":\"https:\\\/\\\/www.accuracy.com\\\/reenchanter-leurope-lallemagne-et-la-france-sauront-ils-etre-a-la-manoeuvre\\\/\",\"name\":\"R\u00e9enchanter l\u2019Europe : l\u2019Allemagne et la France sauront-ils \u00eatre \u00e0 la man\u0153uvre ? - Accuracy\",\"isPartOf\":{\"@id\":\"https:\\\/\\\/www.accuracy.com\\\/#website\"},\"primaryImageOfPage\":{\"@id\":\"https:\\\/\\\/www.accuracy.com\\\/reenchanter-leurope-lallemagne-et-la-france-sauront-ils-etre-a-la-manoeuvre\\\/#primaryimage\"},\"image\":{\"@id\":\"https:\\\/\\\/www.accuracy.com\\\/reenchanter-leurope-lallemagne-et-la-france-sauront-ils-etre-a-la-manoeuvre\\\/#primaryimage\"},\"thumbnailUrl\":\"https:\\\/\\\/www.accuracy.com\\\/wp-content\\\/uploads\\\/2026\\\/04\\\/shutterstock_2590286875.jpg\",\"datePublished\":\"2026-04-29T09:06:07+00:00\",\"dateModified\":\"2026-04-29T09:09:38+00:00\",\"description\":\"Il n\u2019est pas facile pour l\u2019Europe de faire face \u00e0 l\u2019image d\u2019elle-m\u00eame que lui renvoie le miroir tendu par les Etats-Unis. N\u2019y voit-on pas une \u00e9conomie \u00e0 la tra\u00eene, une difficult\u00e9 \u00e0 \u00ab tenir son rang \u00bb parmi les Grands du monde et l\u2019annonce d\u2019une d\u00e9cadence civilisationnelle ?\",\"breadcrumb\":{\"@id\":\"https:\\\/\\\/www.accuracy.com\\\/reenchanter-leurope-lallemagne-et-la-france-sauront-ils-etre-a-la-manoeuvre\\\/#breadcrumb\"},\"inLanguage\":\"en-GB\",\"potentialAction\":[{\"@type\":\"ReadAction\",\"target\":[\"https:\\\/\\\/www.accuracy.com\\\/reenchanter-leurope-lallemagne-et-la-france-sauront-ils-etre-a-la-manoeuvre\\\/\"]}]},{\"@type\":\"ImageObject\",\"inLanguage\":\"en-GB\",\"@id\":\"https:\\\/\\\/www.accuracy.com\\\/reenchanter-leurope-lallemagne-et-la-france-sauront-ils-etre-a-la-manoeuvre\\\/#primaryimage\",\"url\":\"https:\\\/\\\/www.accuracy.com\\\/wp-content\\\/uploads\\\/2026\\\/04\\\/shutterstock_2590286875.jpg\",\"contentUrl\":\"https:\\\/\\\/www.accuracy.com\\\/wp-content\\\/uploads\\\/2026\\\/04\\\/shutterstock_2590286875.jpg\",\"width\":1920,\"height\":1282},{\"@type\":\"BreadcrumbList\",\"@id\":\"https:\\\/\\\/www.accuracy.com\\\/reenchanter-leurope-lallemagne-et-la-france-sauront-ils-etre-a-la-manoeuvre\\\/#breadcrumb\",\"itemListElement\":[{\"@type\":\"ListItem\",\"position\":1,\"name\":\"Accueil\",\"item\":\"https:\\\/\\\/www.accuracy.com\\\/\"},{\"@type\":\"ListItem\",\"position\":2,\"name\":\"R\u00e9enchanter l\u2019Europe : l\u2019Allemagne et la France sauront-ils \u00eatre \u00e0 la man\u0153uvre ?\"}]},{\"@type\":\"WebSite\",\"@id\":\"https:\\\/\\\/www.accuracy.com\\\/#website\",\"url\":\"https:\\\/\\\/www.accuracy.com\\\/\",\"name\":\"Accuracy\",\"description\":\"Business Advisers - Financial Consultants\",\"publisher\":{\"@id\":\"https:\\\/\\\/www.accuracy.com\\\/#organization\"},\"potentialAction\":[{\"@type\":\"SearchAction\",\"target\":{\"@type\":\"EntryPoint\",\"urlTemplate\":\"https:\\\/\\\/www.accuracy.com\\\/?s={search_term_string}\"},\"query-input\":{\"@type\":\"PropertyValueSpecification\",\"valueRequired\":true,\"valueName\":\"search_term_string\"}}],\"inLanguage\":\"en-GB\"},{\"@type\":\"Organization\",\"@id\":\"https:\\\/\\\/www.accuracy.com\\\/#organization\",\"name\":\"Accuracy\",\"url\":\"https:\\\/\\\/www.accuracy.com\\\/\",\"logo\":{\"@type\":\"ImageObject\",\"inLanguage\":\"en-GB\",\"@id\":\"https:\\\/\\\/www.accuracy.com\\\/#\\\/schema\\\/logo\\\/image\\\/\",\"url\":\"https:\\\/\\\/www.accuracy.com\\\/wp-content\\\/uploads\\\/2023\\\/08\\\/unnamed-3.jpg\",\"contentUrl\":\"https:\\\/\\\/www.accuracy.com\\\/wp-content\\\/uploads\\\/2023\\\/08\\\/unnamed-3.jpg\",\"width\":512,\"height\":512,\"caption\":\"Accuracy\"},\"image\":{\"@id\":\"https:\\\/\\\/www.accuracy.com\\\/#\\\/schema\\\/logo\\\/image\\\/\"},\"sameAs\":[\"https:\\\/\\\/www.linkedin.com\\\/company\\\/accuracy\\\/?originalSubdomain=fr\",\"https:\\\/\\\/www.instagram.com\\\/accuracycareers\\\/\"]},{\"@type\":\"Person\",\"@id\":\"https:\\\/\\\/www.accuracy.com\\\/#\\\/schema\\\/person\\\/0121122fa331675601ed145cc5dd6182\",\"name\":\"Etienne Levy\",\"image\":{\"@type\":\"ImageObject\",\"inLanguage\":\"en-GB\",\"@id\":\"https:\\\/\\\/secure.gravatar.com\\\/avatar\\\/c813ed470b69b1f5efb585901ce73ab6e5f4e77dd0533067ad71eab4f54f7b24?s=96&d=blank&r=g\",\"url\":\"https:\\\/\\\/secure.gravatar.com\\\/avatar\\\/c813ed470b69b1f5efb585901ce73ab6e5f4e77dd0533067ad71eab4f54f7b24?s=96&d=blank&r=g\",\"contentUrl\":\"https:\\\/\\\/secure.gravatar.com\\\/avatar\\\/c813ed470b69b1f5efb585901ce73ab6e5f4e77dd0533067ad71eab4f54f7b24?s=96&d=blank&r=g\",\"caption\":\"Etienne Levy\"}}]}<\/script>\n<!-- \/ Yoast SEO Premium plugin. -->","yoast_head_json":{"title":"R\u00e9enchanter l\u2019Europe : l\u2019Allemagne et la France sauront-ils \u00eatre \u00e0 la man\u0153uvre ? - Accuracy","description":"Il n\u2019est pas facile pour l\u2019Europe de faire face \u00e0 l\u2019image d\u2019elle-m\u00eame que lui renvoie le miroir tendu par les Etats-Unis. N\u2019y voit-on pas une \u00e9conomie \u00e0 la tra\u00eene, une difficult\u00e9 \u00e0 \u00ab tenir son rang \u00bb parmi les Grands du monde et l\u2019annonce d\u2019une d\u00e9cadence civilisationnelle ?","robots":{"index":"index","follow":"follow","max-snippet":"max-snippet:-1","max-image-preview":"max-image-preview:large","max-video-preview":"max-video-preview:-1"},"canonical":"https:\/\/www.accuracy.com\/en_gb\/reenchanter-leurope-lallemagne-et-la-france-sauront-ils-etre-a-la-manoeuvre\/","og_locale":"en_GB","og_type":"article","og_title":"R\u00e9enchanter l\u2019Europe : l\u2019Allemagne et la France sauront-ils \u00eatre \u00e0 la man\u0153uvre ?","og_description":"Il n\u2019est pas facile pour l\u2019Europe de faire face \u00e0 l\u2019image d\u2019elle-m\u00eame que lui renvoie le miroir tendu par les Etats-Unis. N\u2019y voit-on pas une \u00e9conomie \u00e0 la tra\u00eene, une difficult\u00e9 \u00e0 \u00ab tenir son rang \u00bb parmi les Grands du monde et l\u2019annonce d\u2019une d\u00e9cadence civilisationnelle ?","og_url":"https:\/\/www.accuracy.com\/en_gb\/reenchanter-leurope-lallemagne-et-la-france-sauront-ils-etre-a-la-manoeuvre\/","og_site_name":"Accuracy","article_published_time":"2026-04-29T09:06:07+00:00","article_modified_time":"2026-04-29T09:09:38+00:00","og_image":[{"width":1920,"height":1282,"url":"https:\/\/www.accuracy.com\/wp-content\/uploads\/2026\/04\/shutterstock_2590286875.jpg","type":"image\/jpeg"}],"author":"Etienne Levy","twitter_card":"summary_large_image","twitter_misc":{"Written by":"Etienne Levy"},"schema":{"@context":"https:\/\/schema.org","@graph":[{"@type":"Article","@id":"https:\/\/www.accuracy.com\/reenchanter-leurope-lallemagne-et-la-france-sauront-ils-etre-a-la-manoeuvre\/#article","isPartOf":{"@id":"https:\/\/www.accuracy.com\/reenchanter-leurope-lallemagne-et-la-france-sauront-ils-etre-a-la-manoeuvre\/"},"author":{"name":"Etienne Levy","@id":"https:\/\/www.accuracy.com\/#\/schema\/person\/0121122fa331675601ed145cc5dd6182"},"headline":"R\u00e9enchanter l\u2019Europe : l\u2019Allemagne et la France sauront-ils \u00eatre \u00e0 la man\u0153uvre ?","datePublished":"2026-04-29T09:06:07+00:00","dateModified":"2026-04-29T09:09:38+00:00","mainEntityOfPage":{"@id":"https:\/\/www.accuracy.com\/reenchanter-leurope-lallemagne-et-la-france-sauront-ils-etre-a-la-manoeuvre\/"},"wordCount":2374,"publisher":{"@id":"https:\/\/www.accuracy.com\/#organization"},"image":{"@id":"https:\/\/www.accuracy.com\/reenchanter-leurope-lallemagne-et-la-france-sauront-ils-etre-a-la-manoeuvre\/#primaryimage"},"thumbnailUrl":"https:\/\/www.accuracy.com\/wp-content\/uploads\/2026\/04\/shutterstock_2590286875.jpg","articleSection":["France"],"inLanguage":"en-GB"},{"@type":"WebPage","@id":"https:\/\/www.accuracy.com\/reenchanter-leurope-lallemagne-et-la-france-sauront-ils-etre-a-la-manoeuvre\/","url":"https:\/\/www.accuracy.com\/reenchanter-leurope-lallemagne-et-la-france-sauront-ils-etre-a-la-manoeuvre\/","name":"R\u00e9enchanter l\u2019Europe : l\u2019Allemagne et la France sauront-ils \u00eatre \u00e0 la man\u0153uvre ? - Accuracy","isPartOf":{"@id":"https:\/\/www.accuracy.com\/#website"},"primaryImageOfPage":{"@id":"https:\/\/www.accuracy.com\/reenchanter-leurope-lallemagne-et-la-france-sauront-ils-etre-a-la-manoeuvre\/#primaryimage"},"image":{"@id":"https:\/\/www.accuracy.com\/reenchanter-leurope-lallemagne-et-la-france-sauront-ils-etre-a-la-manoeuvre\/#primaryimage"},"thumbnailUrl":"https:\/\/www.accuracy.com\/wp-content\/uploads\/2026\/04\/shutterstock_2590286875.jpg","datePublished":"2026-04-29T09:06:07+00:00","dateModified":"2026-04-29T09:09:38+00:00","description":"Il n\u2019est pas facile pour l\u2019Europe de faire face \u00e0 l\u2019image d\u2019elle-m\u00eame que lui renvoie le miroir tendu par les Etats-Unis. N\u2019y voit-on pas une \u00e9conomie \u00e0 la tra\u00eene, une difficult\u00e9 \u00e0 \u00ab tenir son rang \u00bb parmi les Grands du monde et l\u2019annonce d\u2019une d\u00e9cadence civilisationnelle ?","breadcrumb":{"@id":"https:\/\/www.accuracy.com\/reenchanter-leurope-lallemagne-et-la-france-sauront-ils-etre-a-la-manoeuvre\/#breadcrumb"},"inLanguage":"en-GB","potentialAction":[{"@type":"ReadAction","target":["https:\/\/www.accuracy.com\/reenchanter-leurope-lallemagne-et-la-france-sauront-ils-etre-a-la-manoeuvre\/"]}]},{"@type":"ImageObject","inLanguage":"en-GB","@id":"https:\/\/www.accuracy.com\/reenchanter-leurope-lallemagne-et-la-france-sauront-ils-etre-a-la-manoeuvre\/#primaryimage","url":"https:\/\/www.accuracy.com\/wp-content\/uploads\/2026\/04\/shutterstock_2590286875.jpg","contentUrl":"https:\/\/www.accuracy.com\/wp-content\/uploads\/2026\/04\/shutterstock_2590286875.jpg","width":1920,"height":1282},{"@type":"BreadcrumbList","@id":"https:\/\/www.accuracy.com\/reenchanter-leurope-lallemagne-et-la-france-sauront-ils-etre-a-la-manoeuvre\/#breadcrumb","itemListElement":[{"@type":"ListItem","position":1,"name":"Accueil","item":"https:\/\/www.accuracy.com\/"},{"@type":"ListItem","position":2,"name":"R\u00e9enchanter l\u2019Europe : l\u2019Allemagne et la France sauront-ils \u00eatre \u00e0 la man\u0153uvre ?"}]},{"@type":"WebSite","@id":"https:\/\/www.accuracy.com\/#website","url":"https:\/\/www.accuracy.com\/","name":"Accuracy","description":"Business Advisers - Financial Consultants","publisher":{"@id":"https:\/\/www.accuracy.com\/#organization"},"potentialAction":[{"@type":"SearchAction","target":{"@type":"EntryPoint","urlTemplate":"https:\/\/www.accuracy.com\/?s={search_term_string}"},"query-input":{"@type":"PropertyValueSpecification","valueRequired":true,"valueName":"search_term_string"}}],"inLanguage":"en-GB"},{"@type":"Organization","@id":"https:\/\/www.accuracy.com\/#organization","name":"Accuracy","url":"https:\/\/www.accuracy.com\/","logo":{"@type":"ImageObject","inLanguage":"en-GB","@id":"https:\/\/www.accuracy.com\/#\/schema\/logo\/image\/","url":"https:\/\/www.accuracy.com\/wp-content\/uploads\/2023\/08\/unnamed-3.jpg","contentUrl":"https:\/\/www.accuracy.com\/wp-content\/uploads\/2023\/08\/unnamed-3.jpg","width":512,"height":512,"caption":"Accuracy"},"image":{"@id":"https:\/\/www.accuracy.com\/#\/schema\/logo\/image\/"},"sameAs":["https:\/\/www.linkedin.com\/company\/accuracy\/?originalSubdomain=fr","https:\/\/www.instagram.com\/accuracycareers\/"]},{"@type":"Person","@id":"https:\/\/www.accuracy.com\/#\/schema\/person\/0121122fa331675601ed145cc5dd6182","name":"Etienne Levy","image":{"@type":"ImageObject","inLanguage":"en-GB","@id":"https:\/\/secure.gravatar.com\/avatar\/c813ed470b69b1f5efb585901ce73ab6e5f4e77dd0533067ad71eab4f54f7b24?s=96&d=blank&r=g","url":"https:\/\/secure.gravatar.com\/avatar\/c813ed470b69b1f5efb585901ce73ab6e5f4e77dd0533067ad71eab4f54f7b24?s=96&d=blank&r=g","contentUrl":"https:\/\/secure.gravatar.com\/avatar\/c813ed470b69b1f5efb585901ce73ab6e5f4e77dd0533067ad71eab4f54f7b24?s=96&d=blank&r=g","caption":"Etienne Levy"}}]}},"_links":{"self":[{"href":"https:\/\/www.accuracy.com\/en_gb\/wp-json\/wp\/v2\/posts\/62292","targetHints":{"allow":["GET"]}}],"collection":[{"href":"https:\/\/www.accuracy.com\/en_gb\/wp-json\/wp\/v2\/posts"}],"about":[{"href":"https:\/\/www.accuracy.com\/en_gb\/wp-json\/wp\/v2\/types\/post"}],"author":[{"embeddable":true,"href":"https:\/\/www.accuracy.com\/en_gb\/wp-json\/wp\/v2\/users\/63"}],"replies":[{"embeddable":true,"href":"https:\/\/www.accuracy.com\/en_gb\/wp-json\/wp\/v2\/comments?post=62292"}],"version-history":[{"count":26,"href":"https:\/\/www.accuracy.com\/en_gb\/wp-json\/wp\/v2\/posts\/62292\/revisions"}],"predecessor-version":[{"id":62333,"href":"https:\/\/www.accuracy.com\/en_gb\/wp-json\/wp\/v2\/posts\/62292\/revisions\/62333"}],"wp:featuredmedia":[{"embeddable":true,"href":"https:\/\/www.accuracy.com\/en_gb\/wp-json\/wp\/v2\/media\/62322"}],"wp:attachment":[{"href":"https:\/\/www.accuracy.com\/en_gb\/wp-json\/wp\/v2\/media?parent=62292"}],"wp:term":[{"taxonomy":"category","embeddable":true,"href":"https:\/\/www.accuracy.com\/en_gb\/wp-json\/wp\/v2\/categories?post=62292"},{"taxonomy":"post_tag","embeddable":true,"href":"https:\/\/www.accuracy.com\/en_gb\/wp-json\/wp\/v2\/tags?post=62292"}],"curies":[{"name":"wp","href":"https:\/\/api.w.org\/{rel}","templated":true}]}}