{"id":57473,"date":"2025-10-17T18:33:31","date_gmt":"2025-10-17T16:33:31","guid":{"rendered":"https:\/\/www.accuracy.com\/?p=57473"},"modified":"2025-10-20T15:59:23","modified_gmt":"2025-10-20T13:59:23","slug":"igi-private-equity-ed-equiter-rilevano-faccin-da-consilium-sgr","status":"publish","type":"post","link":"https:\/\/www.accuracy.com\/en_gb\/igi-private-equity-ed-equiter-rilevano-faccin-da-consilium-sgr\/","title":{"rendered":"Il private equity Igi rileva la bresciana Faccin. Progetti in Cina e Usa"},"content":{"rendered":"<p>MILANO<\/p>\n<p><strong>IGI Private Equity<\/strong>, con il supporto di\u00a0<strong>Equiter<\/strong>\u00a0in qualit\u00e0 di co-investitore, rileva il controllo di\u00a0<strong>Faccin<\/strong>, societ\u00e0 di Visano (BS) fondata nel 1960 e attiva nella progettazione e produzione di macchine speciali per la deformazione dei metalli, dal fondo di private equity\u00a0<strong>Consilium sgr<\/strong>\u00a0e dalla\u00a0<strong>famiglia Faccin<\/strong>.<\/p>\n<p>Nell\u2019operazione ha investito\u00a0Andrea Ceretti, che continuer\u00e0 a guidare Faccin in qualit\u00e0 di amministratore delegato, insieme all\u2019attuale management team.<\/p>\n<p>L\u2019operazione \u00e8 stata finanziata da un pool di banche composto da\u00a0Deutsche Bank, BPER Banca e Banca IFIS\u00a0in qualit\u00e0 di mandated lead arrangers.<\/p>\n<p>Nel contesto dell\u2019operazione, IGI Private Equity \u00e8 stata assistita da<strong> Accuracy\u00a0<\/strong>per le due diligence di business e finanziaria.<\/p>\n<p><strong>L\u2019azienda punta a raggiungere i 100 milioni di euro di ricavi in 5 anni, crescendo per linee esterne e con acquisizioni. Focus su eolico e idrogeno.<\/strong><\/p>\n<p>Una visione strategica che, dopo il risanamento e il riposizionamento dell\u2019azienda, punta ora ad accelerarne la crescita investendo sui mercati di sbocco pi\u00f9 interessanti e dinamici dal punti di vista industriale &#8211; l\u2019eolico e l\u2019idrogeno &#8211; e geografico &#8211; la Cina e gli Stati Uniti.<\/p>\n<p><u>Il piano di sviluppo<\/u><\/p>\n<p>Sulla condivisione di questa visione si fonda l\u2019operazione con cui IGI Private Equity ha acquisito da Consilium Sgr e dai membri della famiglia fondatrice, il controllo di Faccin, azienda di Visano (Brescia) fondata nel 1960 e specializzata nella produzione di macchinari per deformazione dei metalli. Andrea Ceretti, dal 2018 amministratore delegato della societ\u00e0 bresciana che lui stesso ha contribuito a rilanciare, ha investito nell\u2019operazione e rimarr\u00e0 alla guida di Faccin, assieme all\u2019attuale management. Il piano condiviso dalla nuova gestione prevede di superare entro tre anni i 100 milioni di euro di fatturato (dagli attuali 60 milioni), attraverso investimenti volti a consolidare la presenza internazionale del gruppo (che attualmente esporta l\u201985-90% della produzione) sui mercati a maggiore potenziale di crescita, in particolare sviluppando i servizi post-vendita e un\u2019offerta di prodotti sempre pi\u00f9 automatizzati, integrati e a elevato contenuto tecnologico.<\/p>\n<p><u>Crescit\u00e0 per acquisizioni<\/u><\/p>\n<p>\u00abLa crescita avverr\u00e0 anche per linee esterne &#8211; spiega Angelo Mastrandrea, senior partner di IGI e futuro presidente di Faccin. Grazie al percorso di risanamento avviato da Ceretti e dall\u2019attuale management, l\u2019azienda \u00e8 oggi riconosciuta fra i tre principali leader di mercato del settore, con soluzioni ad alto valore aggiunto e capace di sviluppare impianti customizzati, e ha una importante solidit\u00e0 economico-finanziaria, con ricavi in crescita del 10% nel 2024 e un Ebitda superiore a 11 milioni di euro. Questo la rende attrattiva nei confronti di tanti piccoli operatori di mercato che possono essere interessati ad accelerare il proprio sviluppo\u00bb.<\/p>\n<p><u>Nuovi mercati di espansione<\/u><\/p>\n<p>Per quanto riguarda i mercati di sbocco, una delle aree a cui la nuova propriet\u00e0 guarda con grande interesse \u00e8 la Cina, che \u00e8 sempre stata un mercato chiuso, limitato a prodotti locali di bassa qualit\u00e0, ma che ora chiede soluzioni a valore aggiunto e guarda ai produttori europei, dato che i grandi player locali non hanno interesse a investire in questo settore di nicchia. Inoltre, nonstante l\u2019introduzione dei dazi da parte dell\u2019amministrazione Trump e la svalutazione del dollaro, il 2025 ha portato un forte aumento degli ordini dagli Stati Uniti, che non hanno produttori nazionali specializzati in questo settore e pertanto devono rivolgersi ai produttori europei.<\/p>","protected":false},"excerpt":{"rendered":"<p>MILANO IGI Private Equity, con il supporto di\u00a0Equiter\u00a0in qualit\u00e0 di co-investitore, rileva il controllo di\u00a0Faccin, societ\u00e0 di Visano (BS) fondata nel 1960 e attiva nella progettazione e produzione di macchine speciali per la deformazione dei metalli, dal fondo di private equity\u00a0Consilium sgr\u00a0e dalla\u00a0famiglia Faccin. Nell\u2019operazione ha investito\u00a0Andrea Ceretti, che continuer\u00e0 a guidare Faccin in qualit\u00e0 [&hellip;]<\/p>\n","protected":false},"author":37,"featured_media":0,"comment_status":"closed","ping_status":"closed","sticky":false,"template":"","format":"standard","meta":{"_acf_changed":false,"footnotes":""},"categories":[114,31],"tags":[],"class_list":["post-57473","post","type-post","status-publish","format-standard","hentry","category-italy","category-transactions"],"acf":[],"yoast_head":"<!-- This site is optimized with the Yoast SEO Premium plugin v27.5 (Yoast SEO v27.5) - https:\/\/yoast.com\/product\/yoast-seo-premium-wordpress\/ -->\n<title>Il private equity Igi rileva la bresciana Faccin. Progetti in Cina e Usa - Accuracy<\/title>\n<meta name=\"robots\" content=\"index, follow, max-snippet:-1, max-image-preview:large, max-video-preview:-1\" \/>\n<link rel=\"canonical\" href=\"https:\/\/www.accuracy.com\/en_gb\/igi-private-equity-ed-equiter-rilevano-faccin-da-consilium-sgr\/\" \/>\n<meta property=\"og:locale\" content=\"en_GB\" \/>\n<meta property=\"og:type\" content=\"article\" \/>\n<meta property=\"og:title\" content=\"Il private equity Igi rileva la bresciana Faccin. Progetti in Cina e Usa\" \/>\n<meta property=\"og:description\" content=\"MILANO IGI Private Equity, con il supporto di\u00a0Equiter\u00a0in qualit\u00e0 di co-investitore, rileva il controllo di\u00a0Faccin, societ\u00e0 di Visano (BS) fondata nel 1960 e attiva nella progettazione e produzione di macchine speciali per la deformazione dei metalli, dal fondo di private equity\u00a0Consilium sgr\u00a0e dalla\u00a0famiglia Faccin. Nell\u2019operazione ha investito\u00a0Andrea Ceretti, che continuer\u00e0 a guidare Faccin in qualit\u00e0 [&hellip;]\" \/>\n<meta property=\"og:url\" content=\"https:\/\/www.accuracy.com\/en_gb\/igi-private-equity-ed-equiter-rilevano-faccin-da-consilium-sgr\/\" \/>\n<meta property=\"og:site_name\" content=\"Accuracy\" \/>\n<meta property=\"article:published_time\" content=\"2025-10-17T16:33:31+00:00\" \/>\n<meta property=\"article:modified_time\" content=\"2025-10-20T13:59:23+00:00\" \/>\n<meta property=\"og:image\" content=\"https:\/\/www.accuracy.com\/wp-content\/uploads\/2023\/10\/Accuracy.png\" \/>\n\t<meta property=\"og:image:width\" content=\"1200\" \/>\n\t<meta property=\"og:image:height\" content=\"675\" \/>\n\t<meta property=\"og:image:type\" content=\"image\/png\" \/>\n<meta name=\"author\" content=\"Jennifer Regalia\" \/>\n<meta name=\"twitter:card\" content=\"summary_large_image\" \/>\n<meta name=\"twitter:label1\" content=\"Written by\" \/>\n\t<meta name=\"twitter:data1\" content=\"Jennifer Regalia\" \/>\n\t<meta name=\"twitter:label2\" content=\"Estimated reading time\" \/>\n\t<meta name=\"twitter:data2\" content=\"3 minutes\" \/>\n<script type=\"application\/ld+json\" class=\"yoast-schema-graph\">{\"@context\":\"https:\\\/\\\/schema.org\",\"@graph\":[{\"@type\":\"Article\",\"@id\":\"https:\\\/\\\/www.accuracy.com\\\/igi-private-equity-ed-equiter-rilevano-faccin-da-consilium-sgr\\\/#article\",\"isPartOf\":{\"@id\":\"https:\\\/\\\/www.accuracy.com\\\/igi-private-equity-ed-equiter-rilevano-faccin-da-consilium-sgr\\\/\"},\"author\":{\"name\":\"Jennifer Regalia\",\"@id\":\"https:\\\/\\\/www.accuracy.com\\\/#\\\/schema\\\/person\\\/0506198b312decc9715685503891d863\"},\"headline\":\"Il private equity Igi rileva la bresciana Faccin. Progetti in Cina e Usa\",\"datePublished\":\"2025-10-17T16:33:31+00:00\",\"dateModified\":\"2025-10-20T13:59:23+00:00\",\"mainEntityOfPage\":{\"@id\":\"https:\\\/\\\/www.accuracy.com\\\/igi-private-equity-ed-equiter-rilevano-faccin-da-consilium-sgr\\\/\"},\"wordCount\":553,\"publisher\":{\"@id\":\"https:\\\/\\\/www.accuracy.com\\\/#organization\"},\"articleSection\":[\"Italy\",\"Transactions\"],\"inLanguage\":\"en-GB\"},{\"@type\":\"WebPage\",\"@id\":\"https:\\\/\\\/www.accuracy.com\\\/igi-private-equity-ed-equiter-rilevano-faccin-da-consilium-sgr\\\/\",\"url\":\"https:\\\/\\\/www.accuracy.com\\\/igi-private-equity-ed-equiter-rilevano-faccin-da-consilium-sgr\\\/\",\"name\":\"Il private equity Igi rileva la bresciana Faccin. Progetti in Cina e Usa - Accuracy\",\"isPartOf\":{\"@id\":\"https:\\\/\\\/www.accuracy.com\\\/#website\"},\"datePublished\":\"2025-10-17T16:33:31+00:00\",\"dateModified\":\"2025-10-20T13:59:23+00:00\",\"breadcrumb\":{\"@id\":\"https:\\\/\\\/www.accuracy.com\\\/igi-private-equity-ed-equiter-rilevano-faccin-da-consilium-sgr\\\/#breadcrumb\"},\"inLanguage\":\"en-GB\",\"potentialAction\":[{\"@type\":\"ReadAction\",\"target\":[\"https:\\\/\\\/www.accuracy.com\\\/igi-private-equity-ed-equiter-rilevano-faccin-da-consilium-sgr\\\/\"]}]},{\"@type\":\"BreadcrumbList\",\"@id\":\"https:\\\/\\\/www.accuracy.com\\\/igi-private-equity-ed-equiter-rilevano-faccin-da-consilium-sgr\\\/#breadcrumb\",\"itemListElement\":[{\"@type\":\"ListItem\",\"position\":1,\"name\":\"Accueil\",\"item\":\"https:\\\/\\\/www.accuracy.com\\\/\"},{\"@type\":\"ListItem\",\"position\":2,\"name\":\"Il private equity Igi rileva la bresciana Faccin. Progetti in Cina e Usa\"}]},{\"@type\":\"WebSite\",\"@id\":\"https:\\\/\\\/www.accuracy.com\\\/#website\",\"url\":\"https:\\\/\\\/www.accuracy.com\\\/\",\"name\":\"Accuracy\",\"description\":\"Business Advisers - Financial Consultants\",\"publisher\":{\"@id\":\"https:\\\/\\\/www.accuracy.com\\\/#organization\"},\"potentialAction\":[{\"@type\":\"SearchAction\",\"target\":{\"@type\":\"EntryPoint\",\"urlTemplate\":\"https:\\\/\\\/www.accuracy.com\\\/?s={search_term_string}\"},\"query-input\":{\"@type\":\"PropertyValueSpecification\",\"valueRequired\":true,\"valueName\":\"search_term_string\"}}],\"inLanguage\":\"en-GB\"},{\"@type\":\"Organization\",\"@id\":\"https:\\\/\\\/www.accuracy.com\\\/#organization\",\"name\":\"Accuracy\",\"url\":\"https:\\\/\\\/www.accuracy.com\\\/\",\"logo\":{\"@type\":\"ImageObject\",\"inLanguage\":\"en-GB\",\"@id\":\"https:\\\/\\\/www.accuracy.com\\\/#\\\/schema\\\/logo\\\/image\\\/\",\"url\":\"https:\\\/\\\/www.accuracy.com\\\/wp-content\\\/uploads\\\/2023\\\/08\\\/unnamed-3.jpg\",\"contentUrl\":\"https:\\\/\\\/www.accuracy.com\\\/wp-content\\\/uploads\\\/2023\\\/08\\\/unnamed-3.jpg\",\"width\":512,\"height\":512,\"caption\":\"Accuracy\"},\"image\":{\"@id\":\"https:\\\/\\\/www.accuracy.com\\\/#\\\/schema\\\/logo\\\/image\\\/\"},\"sameAs\":[\"https:\\\/\\\/www.linkedin.com\\\/company\\\/accuracy\\\/?originalSubdomain=fr\",\"https:\\\/\\\/www.instagram.com\\\/accuracycareers\\\/\"]},{\"@type\":\"Person\",\"@id\":\"https:\\\/\\\/www.accuracy.com\\\/#\\\/schema\\\/person\\\/0506198b312decc9715685503891d863\",\"name\":\"Jennifer Regalia\",\"image\":{\"@type\":\"ImageObject\",\"inLanguage\":\"en-GB\",\"@id\":\"https:\\\/\\\/secure.gravatar.com\\\/avatar\\\/bf20e1d4d79d30119a4e71f27248e539e3a989f05feba00a4dc4ead3d5ad36b2?s=96&d=blank&r=g\",\"url\":\"https:\\\/\\\/secure.gravatar.com\\\/avatar\\\/bf20e1d4d79d30119a4e71f27248e539e3a989f05feba00a4dc4ead3d5ad36b2?s=96&d=blank&r=g\",\"contentUrl\":\"https:\\\/\\\/secure.gravatar.com\\\/avatar\\\/bf20e1d4d79d30119a4e71f27248e539e3a989f05feba00a4dc4ead3d5ad36b2?s=96&d=blank&r=g\",\"caption\":\"Jennifer Regalia\"}}]}<\/script>\n<!-- \/ Yoast SEO Premium plugin. -->","yoast_head_json":{"title":"Il private equity Igi rileva la bresciana Faccin. Progetti in Cina e Usa - Accuracy","robots":{"index":"index","follow":"follow","max-snippet":"max-snippet:-1","max-image-preview":"max-image-preview:large","max-video-preview":"max-video-preview:-1"},"canonical":"https:\/\/www.accuracy.com\/en_gb\/igi-private-equity-ed-equiter-rilevano-faccin-da-consilium-sgr\/","og_locale":"en_GB","og_type":"article","og_title":"Il private equity Igi rileva la bresciana Faccin. Progetti in Cina e Usa","og_description":"MILANO IGI Private Equity, con il supporto di\u00a0Equiter\u00a0in qualit\u00e0 di co-investitore, rileva il controllo di\u00a0Faccin, societ\u00e0 di Visano (BS) fondata nel 1960 e attiva nella progettazione e produzione di macchine speciali per la deformazione dei metalli, dal fondo di private equity\u00a0Consilium sgr\u00a0e dalla\u00a0famiglia Faccin. Nell\u2019operazione ha investito\u00a0Andrea Ceretti, che continuer\u00e0 a guidare Faccin in qualit\u00e0 [&hellip;]","og_url":"https:\/\/www.accuracy.com\/en_gb\/igi-private-equity-ed-equiter-rilevano-faccin-da-consilium-sgr\/","og_site_name":"Accuracy","article_published_time":"2025-10-17T16:33:31+00:00","article_modified_time":"2025-10-20T13:59:23+00:00","og_image":[{"width":1200,"height":675,"url":"https:\/\/www.accuracy.com\/wp-content\/uploads\/2023\/10\/Accuracy.png","type":"image\/png"}],"author":"Jennifer Regalia","twitter_card":"summary_large_image","twitter_misc":{"Written by":"Jennifer Regalia","Estimated reading time":"3 minutes"},"schema":{"@context":"https:\/\/schema.org","@graph":[{"@type":"Article","@id":"https:\/\/www.accuracy.com\/igi-private-equity-ed-equiter-rilevano-faccin-da-consilium-sgr\/#article","isPartOf":{"@id":"https:\/\/www.accuracy.com\/igi-private-equity-ed-equiter-rilevano-faccin-da-consilium-sgr\/"},"author":{"name":"Jennifer Regalia","@id":"https:\/\/www.accuracy.com\/#\/schema\/person\/0506198b312decc9715685503891d863"},"headline":"Il private equity Igi rileva la bresciana Faccin. Progetti in Cina e Usa","datePublished":"2025-10-17T16:33:31+00:00","dateModified":"2025-10-20T13:59:23+00:00","mainEntityOfPage":{"@id":"https:\/\/www.accuracy.com\/igi-private-equity-ed-equiter-rilevano-faccin-da-consilium-sgr\/"},"wordCount":553,"publisher":{"@id":"https:\/\/www.accuracy.com\/#organization"},"articleSection":["Italy","Transactions"],"inLanguage":"en-GB"},{"@type":"WebPage","@id":"https:\/\/www.accuracy.com\/igi-private-equity-ed-equiter-rilevano-faccin-da-consilium-sgr\/","url":"https:\/\/www.accuracy.com\/igi-private-equity-ed-equiter-rilevano-faccin-da-consilium-sgr\/","name":"Il private equity Igi rileva la bresciana Faccin. Progetti in Cina e Usa - Accuracy","isPartOf":{"@id":"https:\/\/www.accuracy.com\/#website"},"datePublished":"2025-10-17T16:33:31+00:00","dateModified":"2025-10-20T13:59:23+00:00","breadcrumb":{"@id":"https:\/\/www.accuracy.com\/igi-private-equity-ed-equiter-rilevano-faccin-da-consilium-sgr\/#breadcrumb"},"inLanguage":"en-GB","potentialAction":[{"@type":"ReadAction","target":["https:\/\/www.accuracy.com\/igi-private-equity-ed-equiter-rilevano-faccin-da-consilium-sgr\/"]}]},{"@type":"BreadcrumbList","@id":"https:\/\/www.accuracy.com\/igi-private-equity-ed-equiter-rilevano-faccin-da-consilium-sgr\/#breadcrumb","itemListElement":[{"@type":"ListItem","position":1,"name":"Accueil","item":"https:\/\/www.accuracy.com\/"},{"@type":"ListItem","position":2,"name":"Il private equity Igi rileva la bresciana Faccin. Progetti in Cina e Usa"}]},{"@type":"WebSite","@id":"https:\/\/www.accuracy.com\/#website","url":"https:\/\/www.accuracy.com\/","name":"Accuracy","description":"Business Advisers - Financial Consultants","publisher":{"@id":"https:\/\/www.accuracy.com\/#organization"},"potentialAction":[{"@type":"SearchAction","target":{"@type":"EntryPoint","urlTemplate":"https:\/\/www.accuracy.com\/?s={search_term_string}"},"query-input":{"@type":"PropertyValueSpecification","valueRequired":true,"valueName":"search_term_string"}}],"inLanguage":"en-GB"},{"@type":"Organization","@id":"https:\/\/www.accuracy.com\/#organization","name":"Accuracy","url":"https:\/\/www.accuracy.com\/","logo":{"@type":"ImageObject","inLanguage":"en-GB","@id":"https:\/\/www.accuracy.com\/#\/schema\/logo\/image\/","url":"https:\/\/www.accuracy.com\/wp-content\/uploads\/2023\/08\/unnamed-3.jpg","contentUrl":"https:\/\/www.accuracy.com\/wp-content\/uploads\/2023\/08\/unnamed-3.jpg","width":512,"height":512,"caption":"Accuracy"},"image":{"@id":"https:\/\/www.accuracy.com\/#\/schema\/logo\/image\/"},"sameAs":["https:\/\/www.linkedin.com\/company\/accuracy\/?originalSubdomain=fr","https:\/\/www.instagram.com\/accuracycareers\/"]},{"@type":"Person","@id":"https:\/\/www.accuracy.com\/#\/schema\/person\/0506198b312decc9715685503891d863","name":"Jennifer Regalia","image":{"@type":"ImageObject","inLanguage":"en-GB","@id":"https:\/\/secure.gravatar.com\/avatar\/bf20e1d4d79d30119a4e71f27248e539e3a989f05feba00a4dc4ead3d5ad36b2?s=96&d=blank&r=g","url":"https:\/\/secure.gravatar.com\/avatar\/bf20e1d4d79d30119a4e71f27248e539e3a989f05feba00a4dc4ead3d5ad36b2?s=96&d=blank&r=g","contentUrl":"https:\/\/secure.gravatar.com\/avatar\/bf20e1d4d79d30119a4e71f27248e539e3a989f05feba00a4dc4ead3d5ad36b2?s=96&d=blank&r=g","caption":"Jennifer Regalia"}}]}},"_links":{"self":[{"href":"https:\/\/www.accuracy.com\/en_gb\/wp-json\/wp\/v2\/posts\/57473","targetHints":{"allow":["GET"]}}],"collection":[{"href":"https:\/\/www.accuracy.com\/en_gb\/wp-json\/wp\/v2\/posts"}],"about":[{"href":"https:\/\/www.accuracy.com\/en_gb\/wp-json\/wp\/v2\/types\/post"}],"author":[{"embeddable":true,"href":"https:\/\/www.accuracy.com\/en_gb\/wp-json\/wp\/v2\/users\/37"}],"replies":[{"embeddable":true,"href":"https:\/\/www.accuracy.com\/en_gb\/wp-json\/wp\/v2\/comments?post=57473"}],"version-history":[{"count":7,"href":"https:\/\/www.accuracy.com\/en_gb\/wp-json\/wp\/v2\/posts\/57473\/revisions"}],"predecessor-version":[{"id":57481,"href":"https:\/\/www.accuracy.com\/en_gb\/wp-json\/wp\/v2\/posts\/57473\/revisions\/57481"}],"wp:attachment":[{"href":"https:\/\/www.accuracy.com\/en_gb\/wp-json\/wp\/v2\/media?parent=57473"}],"wp:term":[{"taxonomy":"category","embeddable":true,"href":"https:\/\/www.accuracy.com\/en_gb\/wp-json\/wp\/v2\/categories?post=57473"},{"taxonomy":"post_tag","embeddable":true,"href":"https:\/\/www.accuracy.com\/en_gb\/wp-json\/wp\/v2\/tags?post=57473"}],"curies":[{"name":"wp","href":"https:\/\/api.w.org\/{rel}","templated":true}]}}