{"id":22216,"date":"2022-07-13T07:31:28","date_gmt":"2022-07-13T05:31:28","guid":{"rendered":"https:\/\/www.accuracy.com\/2022\/07\/13\/accuracy-talks-straight-5-zoom-sectoriel\/"},"modified":"2023-05-03T12:49:44","modified_gmt":"2023-05-03T10:49:44","slug":"accuracy-talks-straight-5-zoom-sectoriel","status":"publish","type":"post","link":"https:\/\/www.accuracy.com\/en_gb\/accuracy-talks-straight-5-zoom-sectoriel\/","title":{"rendered":"Accuracy Talks Straight #5 &#8211; Zoom sectoriel"},"content":{"rendered":"<hr class=\"wp-block-separator\"\/>\n\n\n\n<figure class=\"wp-block-image\"><img decoding=\"async\" src=\"https:\/\/www.accuracy.com\/wp-content\/uploads\/2021\/07\/03.-Zoom-sectoriel-1024x153.png\" alt=\"This image has an empty alt attribute; its file name is 03.-Zoom-sectoriel-1024x153.png\"\/><\/figure>\n\n\n\n<p><\/p>\n\n\n\n<div class=\"wp-block-columns is-layout-flex wp-container-core-columns-is-layout-28f84493 wp-block-columns-is-layout-flex\">\n<div class=\"wp-block-column is-layout-flow wp-block-column-is-layout-flow\">\n<div class=\"wp-block-media-text alignwide\" style=\"grid-template-columns:22% auto\"><figure class=\"wp-block-media-text__media\"><img decoding=\"async\" src=\"https:\/\/www.accuracy.com\/wp-content\/uploads\/2022\/07\/PAILLOT-DE-MONTABERT-Nicolas-BW.jpg\" alt=\"\" class=\"wp-image-16923\"\/><\/figure><div class=\"wp-block-media-text__content\">\n<p class=\"has-large-font-size\"><a href=\"https:\/\/www.accuracy.com\/en_gb\/team\/partners-directors\/nicolas-paillot-de-montabert\/\">Nicolas Paillot de Montabert<\/a><br>Associ\u00e9,<br>Accuracy <\/p>\n<\/div><\/div>\n<\/div>\n\n\n\n<div class=\"wp-block-column is-layout-flow wp-block-column-is-layout-flow\">\n<div class=\"wp-block-media-text alignwide\" style=\"grid-template-columns:22% auto\"><figure class=\"wp-block-media-text__media\"><img decoding=\"async\" src=\"https:\/\/www.accuracy.com\/wp-content\/uploads\/2022\/07\/SCHMIT-Justine-BW.jpg\" alt=\"\" class=\"wp-image-16924\"\/><\/figure><div class=\"wp-block-media-text__content\">\n<p class=\"has-large-font-size\"> Justine Schmit<br>Senior Manager,<br>Accuracy <\/p>\n<\/div><\/div>\n<\/div>\n<\/div>\n\n\n\n<p><\/p>\n\n\n\n<p style=\"font-size:25px\"><strong>L&#8217;immobilier est-il en haut de cycle ? L&#8217;exemple de Paris.<\/strong> <\/p>\n\n\n\n<p><strong>Que penser de la stabilit\u00e9 des prix au m2 de l\u2019immobilier r\u00e9sidentiel \u00e0 Paris, et ce malgr\u00e9 la crise sanitaire ?<\/strong><\/p>\n\n\n\n<p>Depuis mars 2020, la pand\u00e9mie de Covid-19 a profond\u00e9ment boulevers\u00e9 l\u2019\u00e9conomie mondiale provoquant des changements dans de nombreux secteurs, notamment dans l\u2019immobilier r\u00e9sidentiel.<\/p>\n\n\n\n<p>Cette crise sanitaire est notamment \u00e0 l\u2019origine d\u2019un bouleversement des paradigmes \u00e9conomiques en place depuis les ann\u00e9es 2010. La zone euro fait actuellement face \u00e0 une augmentation forte de l\u2019inflation qui a atteint 5,2% en mai 2022, un niveau sans pr\u00e9c\u00e9dent depuis 1985. Les conditions d\u2019acc\u00e8s au cr\u00e9dit immobilier pour les particuliers deviennent aussi progressivement plus difficiles.<\/p>\n\n\n\n<p>Pourtant, malgr\u00e9 ce contexte et contrairement aux crises pr\u00e9c\u00e9dentes, le prix au m2 des logements anciens \u00e0 Paris n\u2019a pas connu de baisse significative et est demeur\u00e9 relativement stable.<\/p>\n\n\n\n<p><strong>Face \u00e0 cette situation, deux th\u00e8ses s\u2019opposent : <\/strong>d\u2019une part, certains consid\u00e8rent que la hausse constante du prix de l\u2019immobilier ancien \u00e0 Paris est justifi\u00e9e par son caract\u00e8re unique, ville des lumi\u00e8res, la mettant \u00e0 l\u2019abri des cycles \u00e9conomiques tandis que d\u2019autres s\u2019alarment d\u2019une bulle immobili\u00e8re dans la capitale qui serait sur le point d\u2019\u00e9clater.<\/p>\n\n\n\n<p><strong>FAISONS PARLER LES CHIFFRES<\/strong><\/p>\n\n\n\n<p>Selon la base de donn\u00e9es des notaires parisiens, le prix au m2 des logements anciens est pass\u00e9 de 3 463 \u20ac\/m2 \u00e0 10 760 \u20ac\/m2 entre 1991 et avril 2022, soit une hausse de l\u2019ordre de 3,6% par an en moyenne. En parall\u00e8le, l\u2019inflation s\u2019est \u00e9lev\u00e9e, sur la m\u00eame p\u00e9riode, \u00e0 environ 1,8% par an en moyenne, selon l\u2019INSEE.<\/p>\n\n\n\n<p>En synth\u00e8se, la valeur du m\u00e8tre carr\u00e9 parisien a ainsi cr\u00fb 2 fois plus vite en moyenne que l\u2019inflation.<\/p>\n\n\n\n<p>Sur le graphique ci-dessous, nous pouvons observer la courbe d\u2019augmentation r\u00e9elle du prix au m2 de l\u2019immobilier \u00e0 Paris versus une courbe du prix au m2 de 1991, inflat\u00e9e ensuite chaque ann\u00e9e au taux de l\u2019inflation Insee.<\/p>\n\n\n\n<figure class=\"wp-block-image size-large\"><img decoding=\"async\" src=\"https:\/\/www.accuracy.com\/wp-content\/uploads\/2022\/07\/ATS5-Figure-1_FR-1024x584.jpg\" alt=\"\" class=\"wp-image-17099\"\/><\/figure>\n\n\n\n<p><strong>Deux phases peuvent \u00eatre observ\u00e9es sur ce graphe :<\/strong><\/p>\n\n\n\n<p>\u2022 <strong>Sur la p\u00e9riode allant de 1991 \u00e0 2004,<\/strong> le prix au m2 r\u00e9el est rest\u00e9 inf\u00e9rieur au prix de 1991 inflat\u00e9 Insee. Le prix de l\u2019immobilier avait fortement cr\u00fb sur la p\u00e9riode avant 1991 puis subi une correction majeure d\u2019environ 35% entre 1991 et 1997. C\u2019est seulement en 2004 que la courbe du prix immobilier parisien r\u00e9elle est revenue croiser la courbe inflat\u00e9e Insee.<\/p>\n\n\n\n<p>Pour m\u00e9moire, l\u2019ann\u00e9e 1991 marque une ann\u00e9e de haut de cycle ayant achev\u00e9 une phase haussi\u00e8re de sp\u00e9culation des marchands de biens \u00e0 Paris et le d\u00e9but de ce qui sera qualifi\u00e9e par certains experts de \u00ab crise immobili\u00e8re du si\u00e8cle \u00bb.<\/p>\n\n\n\n<p>\u2022 Sur la p\u00e9riode allant de 2004 \u00e0 avril 2022, le prix au m2 r\u00e9el a cr\u00fb tr\u00e8s significativement, bien plus rapidement que l\u2019inflation \u00e9conomique : +5,0% par an en moyenne pour le prix de l\u2019immobilier r\u00e9el versus seulement +1,8% pour l\u2019inflation. Il y a ainsi une d\u00e9connexion majeure entre l\u2019\u00e9volution des prix de l\u2019immobilier r\u00e9sidentiel \u00e0 Paris et l\u2019augmentation moyenne du niveau de vie.<\/p>\n\n\n\n<p>Par ailleurs, il est int\u00e9ressant de noter qu\u2019entre 2020 et 2022, le prix au m2 \u00e0 Paris n\u2019a connu aucune variation majeure, contrairement aux crises pr\u00e9c\u00e9dentes (1991 ou 2008).<\/p>\n\n\n\n<p>On observe cependant en ce premier trimestre 2022 le retour d\u2019une inflation significative sans r\u00e9percussion \u00e0 ce stade sur les prix r\u00e9els de l\u2019immobilier.<\/p>\n\n\n\n<p><strong>Est-ce d\u00fb \u00e0 une demande croissante ?<\/strong><\/p>\n\n\n\n<p>Nombreux sont les d\u00e9fenseurs de la th\u00e8se suivante : la demande pour Paris est croissante et confront\u00e9e \u00e0 une offre limit\u00e9e ce qui a provoqu\u00e9 la hausse constante des prix au m2, et ce m\u00eame quel que soit la p\u00e9riode du cycle \u00e9conomique.<\/p>\n\n\n\n<p><strong>La r\u00e9alit\u00e9 d\u00e9mographique se r\u00e9v\u00e8le, en r\u00e9alit\u00e9, bien plus complexe.<\/strong> Ainsi, entre 1990 et 2020, le nombre d\u2019habitants \u00e0 Paris est pass\u00e9e de 2,15 millions d\u2019habitants \u00e0 2,19 millions avec un point culminant de 2,24 millions en 2010. D\u2019autre part, depuis 2021, la population parisienne tend \u00e0 diminuer progressivement pour atteindre 2,14 millions d\u2019habitants en 2022. En effet, une partie des Parisiens, \u00e9prouv\u00e9e par les restrictions sanitaires, ont d\u00e9cid\u00e9 de quitter Paris intra-muros pour la petite et grande couronne ou d\u2019autres r\u00e9gions de France.<\/p>\n\n\n\n<p>Cette tendance \u00e0 la d\u00e9localisation hors de Paris intra-muros a \u00e9galement \u00e9t\u00e9 observ\u00e9e chez les m\u00e9nages de retour de Londres cons\u00e9cutivement au Brexit.<\/p>\n\n\n\n<p>Cette tendance d\u00e9croissante s\u2019accompagne d\u2019une augmentation de la pression d\u00e9mographique dans le reste de l\u2019Ile-de-France (hors Paris). Les d\u00e9partements de la Petite et de la Grande Couronne ont vu leur population cro\u00eetre de 8,5 \u00e0 10,3 millions d\u2019habitants entre 1990 et 2022.<\/p>\n\n\n\n<p>Ainsi, depuis 1990, Paris connait une <strong>dynamique d\u00e9mographique relativement stable<\/strong> amor\u00e7ant m\u00eame une baisse depuis 2021. La demande ne semble donc pas permettre de justifier la hausse significative des prix r\u00e9els de l\u2019immobilier r\u00e9sidentiels \u00e0 Paris.<\/p>\n\n\n\n<p><strong>Est-ce d\u00fb \u00e0 une offre d\u00e9croissante ?<\/strong><\/p>\n\n\n\n<p>A Paris, les volumes de transactions sont plus \u00e9lev\u00e9s en p\u00e9riode de hausse des prix (entre 35 000 et 40 000 transactions par an en phase haussi\u00e8re) alors que ceux-ci baissent significativement en phase baissi\u00e8re (25 000 \u00e0 30 000 transactions).<\/p>\n\n\n\n<p>Il est donc temps de mettre d\u00e9finitivement fin \u00e0 une id\u00e9e re\u00e7ue : <strong>la baisse du volume de biens \u00e0 vendre ne fait pas m\u00e9caniquement monter les prix.<\/strong><\/p>\n\n\n\n<p>La r\u00e9alit\u00e9 \u00e9conomique est diff\u00e9rente : lorsque les prix sont \u00e9lev\u00e9s, les propri\u00e9taires sont plus enclins \u00e0 vendre leur bien, soit pour r\u00e9aliser une plus-value, soit parce qu\u2019ils ont confiance dans le march\u00e9 et sont dispos\u00e9s \u00e0 r\u00e9aliser une op\u00e9ration de vente puis d\u2019achat d\u2019un nouveau bien (souvent dans la s\u00e9quence invers\u00e9e d\u2019ailleurs).<\/p>\n\n\n\n<p>A l\u2019inverse, <strong>en p\u00e9riode de prix d\u00e9croissants, le march\u00e9 se grippe.<\/strong> Les propri\u00e9taires repoussent au maximum l\u2019\u00e9ventualit\u00e9 d\u2019une vente dans l\u2019attente de jours meilleurs.<\/p>\n\n\n\n<p>La conclusion \u00e0 laquelle nous aboutissons est ainsi la suivante : la croissance historique des prix au m2 sur le march\u00e9 immobilier r\u00e9sidentiel parisien ne s\u2019explique pas par des m\u00e9canismes \u00e9conomiques classiques d\u2019offre et de demande.<\/p>\n\n\n\n<p>La dynamique des prix sur ce march\u00e9 doit m\u00eame \u00eatre consid\u00e9r\u00e9e comme \u00ab contra-\u00e9conomique \u00bb : l\u2019offre cro\u00eet en volume lorsque les prix augmentent ; l\u2019offre d\u00e9cro\u00eet en volume lorsque les prix baissent.<\/p>\n\n\n\n<p>Lorsque l\u2019on concentre l\u2019analyse sur la crise sanitaire r\u00e9cente, nous observons que les volumes de transactions ont baiss\u00e9 sur le march\u00e9 parisien. Le march\u00e9 immobilier r\u00e9sidentiel \u00e0 Paris a, en effet connu un creux d\u00e8s le premier confinement, passant de 35 100 transactions par an \u00e0 31 200 en 2020 pour revenir \u00e0 34 900 sur l\u2019ann\u00e9e 2021.<\/p>\n\n\n\n<p>Cette variation s\u2019explique notamment par la structure particuli\u00e8re du confinement, les investisseurs n\u2019ayant plus eu la possibilit\u00e9 de mener \u00e0 terme la proc\u00e9dure d\u2019achat d\u2019un bien immobilier r\u00e9sidentiel (visites, rendez-vous chez le notaire, d\u00e9m\u00e9nagement, etc.).<\/p>\n\n\n\n<p>Lorsque les mesures sanitaires strictes ont \u00e9t\u00e9 lev\u00e9es, le march\u00e9 immobilier a pu reprendre son activit\u00e9 rapidement.<\/p>\n\n\n\n<figure class=\"wp-block-image size-large\"><img decoding=\"async\" src=\"https:\/\/www.accuracy.com\/wp-content\/uploads\/2022\/07\/ATS5-Figure-2_FR-1024x554.jpg\" alt=\"\" class=\"wp-image-17100\"\/><\/figure>\n\n\n\n<figure class=\"wp-block-image size-large\"><img decoding=\"async\" src=\"https:\/\/www.accuracy.com\/wp-content\/uploads\/2022\/07\/ATS5-Figure-3_FR-1024x576.jpg\" alt=\"\" class=\"wp-image-17101\"\/><\/figure>\n\n\n\n<p>QUELLES SONT LES CONS\u00c9QUENCES DE LA CRISE DE LA COVID-19 SUR LE MARCH\u00c9 DE L\u2019IMMOBILIER R\u00c9SIDENTIEL \u00c0 PARIS ?<\/p>\n\n\n\n<figure class=\"wp-block-image size-large\"><img decoding=\"async\" src=\"https:\/\/www.accuracy.com\/wp-content\/uploads\/2022\/07\/ATS5-Figure-4_FR-1024x584.jpg\" alt=\"\" class=\"wp-image-17102\"\/><\/figure>\n\n\n\n<p>La modification de nos modes de vie \u2013 t\u00e9l\u00e9travail et d\u00e9parts de Paris &#8211; sous l\u2019effet des restrictions sanitaires devait conduire pour certains investisseurs \u00e0 une chute des prix de l\u2019immobilier \u00e0 Paris, voire m\u00eame \u00e0 l\u2019\u00e9clatement d\u2019une bulle comparable \u00e0 celle de 1991. Marqu\u00e9s par les confinements successifs et d\u00e9courag\u00e9s par les conditions plus difficiles d\u2019octroi de cr\u00e9dits immobiliers, les particuliers auraient pu se livrer \u00e0 un exode massif hors de Paris provoquant une diminution des prix de l\u2019immobilier r\u00e9sidentiel \u00e0 Paris.<\/p>\n\n\n\n<p>Nous observons sur le graphique ci-dessus, que la crise sanitaire semble n\u2019avoir eu que peu d\u2019impact sur les prix du m2 \u00e0 Paris. Ces derniers ont connu une stagnation, voire une l\u00e9g\u00e8re diminution sans pour autour descendre sous les 10 000\u20ac\/ m2 en moyenne.<\/p>\n\n\n\n<p>QUELS SONT LES DRIVERS R\u00c9ELLEMENT EXPLICATIFS DE LA HAUSSE DU PRIX AU M2 DE L\u2019IMMOBILIER R\u00c9SIDENTIEL \u00c0 PARIS ?<\/p>\n\n\n\n<p>La d\u00e9mographie et l\u2019\u00e9conomie n\u2019\u00e9tant pas vraiment pertinentes pour expliquer la hausse des prix observ\u00e9s sur longue p\u00e9riode, quelles sont les variables r\u00e9ellement explicatives de cette \u00e9volution ?<\/p>\n\n\n\n<p>Pour r\u00e9pondre \u00e0 cette question, nous avons construit un mod\u00e8le de r\u00e9gression multi-variable exploitant des s\u00e9ries historiques longues (1990-2022) et d\u00e9bouchant sur la conclusion suivante :<\/p>\n\n\n\n<p>Depuis 1990, l\u2019\u00e9volution des prix au m2 de l\u2019immobilier r\u00e9sidentiel \u00e0 Paris s\u2019explique \u00ab int\u00e9gralement \u00bb et \u00ab math\u00e9matiquement \u00bb par deux variables financi\u00e8res.<\/p>\n\n\n\n<p>En mots simples, cela signifie qu\u2019il est possible d\u2019expliquer &#8211; et potentiellement pr\u00e9dire &#8211; le prix au m2 de l\u2019immobilier r\u00e9sidentiel \u00e0 Paris avec une qualit\u00e9 de pr\u00e9diction extr\u00eamement \u00e9lev\u00e9e et ce \u00e0 partir de seulement deux variables financi\u00e8res.<\/p>\n\n\n\n<p>&#8211; Pour les connaisseurs, notre mod\u00e8le de r\u00e9gression multi-variable atteint un niveau d\u2019indice de corr\u00e9lation (R2) de 94%1<br> La premi\u00e8re variable explicative est la suivante :<\/p>\n\n\n\n<p>&#8211; Variable 1 : l\u2019\u00e9cart (ou le \u00ab spread \u00bb) entre le taux OAT 10 ans France et le taux d\u2019inflation Insee ;<\/p>\n\n\n\n<p>&#8211; Comme montr\u00e9 par la graphique ci-dessous, prise isol\u00e9ment, cette variable explique l\u2019\u00e9volution du prix au m2 avec un R2 de 79% ;<\/p>\n\n\n\n<p>Ce \u00ab spread \u00bb repr\u00e9sente simplement le taux d\u2019int\u00e9r\u00eat des emprunteurs retrait\u00e9 de l\u2019inflation \u00e9conomique, soit le taux d\u2019int\u00e9r\u00eat r\u00e9el net de l\u2019emprunteur.<\/p>\n\n\n\n<figure class=\"wp-block-image size-large\"><img decoding=\"async\" src=\"https:\/\/www.accuracy.com\/wp-content\/uploads\/2022\/07\/ATS5-Figure-5_FR-1024x592.jpg\" alt=\"\" class=\"wp-image-17103\"\/><\/figure>\n\n\n\n<p>Cette variable permet ainsi de prendre en compte l\u2019attractivit\u00e9 des ressources mobilisables par l\u2019emprunteur pour acqu\u00e9rir un bien immobilier r\u00e9sidentiel.<\/p>\n\n\n\n<p>Le spread met en lumi\u00e8re l\u2019impact des taux OAT 10 ans France dans l\u2019\u00e9volution des prix immobiliers au m2. En effet, lorsque les taux OAT 10 ans France diminuent, les particuliers voient leur capacit\u00e9 d\u2019emprunt augmenter significativement. Par exemple, si le taux d\u2019emprunt d\u2019un particulier baisse d\u2019un point (100 points de base) alors sa capacit\u00e9 d\u2019emprunt cro\u00eet d\u2019environ 10%. Or le march\u00e9 immobilier parisien int\u00e8gre cette composante dans l\u2019\u00e9volution des prix au m2. La baisse des taux a historiquement permis une augmentation de la capacit\u00e9 d\u2019emprunt des acqu\u00e9reurs mais pas de la surface en m\u00b2 qu\u2019ils peuvent acheter. Le march\u00e9 absorbe toute augmentation de la capacit\u00e9 d\u2019emprunt dans les prix au m2.<\/p>\n\n\n\n<p>D\u2019autre part, cette variable prend en compte l\u2019effet de l\u2019inflation sur le march\u00e9 immobilier. L\u2019ann\u00e9e 2017 marque l\u2019apparition d\u2019un effet ciseau entre l\u2019OAT 10 ans France et l\u2019inflation. Les taux d\u2019int\u00e9r\u00eat demeurent stables tandis que l\u2019inflation red\u00e9marre significativement. Pour la premi\u00e8re fois, en 2017, le spread (OAT 10 ans \u2013 inflation) est pass\u00e9 en n\u00e9gatif, ce qui revient \u00e0 dire que pour la premi\u00e8re fois les emprunteurs particuliers peuvent emprunter \u00e0 taux r\u00e9els nets n\u00e9gatifs.<\/p>\n\n\n\n<p>Cet effet ciseau s\u2019est accentu\u00e9 depuis 2018, entra\u00eenant la poursuite de la hausse du prix au m2 de l\u2019immobilier r\u00e9sidentiel \u00e0 Paris entre 2018 et 2020.<\/p>\n\n\n\n<p>Mais depuis 2021, l\u2019augmentation in\u00e9dite de l\u2019inflation coupl\u00e9e \u00e0 une stagnation des taux directeurs bas sont \u00e0 l\u2019origine d\u2019un taux de spread financi\u00e8rement intenable. Ce dernier passe de (0,6) % en 2020 \u00e0 (3,6) % en 2022. Sur la m\u00eame p\u00e9riode, les prix au m2 ont commenc\u00e9 \u00e0 r\u00e9gresser alors m\u00eame que la hausse du co\u00fbt de la vie a acc\u00e9l\u00e9r\u00e9.<\/p>\n\n\n\n<figure class=\"wp-block-image size-large\"><img decoding=\"async\" src=\"https:\/\/www.accuracy.com\/wp-content\/uploads\/2022\/07\/ATS5-Figure-6_FR-1024x588.jpg\" alt=\"\" class=\"wp-image-17104\"\/><\/figure>\n\n\n\n<p>La volont\u00e9 actuelle de la BCE de relever ses taux directeurs afin de juguler l\u2019inflation devrait venir graduellement att\u00e9nuer cet effet ciseau historique. Mais les prix au m2 de l\u2019immobilier r\u00e9sidentiel \u00e0 Paris ont d\u00e9finitivement entam\u00e9 une baisse remarquable.<\/p>\n\n\n\n<p>La baisse du spread de taux n\u2019est pas le seul, ni le meilleur driver explicatif de la hausse historique des prix au m2 \u00e0 Paris.<\/p>\n\n\n\n<p>La seconde variable historique est la suivante :<\/p>\n\n\n\n<p>&#8211; Variable 2 : Taille du bilan de la BCE ;<\/p>\n\n\n\n<p>&#8211; Prise isol\u00e9ment cette variable explique le prix au m2 avec un R2 d\u2019environ 94%. Elle est elle-m\u00eame significativement corr\u00e9l\u00e9e avec la premi\u00e8re variable, en raison de la coordination des d\u00e9cisions d\u2019\u00e9volution de la politique mon\u00e9taire de la BCE sur ces deux variables.<\/p>\n\n\n\n<p>Cette variable met en lumi\u00e8re les cons\u00e9quences de la politique d\u2019assouplissement mon\u00e9taire mise en place par la Banque Centrale Europ\u00e9enne sur la valorisation des classes d\u2019actifs financiers dont l\u2019immobilier \u00e0 Paris fait partie int\u00e9grante.<\/p>\n\n\n\n<p>Pour permettre aux membres de l\u2019Eurogroupe de faire face aux diff\u00e9rentes crises \u00e9conomiques (y compris la crise sanitaire), la BCE a mis en place depuis 2009 une politique ambitieuse de Quantitative Easing, \u00e0 l\u2019image de la Fed, ayant pour objectif d\u2019assurer la stabilit\u00e9 de l\u2019euro en injectant une grande quantit\u00e9 de monnaie sur le march\u00e9.<\/p>\n\n\n\n<p>La mise \u00e0 disposition de cette masse mon\u00e9taire aupr\u00e8s des banques ainsi que le maintien de taux de directeurs bas sont \u00e9galement \u00e0 l\u2019origine de la hausse historique du prix de l\u2019immobilier r\u00e9sidentiel \u00e0 Paris.<\/p>\n\n\n\n<p>A partir de nos analyses, il est possible de corr\u00e9ler \u00e0 94% l\u2019\u00e9volution historique des prix au m2 \u00e0 Paris avec la taille du bilan de la BCE.<\/p>\n\n\n\n<p>Le graphique ci-dessous pr\u00e9sente l\u2019\u00e9volution du bilan de la BCE, en progression constante depuis 2009. <\/p>\n\n\n\n<figure class=\"wp-block-image size-large\"><img decoding=\"async\" src=\"https:\/\/www.accuracy.com\/wp-content\/uploads\/2022\/07\/ATS5-Figure-7_FR-1024x590.jpg\" alt=\"\" class=\"wp-image-17105\"\/><\/figure>\n\n\n\n<p>Cette forte croissance conventionnelles pour r\u00e9pondre aux crises travers\u00e9es par l\u2019Euro-syst\u00e8me en 2009, 2011 et 2020. En rachetant massivement les titres de dettes publiques et priv\u00e9es sur le march\u00e9 europ\u00e9en pour servir les demandes de refinancement de la part des banques, la BCE cr\u00e9e des conditions favorables de financement de la zone euro dans un contexte de crise et de taux d\u2019int\u00e9r\u00eat tr\u00e8s bas.<\/p>\n\n\n\n<figure class=\"wp-block-image size-large\"><img decoding=\"async\" src=\"https:\/\/www.accuracy.com\/wp-content\/uploads\/2022\/07\/ATS5-Figure-8_FR4-1024x586.jpg\" alt=\"\" class=\"wp-image-17115\"\/><\/figure>\n\n\n\n<p>Depuis 2009, la BCE a mis en place deux ambitieux programmes d\u2019achats nets d\u2019actifs : l\u2019Asset Purchase Program (APP) et le Pandemic Emergency Purchase Program (PEPP).Ces derniers sont \u00e0 l\u2019origine d\u2019une augmentation sans pr\u00e9c\u00e9dent du bilan de la BCE depuis sa cr\u00e9ation. Cependant, alors qu\u2019entre 2020 et 2022, on observe un nouveau doublement du bilan de la BCE, le prix du m2 de l\u2019immobilier \u00e0 Paris a connu une l\u00e9g\u00e8re diminution contre une tr\u00e8s forte augmentation sur la p\u00e9riode 2011-2021. Cette rupture de tendance est majeure.<\/p>\n\n\n\n<p><strong>CONCLUSION<\/strong><\/p>\n\n\n\n<p>Sur longue p\u00e9riode historique, nous avons observ\u00e9 que l\u2019\u00e9volution du prix au m2 \u00e0 Paris est fortement corr\u00e9l\u00e9e \u00e0 la politique mon\u00e9taire du r\u00e9gulateur europ\u00e9en et ce via deux variables : le spread (OAT 10 ans \u2013 inflation) et la taille du bilan de la BCE.<\/p>\n\n\n\n<p>Entre 1999 et 2020, une formule math\u00e9matique a permis de pr\u00e9dire avec un taux de pertinence \u00e9lev\u00e9 l\u2019\u00e9volution du prix du m2 \u00e0 Paris. Pour ce faire, il suffisait d\u2019\u00e9couter le banquier central europ\u00e9en, anticiper et mod\u00e9liser ses d\u00e9cisions.<\/p>\n\n\n\n<p>Mais les ann\u00e9es 2021 et 2022 sont marqu\u00e9es par un changement drastique des indicateurs macro\u00e9conomiques.<\/p>\n\n\n\n<p>L\u2019inflation retrouve des niveaux jamais \u00e9gal\u00e9s depuis les ann\u00e9es 1970 (5,2% en mai 2022) ce qui provoque un d\u00e9r\u00e8glement du taux de spread. De m\u00eame, la d\u00e9cision de la BCE de mettre en place un plan de rachat des dettes massifs dans le contexte de la crise sanitaire a conduit \u00e0 un doublement de la taille de son bilan mon\u00e9taire sans effet notable sur le prix du m2 \u00e0 Paris.<\/p>\n\n\n\n<p>Les deux variables qui furent le moteur de la hausse des prix depuis 1999, n\u2019expliquent plus, depuis 2020, l\u2019\u00e9volution du prix au m2 de l\u2019immobilier r\u00e9sidentiel \u00e0 Paris. Le mod\u00e8le est gripp\u00e9.<\/p>\n\n\n\n<p>Ce fait marque probablement l\u2019entr\u00e9e dans une p\u00e9riode attentiste pouvant entra\u00eener une baisse conjointe des volumes et des prix du m2 (versus l\u2019inflation).<\/p>\n\n\n\n<p>Reste \u00e0 savoir combien de temps l\u2019investisseur immobilier de 2020 devra encaisser la correction de march\u00e9 en cours et si l\u2019immobilier parisien jouera bien son r\u00f4le de valeur refuge comme lors de la p\u00e9riode inflationniste de 1970.<\/p>\n\n\n\n<p><\/p>\n\n\n\n<p style=\"font-size:25px\" class=\"has-text-color has-vivid-red-color\"><a href=\"https:\/\/www.accuracy.com\/en_gb\/accuracy-talks-straight-5-fr\/\">&lt; Retourner sur Accuracy Talks Straight<\/a>  <\/p>","protected":false},"excerpt":{"rendered":"<p>Nicolas Paillot de MontabertAssoci\u00e9,Accuracy Justine SchmitSenior Manager,Accuracy L&#8217;immobilier est-il en haut de cycle ? L&#8217;exemple de Paris. Que penser de la stabilit\u00e9 des prix au m2 de l\u2019immobilier r\u00e9sidentiel \u00e0 Paris, et ce malgr\u00e9 la crise sanitaire ? Depuis mars 2020, la pand\u00e9mie de Covid-19 a profond\u00e9ment boulevers\u00e9 l\u2019\u00e9conomie mondiale provoquant des changements dans de [&hellip;]<\/p>\n","protected":false},"author":1,"featured_media":0,"comment_status":"open","ping_status":"open","sticky":false,"template":"","format":"standard","meta":{"_acf_changed":false,"footnotes":""},"categories":[60,1],"tags":[],"class_list":["post-22216","post","type-post","status-publish","format-standard","hentry","category-insights","category-uncategorized"],"acf":[],"yoast_head":"<!-- This site is optimized with the Yoast SEO Premium plugin v27.5 (Yoast SEO v27.5) - https:\/\/yoast.com\/product\/yoast-seo-premium-wordpress\/ -->\n<title>Accuracy Talks Straight #5 - Zoom sectoriel - Accuracy<\/title>\n<meta name=\"robots\" content=\"index, follow, max-snippet:-1, max-image-preview:large, max-video-preview:-1\" \/>\n<link rel=\"canonical\" href=\"https:\/\/www.accuracy.com\/en_gb\/accuracy-talks-straight-5-zoom-sectoriel\/\" \/>\n<meta property=\"og:locale\" content=\"en_GB\" \/>\n<meta property=\"og:type\" content=\"article\" \/>\n<meta property=\"og:title\" content=\"Accuracy Talks Straight #5 - Zoom sectoriel\" \/>\n<meta property=\"og:description\" content=\"Nicolas Paillot de MontabertAssoci\u00e9,Accuracy Justine SchmitSenior Manager,Accuracy L&#8217;immobilier est-il en haut de cycle ? L&#8217;exemple de Paris. Que penser de la stabilit\u00e9 des prix au m2 de l\u2019immobilier r\u00e9sidentiel \u00e0 Paris, et ce malgr\u00e9 la crise sanitaire ? Depuis mars 2020, la pand\u00e9mie de Covid-19 a profond\u00e9ment boulevers\u00e9 l\u2019\u00e9conomie mondiale provoquant des changements dans de [&hellip;]\" \/>\n<meta property=\"og:url\" content=\"https:\/\/www.accuracy.com\/en_gb\/accuracy-talks-straight-5-zoom-sectoriel\/\" \/>\n<meta property=\"og:site_name\" content=\"Accuracy\" \/>\n<meta property=\"article:published_time\" content=\"2022-07-13T05:31:28+00:00\" \/>\n<meta property=\"article:modified_time\" content=\"2023-05-03T10:49:44+00:00\" \/>\n<meta property=\"og:image\" content=\"https:\/\/www.accuracy.com\/wp-content\/uploads\/2021\/07\/03.-Zoom-sectoriel-1024x153.png\" \/>\n<meta name=\"author\" content=\"dev\" \/>\n<meta name=\"twitter:card\" content=\"summary_large_image\" \/>\n<meta name=\"twitter:label1\" content=\"Written by\" \/>\n\t<meta name=\"twitter:data1\" content=\"dev\" \/>\n\t<meta name=\"twitter:label2\" content=\"Estimated reading time\" \/>\n\t<meta name=\"twitter:data2\" content=\"13 minutes\" \/>\n<script type=\"application\/ld+json\" class=\"yoast-schema-graph\">{\"@context\":\"https:\\\/\\\/schema.org\",\"@graph\":[{\"@type\":\"Article\",\"@id\":\"https:\\\/\\\/www.accuracy.com\\\/en_gb\\\/accuracy-talks-straight-5-zoom-sectoriel\\\/#article\",\"isPartOf\":{\"@id\":\"https:\\\/\\\/www.accuracy.com\\\/en_gb\\\/accuracy-talks-straight-5-zoom-sectoriel\\\/\"},\"author\":{\"name\":\"dev\",\"@id\":\"https:\\\/\\\/www.accuracy.com\\\/#\\\/schema\\\/person\\\/8cfdef62d7af45536d2b7b45979f72e7\"},\"headline\":\"Accuracy Talks Straight #5 &#8211; Zoom sectoriel\",\"datePublished\":\"2022-07-13T05:31:28+00:00\",\"dateModified\":\"2023-05-03T10:49:44+00:00\",\"mainEntityOfPage\":{\"@id\":\"https:\\\/\\\/www.accuracy.com\\\/en_gb\\\/accuracy-talks-straight-5-zoom-sectoriel\\\/\"},\"wordCount\":2707,\"commentCount\":0,\"publisher\":{\"@id\":\"https:\\\/\\\/www.accuracy.com\\\/#organization\"},\"image\":{\"@id\":\"https:\\\/\\\/www.accuracy.com\\\/en_gb\\\/accuracy-talks-straight-5-zoom-sectoriel\\\/#primaryimage\"},\"thumbnailUrl\":\"https:\\\/\\\/www.accuracy.com\\\/wp-content\\\/uploads\\\/2021\\\/07\\\/03.-Zoom-sectoriel-1024x153.png\",\"articleSection\":[\"Insights\",\"Uncategorized\"],\"inLanguage\":\"en-GB\",\"potentialAction\":[{\"@type\":\"CommentAction\",\"name\":\"Comment\",\"target\":[\"https:\\\/\\\/www.accuracy.com\\\/en_gb\\\/accuracy-talks-straight-5-zoom-sectoriel\\\/#respond\"]}]},{\"@type\":\"WebPage\",\"@id\":\"https:\\\/\\\/www.accuracy.com\\\/en_gb\\\/accuracy-talks-straight-5-zoom-sectoriel\\\/\",\"url\":\"https:\\\/\\\/www.accuracy.com\\\/en_gb\\\/accuracy-talks-straight-5-zoom-sectoriel\\\/\",\"name\":\"Accuracy Talks Straight #5 - Zoom sectoriel - Accuracy\",\"isPartOf\":{\"@id\":\"https:\\\/\\\/www.accuracy.com\\\/#website\"},\"primaryImageOfPage\":{\"@id\":\"https:\\\/\\\/www.accuracy.com\\\/en_gb\\\/accuracy-talks-straight-5-zoom-sectoriel\\\/#primaryimage\"},\"image\":{\"@id\":\"https:\\\/\\\/www.accuracy.com\\\/en_gb\\\/accuracy-talks-straight-5-zoom-sectoriel\\\/#primaryimage\"},\"thumbnailUrl\":\"https:\\\/\\\/www.accuracy.com\\\/wp-content\\\/uploads\\\/2021\\\/07\\\/03.-Zoom-sectoriel-1024x153.png\",\"datePublished\":\"2022-07-13T05:31:28+00:00\",\"dateModified\":\"2023-05-03T10:49:44+00:00\",\"breadcrumb\":{\"@id\":\"https:\\\/\\\/www.accuracy.com\\\/en_gb\\\/accuracy-talks-straight-5-zoom-sectoriel\\\/#breadcrumb\"},\"inLanguage\":\"en-GB\",\"potentialAction\":[{\"@type\":\"ReadAction\",\"target\":[\"https:\\\/\\\/www.accuracy.com\\\/en_gb\\\/accuracy-talks-straight-5-zoom-sectoriel\\\/\"]}]},{\"@type\":\"ImageObject\",\"inLanguage\":\"en-GB\",\"@id\":\"https:\\\/\\\/www.accuracy.com\\\/en_gb\\\/accuracy-talks-straight-5-zoom-sectoriel\\\/#primaryimage\",\"url\":\"https:\\\/\\\/www.accuracy.com\\\/wp-content\\\/uploads\\\/2021\\\/07\\\/03.-Zoom-sectoriel-1024x153.png\",\"contentUrl\":\"https:\\\/\\\/www.accuracy.com\\\/wp-content\\\/uploads\\\/2021\\\/07\\\/03.-Zoom-sectoriel-1024x153.png\"},{\"@type\":\"BreadcrumbList\",\"@id\":\"https:\\\/\\\/www.accuracy.com\\\/en_gb\\\/accuracy-talks-straight-5-zoom-sectoriel\\\/#breadcrumb\",\"itemListElement\":[{\"@type\":\"ListItem\",\"position\":1,\"name\":\"Accueil\",\"item\":\"https:\\\/\\\/www.accuracy.com\\\/\"},{\"@type\":\"ListItem\",\"position\":2,\"name\":\"Accuracy Talks Straight #5 &#8211; Zoom sectoriel\"}]},{\"@type\":\"WebSite\",\"@id\":\"https:\\\/\\\/www.accuracy.com\\\/#website\",\"url\":\"https:\\\/\\\/www.accuracy.com\\\/\",\"name\":\"Accuracy\",\"description\":\"Business Advisers - Financial Consultants\",\"publisher\":{\"@id\":\"https:\\\/\\\/www.accuracy.com\\\/#organization\"},\"potentialAction\":[{\"@type\":\"SearchAction\",\"target\":{\"@type\":\"EntryPoint\",\"urlTemplate\":\"https:\\\/\\\/www.accuracy.com\\\/?s={search_term_string}\"},\"query-input\":{\"@type\":\"PropertyValueSpecification\",\"valueRequired\":true,\"valueName\":\"search_term_string\"}}],\"inLanguage\":\"en-GB\"},{\"@type\":\"Organization\",\"@id\":\"https:\\\/\\\/www.accuracy.com\\\/#organization\",\"name\":\"Accuracy\",\"url\":\"https:\\\/\\\/www.accuracy.com\\\/\",\"logo\":{\"@type\":\"ImageObject\",\"inLanguage\":\"en-GB\",\"@id\":\"https:\\\/\\\/www.accuracy.com\\\/#\\\/schema\\\/logo\\\/image\\\/\",\"url\":\"https:\\\/\\\/www.accuracy.com\\\/wp-content\\\/uploads\\\/2023\\\/08\\\/unnamed-3.jpg\",\"contentUrl\":\"https:\\\/\\\/www.accuracy.com\\\/wp-content\\\/uploads\\\/2023\\\/08\\\/unnamed-3.jpg\",\"width\":512,\"height\":512,\"caption\":\"Accuracy\"},\"image\":{\"@id\":\"https:\\\/\\\/www.accuracy.com\\\/#\\\/schema\\\/logo\\\/image\\\/\"},\"sameAs\":[\"https:\\\/\\\/www.linkedin.com\\\/company\\\/accuracy\\\/?originalSubdomain=fr\",\"https:\\\/\\\/www.instagram.com\\\/accuracycareers\\\/\"]},{\"@type\":\"Person\",\"@id\":\"https:\\\/\\\/www.accuracy.com\\\/#\\\/schema\\\/person\\\/8cfdef62d7af45536d2b7b45979f72e7\",\"name\":\"dev\",\"image\":{\"@type\":\"ImageObject\",\"inLanguage\":\"en-GB\",\"@id\":\"https:\\\/\\\/secure.gravatar.com\\\/avatar\\\/f1ffcac9ca2fa95ad3ec33e9be3ade82f752acb0cabe541e56c5889225afa88a?s=96&d=blank&r=g\",\"url\":\"https:\\\/\\\/secure.gravatar.com\\\/avatar\\\/f1ffcac9ca2fa95ad3ec33e9be3ade82f752acb0cabe541e56c5889225afa88a?s=96&d=blank&r=g\",\"contentUrl\":\"https:\\\/\\\/secure.gravatar.com\\\/avatar\\\/f1ffcac9ca2fa95ad3ec33e9be3ade82f752acb0cabe541e56c5889225afa88a?s=96&d=blank&r=g\",\"caption\":\"dev\"},\"sameAs\":[\"https:\\\/\\\/www.accuracy.com\"]}]}<\/script>\n<!-- \/ Yoast SEO Premium plugin. -->","yoast_head_json":{"title":"Accuracy Talks Straight #5 - Zoom sectoriel - Accuracy","robots":{"index":"index","follow":"follow","max-snippet":"max-snippet:-1","max-image-preview":"max-image-preview:large","max-video-preview":"max-video-preview:-1"},"canonical":"https:\/\/www.accuracy.com\/en_gb\/accuracy-talks-straight-5-zoom-sectoriel\/","og_locale":"en_GB","og_type":"article","og_title":"Accuracy Talks Straight #5 - Zoom sectoriel","og_description":"Nicolas Paillot de MontabertAssoci\u00e9,Accuracy Justine SchmitSenior Manager,Accuracy L&#8217;immobilier est-il en haut de cycle ? L&#8217;exemple de Paris. Que penser de la stabilit\u00e9 des prix au m2 de l\u2019immobilier r\u00e9sidentiel \u00e0 Paris, et ce malgr\u00e9 la crise sanitaire ? Depuis mars 2020, la pand\u00e9mie de Covid-19 a profond\u00e9ment boulevers\u00e9 l\u2019\u00e9conomie mondiale provoquant des changements dans de [&hellip;]","og_url":"https:\/\/www.accuracy.com\/en_gb\/accuracy-talks-straight-5-zoom-sectoriel\/","og_site_name":"Accuracy","article_published_time":"2022-07-13T05:31:28+00:00","article_modified_time":"2023-05-03T10:49:44+00:00","og_image":[{"url":"https:\/\/www.accuracy.com\/wp-content\/uploads\/2021\/07\/03.-Zoom-sectoriel-1024x153.png","type":"","width":"","height":""}],"author":"dev","twitter_card":"summary_large_image","twitter_misc":{"Written by":"dev","Estimated reading time":"13 minutes"},"schema":{"@context":"https:\/\/schema.org","@graph":[{"@type":"Article","@id":"https:\/\/www.accuracy.com\/en_gb\/accuracy-talks-straight-5-zoom-sectoriel\/#article","isPartOf":{"@id":"https:\/\/www.accuracy.com\/en_gb\/accuracy-talks-straight-5-zoom-sectoriel\/"},"author":{"name":"dev","@id":"https:\/\/www.accuracy.com\/#\/schema\/person\/8cfdef62d7af45536d2b7b45979f72e7"},"headline":"Accuracy Talks Straight #5 &#8211; Zoom sectoriel","datePublished":"2022-07-13T05:31:28+00:00","dateModified":"2023-05-03T10:49:44+00:00","mainEntityOfPage":{"@id":"https:\/\/www.accuracy.com\/en_gb\/accuracy-talks-straight-5-zoom-sectoriel\/"},"wordCount":2707,"commentCount":0,"publisher":{"@id":"https:\/\/www.accuracy.com\/#organization"},"image":{"@id":"https:\/\/www.accuracy.com\/en_gb\/accuracy-talks-straight-5-zoom-sectoriel\/#primaryimage"},"thumbnailUrl":"https:\/\/www.accuracy.com\/wp-content\/uploads\/2021\/07\/03.-Zoom-sectoriel-1024x153.png","articleSection":["Insights","Uncategorized"],"inLanguage":"en-GB","potentialAction":[{"@type":"CommentAction","name":"Comment","target":["https:\/\/www.accuracy.com\/en_gb\/accuracy-talks-straight-5-zoom-sectoriel\/#respond"]}]},{"@type":"WebPage","@id":"https:\/\/www.accuracy.com\/en_gb\/accuracy-talks-straight-5-zoom-sectoriel\/","url":"https:\/\/www.accuracy.com\/en_gb\/accuracy-talks-straight-5-zoom-sectoriel\/","name":"Accuracy Talks Straight #5 - Zoom sectoriel - Accuracy","isPartOf":{"@id":"https:\/\/www.accuracy.com\/#website"},"primaryImageOfPage":{"@id":"https:\/\/www.accuracy.com\/en_gb\/accuracy-talks-straight-5-zoom-sectoriel\/#primaryimage"},"image":{"@id":"https:\/\/www.accuracy.com\/en_gb\/accuracy-talks-straight-5-zoom-sectoriel\/#primaryimage"},"thumbnailUrl":"https:\/\/www.accuracy.com\/wp-content\/uploads\/2021\/07\/03.-Zoom-sectoriel-1024x153.png","datePublished":"2022-07-13T05:31:28+00:00","dateModified":"2023-05-03T10:49:44+00:00","breadcrumb":{"@id":"https:\/\/www.accuracy.com\/en_gb\/accuracy-talks-straight-5-zoom-sectoriel\/#breadcrumb"},"inLanguage":"en-GB","potentialAction":[{"@type":"ReadAction","target":["https:\/\/www.accuracy.com\/en_gb\/accuracy-talks-straight-5-zoom-sectoriel\/"]}]},{"@type":"ImageObject","inLanguage":"en-GB","@id":"https:\/\/www.accuracy.com\/en_gb\/accuracy-talks-straight-5-zoom-sectoriel\/#primaryimage","url":"https:\/\/www.accuracy.com\/wp-content\/uploads\/2021\/07\/03.-Zoom-sectoriel-1024x153.png","contentUrl":"https:\/\/www.accuracy.com\/wp-content\/uploads\/2021\/07\/03.-Zoom-sectoriel-1024x153.png"},{"@type":"BreadcrumbList","@id":"https:\/\/www.accuracy.com\/en_gb\/accuracy-talks-straight-5-zoom-sectoriel\/#breadcrumb","itemListElement":[{"@type":"ListItem","position":1,"name":"Accueil","item":"https:\/\/www.accuracy.com\/"},{"@type":"ListItem","position":2,"name":"Accuracy Talks Straight #5 &#8211; Zoom sectoriel"}]},{"@type":"WebSite","@id":"https:\/\/www.accuracy.com\/#website","url":"https:\/\/www.accuracy.com\/","name":"Accuracy","description":"Business Advisers - Financial Consultants","publisher":{"@id":"https:\/\/www.accuracy.com\/#organization"},"potentialAction":[{"@type":"SearchAction","target":{"@type":"EntryPoint","urlTemplate":"https:\/\/www.accuracy.com\/?s={search_term_string}"},"query-input":{"@type":"PropertyValueSpecification","valueRequired":true,"valueName":"search_term_string"}}],"inLanguage":"en-GB"},{"@type":"Organization","@id":"https:\/\/www.accuracy.com\/#organization","name":"Accuracy","url":"https:\/\/www.accuracy.com\/","logo":{"@type":"ImageObject","inLanguage":"en-GB","@id":"https:\/\/www.accuracy.com\/#\/schema\/logo\/image\/","url":"https:\/\/www.accuracy.com\/wp-content\/uploads\/2023\/08\/unnamed-3.jpg","contentUrl":"https:\/\/www.accuracy.com\/wp-content\/uploads\/2023\/08\/unnamed-3.jpg","width":512,"height":512,"caption":"Accuracy"},"image":{"@id":"https:\/\/www.accuracy.com\/#\/schema\/logo\/image\/"},"sameAs":["https:\/\/www.linkedin.com\/company\/accuracy\/?originalSubdomain=fr","https:\/\/www.instagram.com\/accuracycareers\/"]},{"@type":"Person","@id":"https:\/\/www.accuracy.com\/#\/schema\/person\/8cfdef62d7af45536d2b7b45979f72e7","name":"dev","image":{"@type":"ImageObject","inLanguage":"en-GB","@id":"https:\/\/secure.gravatar.com\/avatar\/f1ffcac9ca2fa95ad3ec33e9be3ade82f752acb0cabe541e56c5889225afa88a?s=96&d=blank&r=g","url":"https:\/\/secure.gravatar.com\/avatar\/f1ffcac9ca2fa95ad3ec33e9be3ade82f752acb0cabe541e56c5889225afa88a?s=96&d=blank&r=g","contentUrl":"https:\/\/secure.gravatar.com\/avatar\/f1ffcac9ca2fa95ad3ec33e9be3ade82f752acb0cabe541e56c5889225afa88a?s=96&d=blank&r=g","caption":"dev"},"sameAs":["https:\/\/www.accuracy.com"]}]}},"_links":{"self":[{"href":"https:\/\/www.accuracy.com\/en_gb\/wp-json\/wp\/v2\/posts\/22216","targetHints":{"allow":["GET"]}}],"collection":[{"href":"https:\/\/www.accuracy.com\/en_gb\/wp-json\/wp\/v2\/posts"}],"about":[{"href":"https:\/\/www.accuracy.com\/en_gb\/wp-json\/wp\/v2\/types\/post"}],"author":[{"embeddable":true,"href":"https:\/\/www.accuracy.com\/en_gb\/wp-json\/wp\/v2\/users\/1"}],"replies":[{"embeddable":true,"href":"https:\/\/www.accuracy.com\/en_gb\/wp-json\/wp\/v2\/comments?post=22216"}],"version-history":[{"count":0,"href":"https:\/\/www.accuracy.com\/en_gb\/wp-json\/wp\/v2\/posts\/22216\/revisions"}],"wp:attachment":[{"href":"https:\/\/www.accuracy.com\/en_gb\/wp-json\/wp\/v2\/media?parent=22216"}],"wp:term":[{"taxonomy":"category","embeddable":true,"href":"https:\/\/www.accuracy.com\/en_gb\/wp-json\/wp\/v2\/categories?post=22216"},{"taxonomy":"post_tag","embeddable":true,"href":"https:\/\/www.accuracy.com\/en_gb\/wp-json\/wp\/v2\/tags?post=22216"}],"curies":[{"name":"wp","href":"https:\/\/api.w.org\/{rel}","templated":true}]}}