{"id":21665,"date":"2011-04-30T22:00:00","date_gmt":"2011-04-30T20:00:00","guid":{"rendered":"https:\/\/www.accuracy.com\/2011\/04\/30\/option-finance-option-droit-affaires-le-contentieux-corporate-a-lepreuve-de-la-crise\/"},"modified":"2023-07-28T10:26:34","modified_gmt":"2023-07-28T08:26:34","slug":"option-finance-option-droit-affaires-le-contentieux-corporate-a-lepreuve-de-la-crise","status":"publish","type":"post","link":"https:\/\/www.accuracy.com\/en_gb\/option-finance-option-droit-affaires-le-contentieux-corporate-a-lepreuve-de-la-crise\/","title":{"rendered":"Option Finance\/Option Droit &#038; Affaires &#8211; Le contentieux corporate \u00e0 l&#8217;\u00e9preuve de la crise"},"content":{"rendered":"<p>La crise a pu influencer, directement ou indirectement, l\u2019\u00e9mergence de contentieux corporate singuliers ou au contraire en r\u00e9fr\u00e9ner l\u2019usage trop agressif. Passage en revue des diff\u00e9rentes probl\u00e9matiques propres aux entreprises de l\u2019Hexagone.<\/p>\n<p><strong>\u00a0<\/strong><\/p>\n<p><strong>Le contentieux corporate pouss\u00e9 par les LBO<\/strong><\/p>\n<p><strong>(\u2026) Christophe Schmit et Jean-Baptiste de Courcel<\/strong>, associ\u00e9s d\u2019Accuracy sp\u00e9cialis\u00e9s en \u00e9valuation du pr\u00e9judice apportent un \u00e9l\u00e9ment de r\u00e9ponse\u00a0: \u00ab Nous avons trait\u00e9 un certain nombre de dossiers pour des coporate mais \u00e9galement pour des fonds d\u2019investissement. Ces derniers, qui ne restent en g\u00e9n\u00e9ral pas plus de cinq ou six ans au capital d\u2019une entreprise, pr\u00e9f\u00e8rent souvent la voie arbitrale, nettement plus rapide \u00e0 la voie contentieuse, tout en esp\u00e9rant trouver un accord transactionnel. Ceci dit, plusieurs dossiers sont partis en contentieux. Avant la crise et la bulle du LBO, les contentieux coporate relevaient majoritairement de la mise en jeu des garanties de passif. Mais depuis, une part croissante des dossiers nous arrive avec comme fondement une action pour dol. La raison en est simple. La plupart des transactions boucl\u00e9es entre 2005 et 2008 se sont conclues sans garantie, que ce soient des op\u00e9rations entre fonds d\u2019investissement ou des cessions de groupes industriels \u00e0 des fonds. Les vendeurs \u00e9taient \u00e0 cette \u00e9poque en position de force. Sans garantie contractuelle, le seul terrain d\u2019attaque consiste en l\u2019action pour dol et la remise en cause de l\u2019ensemble de l\u2019op\u00e9ration\u00a0\u00bb.<\/p>\n<p>\u00ab Notre travail est \u00e0 mi-chemin entre l\u2019\u00e9valuation du pr\u00e9judice et une v\u00e9ritable investigation\u00a0\u00bb plaident les <strong>associ\u00e9s d\u2019Accuracy<\/strong>.<\/p>\n<p>Surtout dans un contexte de crise, il reste \u00ab\u00a0tr\u00e8s d\u00e9licat de rechercher ce fondement\u00a0\u00bb souligne un avocat. Car ce risque p\u00e8se plut\u00f4t sur l\u2019acqu\u00e9reur. \u00ab\u00a0Nous ne le mettons par cons\u00e9quent que tr\u00e8s rarement en avant\u00bb conc\u00e8de <strong>Christophe Schmit<\/strong>. Nous attaquons plut\u00f4t sur des donn\u00e9es objectives et concr\u00e8tes : par exemple s\u2019il est mentionn\u00e9 lors de la vente un transfert de stocks d\u2019une valeur de 100 alors qu\u2019en r\u00e9alit\u00e9 elle n\u2019est que de 50\u00a0\u00bb.<\/p>\n<p><strong>Vers une meilleure s\u00e9curit\u00e9\u00a0contractuelle\u00a0?<\/strong><\/p>\n<p>\u00ab\u00a0Acheter des soci\u00e9t\u00e9s sans aucune protection contractuelle n\u2019est pas raisonnable, insiste donc <strong>Jean-Baptiste de Courcel <\/strong>chez Accuracy. Les due diligence ne remplacent pas la connaissance intime d\u2019un vendeur ou d\u2019un manager. Il est sain d\u2019avoir des protections, surtout dans des domaines o\u00f9 les bases d\u2019actifs sont importantes et complexes. Les deux associ\u00e9s d\u2019Accuracy appellent de leurs v\u0153ux un r\u00e9\u00e9quilibrage entre vendeur et acheteur sur ce plan&#8221;.<\/p>","protected":false},"excerpt":{"rendered":"<p>La crise a pu influencer, directement ou indirectement, l\u2019\u00e9mergence de contentieux corporate singuliers ou au contraire en r\u00e9fr\u00e9ner l\u2019usage trop agressif. Passage en revue des diff\u00e9rentes probl\u00e9matiques propres aux entreprises de l\u2019Hexagone. \u00a0 Le contentieux corporate pouss\u00e9 par les LBO (\u2026) Christophe Schmit et Jean-Baptiste de Courcel, associ\u00e9s d\u2019Accuracy sp\u00e9cialis\u00e9s en \u00e9valuation du pr\u00e9judice apportent [&hellip;]<\/p>\n","protected":false},"author":1,"featured_media":0,"comment_status":"open","ping_status":"open","sticky":false,"template":"","format":"standard","meta":{"_acf_changed":false,"footnotes":""},"categories":[113],"tags":[177],"class_list":["post-21665","post","type-post","status-publish","format-standard","hentry","category-france","tag-news"],"acf":[],"yoast_head":"<!-- This site is optimized with the Yoast SEO Premium plugin v27.5 (Yoast SEO v27.5) - https:\/\/yoast.com\/product\/yoast-seo-premium-wordpress\/ -->\n<title>Option Finance\/Option Droit &amp; Affaires - Le contentieux corporate \u00e0 l&#039;\u00e9preuve de la crise - Accuracy<\/title>\n<meta name=\"robots\" content=\"index, follow, max-snippet:-1, max-image-preview:large, max-video-preview:-1\" \/>\n<link rel=\"canonical\" href=\"https:\/\/www.accuracy.com\/en_gb\/option-finance-option-droit-affaires-le-contentieux-corporate-a-lepreuve-de-la-crise\/\" \/>\n<meta property=\"og:locale\" content=\"en_GB\" \/>\n<meta property=\"og:type\" content=\"article\" \/>\n<meta property=\"og:title\" content=\"Option Finance\/Option Droit &amp; Affaires - Le contentieux corporate \u00e0 l&#039;\u00e9preuve de la crise\" \/>\n<meta property=\"og:description\" content=\"La crise a pu influencer, directement ou indirectement, l\u2019\u00e9mergence de contentieux corporate singuliers ou au contraire en r\u00e9fr\u00e9ner l\u2019usage trop agressif. Passage en revue des diff\u00e9rentes probl\u00e9matiques propres aux entreprises de l\u2019Hexagone. \u00a0 Le contentieux corporate pouss\u00e9 par les LBO (\u2026) Christophe Schmit et Jean-Baptiste de Courcel, associ\u00e9s d\u2019Accuracy sp\u00e9cialis\u00e9s en \u00e9valuation du pr\u00e9judice apportent [&hellip;]\" \/>\n<meta property=\"og:url\" content=\"https:\/\/www.accuracy.com\/en_gb\/option-finance-option-droit-affaires-le-contentieux-corporate-a-lepreuve-de-la-crise\/\" \/>\n<meta property=\"og:site_name\" content=\"Accuracy\" \/>\n<meta property=\"article:published_time\" content=\"2011-04-30T20:00:00+00:00\" \/>\n<meta property=\"article:modified_time\" content=\"2023-07-28T08:26:34+00:00\" \/>\n<meta property=\"og:image\" content=\"https:\/\/www.accuracy.com\/wp-content\/uploads\/2023\/10\/Accuracy.png\" \/>\n\t<meta property=\"og:image:width\" content=\"1200\" \/>\n\t<meta property=\"og:image:height\" content=\"675\" \/>\n\t<meta property=\"og:image:type\" content=\"image\/png\" \/>\n<meta name=\"author\" content=\"dev\" \/>\n<meta name=\"twitter:card\" content=\"summary_large_image\" \/>\n<meta name=\"twitter:label1\" content=\"Written by\" \/>\n\t<meta name=\"twitter:data1\" content=\"dev\" \/>\n\t<meta name=\"twitter:label2\" content=\"Estimated reading time\" \/>\n\t<meta name=\"twitter:data2\" content=\"2 minutes\" \/>\n<script type=\"application\/ld+json\" class=\"yoast-schema-graph\">{\"@context\":\"https:\\\/\\\/schema.org\",\"@graph\":[{\"@type\":\"Article\",\"@id\":\"https:\\\/\\\/www.accuracy.com\\\/en_gb\\\/option-finance-option-droit-affaires-le-contentieux-corporate-a-lepreuve-de-la-crise\\\/#article\",\"isPartOf\":{\"@id\":\"https:\\\/\\\/www.accuracy.com\\\/en_gb\\\/option-finance-option-droit-affaires-le-contentieux-corporate-a-lepreuve-de-la-crise\\\/\"},\"author\":{\"name\":\"dev\",\"@id\":\"https:\\\/\\\/www.accuracy.com\\\/#\\\/schema\\\/person\\\/8cfdef62d7af45536d2b7b45979f72e7\"},\"headline\":\"Option Finance\\\/Option Droit &#038; Affaires &#8211; Le contentieux corporate \u00e0 l&#8217;\u00e9preuve de la crise\",\"datePublished\":\"2011-04-30T20:00:00+00:00\",\"dateModified\":\"2023-07-28T08:26:34+00:00\",\"mainEntityOfPage\":{\"@id\":\"https:\\\/\\\/www.accuracy.com\\\/en_gb\\\/option-finance-option-droit-affaires-le-contentieux-corporate-a-lepreuve-de-la-crise\\\/\"},\"wordCount\":453,\"commentCount\":0,\"publisher\":{\"@id\":\"https:\\\/\\\/www.accuracy.com\\\/#organization\"},\"keywords\":[\"News\"],\"articleSection\":[\"France\"],\"inLanguage\":\"en-GB\",\"potentialAction\":[{\"@type\":\"CommentAction\",\"name\":\"Comment\",\"target\":[\"https:\\\/\\\/www.accuracy.com\\\/en_gb\\\/option-finance-option-droit-affaires-le-contentieux-corporate-a-lepreuve-de-la-crise\\\/#respond\"]}]},{\"@type\":\"WebPage\",\"@id\":\"https:\\\/\\\/www.accuracy.com\\\/en_gb\\\/option-finance-option-droit-affaires-le-contentieux-corporate-a-lepreuve-de-la-crise\\\/\",\"url\":\"https:\\\/\\\/www.accuracy.com\\\/en_gb\\\/option-finance-option-droit-affaires-le-contentieux-corporate-a-lepreuve-de-la-crise\\\/\",\"name\":\"Option Finance\\\/Option Droit & Affaires - Le contentieux corporate \u00e0 l'\u00e9preuve de la crise - Accuracy\",\"isPartOf\":{\"@id\":\"https:\\\/\\\/www.accuracy.com\\\/#website\"},\"datePublished\":\"2011-04-30T20:00:00+00:00\",\"dateModified\":\"2023-07-28T08:26:34+00:00\",\"breadcrumb\":{\"@id\":\"https:\\\/\\\/www.accuracy.com\\\/en_gb\\\/option-finance-option-droit-affaires-le-contentieux-corporate-a-lepreuve-de-la-crise\\\/#breadcrumb\"},\"inLanguage\":\"en-GB\",\"potentialAction\":[{\"@type\":\"ReadAction\",\"target\":[\"https:\\\/\\\/www.accuracy.com\\\/en_gb\\\/option-finance-option-droit-affaires-le-contentieux-corporate-a-lepreuve-de-la-crise\\\/\"]}]},{\"@type\":\"BreadcrumbList\",\"@id\":\"https:\\\/\\\/www.accuracy.com\\\/en_gb\\\/option-finance-option-droit-affaires-le-contentieux-corporate-a-lepreuve-de-la-crise\\\/#breadcrumb\",\"itemListElement\":[{\"@type\":\"ListItem\",\"position\":1,\"name\":\"Accueil\",\"item\":\"https:\\\/\\\/www.accuracy.com\\\/\"},{\"@type\":\"ListItem\",\"position\":2,\"name\":\"Option Finance\\\/Option Droit &#038; Affaires &#8211; Le contentieux corporate \u00e0 l&#8217;\u00e9preuve de la crise\"}]},{\"@type\":\"WebSite\",\"@id\":\"https:\\\/\\\/www.accuracy.com\\\/#website\",\"url\":\"https:\\\/\\\/www.accuracy.com\\\/\",\"name\":\"Accuracy\",\"description\":\"Business Advisers - Financial Consultants\",\"publisher\":{\"@id\":\"https:\\\/\\\/www.accuracy.com\\\/#organization\"},\"potentialAction\":[{\"@type\":\"SearchAction\",\"target\":{\"@type\":\"EntryPoint\",\"urlTemplate\":\"https:\\\/\\\/www.accuracy.com\\\/?s={search_term_string}\"},\"query-input\":{\"@type\":\"PropertyValueSpecification\",\"valueRequired\":true,\"valueName\":\"search_term_string\"}}],\"inLanguage\":\"en-GB\"},{\"@type\":\"Organization\",\"@id\":\"https:\\\/\\\/www.accuracy.com\\\/#organization\",\"name\":\"Accuracy\",\"url\":\"https:\\\/\\\/www.accuracy.com\\\/\",\"logo\":{\"@type\":\"ImageObject\",\"inLanguage\":\"en-GB\",\"@id\":\"https:\\\/\\\/www.accuracy.com\\\/#\\\/schema\\\/logo\\\/image\\\/\",\"url\":\"https:\\\/\\\/www.accuracy.com\\\/wp-content\\\/uploads\\\/2023\\\/08\\\/unnamed-3.jpg\",\"contentUrl\":\"https:\\\/\\\/www.accuracy.com\\\/wp-content\\\/uploads\\\/2023\\\/08\\\/unnamed-3.jpg\",\"width\":512,\"height\":512,\"caption\":\"Accuracy\"},\"image\":{\"@id\":\"https:\\\/\\\/www.accuracy.com\\\/#\\\/schema\\\/logo\\\/image\\\/\"},\"sameAs\":[\"https:\\\/\\\/www.linkedin.com\\\/company\\\/accuracy\\\/?originalSubdomain=fr\",\"https:\\\/\\\/www.instagram.com\\\/accuracycareers\\\/\"]},{\"@type\":\"Person\",\"@id\":\"https:\\\/\\\/www.accuracy.com\\\/#\\\/schema\\\/person\\\/8cfdef62d7af45536d2b7b45979f72e7\",\"name\":\"dev\",\"image\":{\"@type\":\"ImageObject\",\"inLanguage\":\"en-GB\",\"@id\":\"https:\\\/\\\/secure.gravatar.com\\\/avatar\\\/f1ffcac9ca2fa95ad3ec33e9be3ade82f752acb0cabe541e56c5889225afa88a?s=96&d=blank&r=g\",\"url\":\"https:\\\/\\\/secure.gravatar.com\\\/avatar\\\/f1ffcac9ca2fa95ad3ec33e9be3ade82f752acb0cabe541e56c5889225afa88a?s=96&d=blank&r=g\",\"contentUrl\":\"https:\\\/\\\/secure.gravatar.com\\\/avatar\\\/f1ffcac9ca2fa95ad3ec33e9be3ade82f752acb0cabe541e56c5889225afa88a?s=96&d=blank&r=g\",\"caption\":\"dev\"},\"sameAs\":[\"https:\\\/\\\/www.accuracy.com\"]}]}<\/script>\n<!-- \/ Yoast SEO Premium plugin. -->","yoast_head_json":{"title":"Option Finance\/Option Droit & Affaires - Le contentieux corporate \u00e0 l'\u00e9preuve de la crise - Accuracy","robots":{"index":"index","follow":"follow","max-snippet":"max-snippet:-1","max-image-preview":"max-image-preview:large","max-video-preview":"max-video-preview:-1"},"canonical":"https:\/\/www.accuracy.com\/en_gb\/option-finance-option-droit-affaires-le-contentieux-corporate-a-lepreuve-de-la-crise\/","og_locale":"en_GB","og_type":"article","og_title":"Option Finance\/Option Droit & Affaires - Le contentieux corporate \u00e0 l'\u00e9preuve de la crise","og_description":"La crise a pu influencer, directement ou indirectement, l\u2019\u00e9mergence de contentieux corporate singuliers ou au contraire en r\u00e9fr\u00e9ner l\u2019usage trop agressif. Passage en revue des diff\u00e9rentes probl\u00e9matiques propres aux entreprises de l\u2019Hexagone. \u00a0 Le contentieux corporate pouss\u00e9 par les LBO (\u2026) Christophe Schmit et Jean-Baptiste de Courcel, associ\u00e9s d\u2019Accuracy sp\u00e9cialis\u00e9s en \u00e9valuation du pr\u00e9judice apportent [&hellip;]","og_url":"https:\/\/www.accuracy.com\/en_gb\/option-finance-option-droit-affaires-le-contentieux-corporate-a-lepreuve-de-la-crise\/","og_site_name":"Accuracy","article_published_time":"2011-04-30T20:00:00+00:00","article_modified_time":"2023-07-28T08:26:34+00:00","og_image":[{"width":1200,"height":675,"url":"https:\/\/www.accuracy.com\/wp-content\/uploads\/2023\/10\/Accuracy.png","type":"image\/png"}],"author":"dev","twitter_card":"summary_large_image","twitter_misc":{"Written by":"dev","Estimated reading time":"2 minutes"},"schema":{"@context":"https:\/\/schema.org","@graph":[{"@type":"Article","@id":"https:\/\/www.accuracy.com\/en_gb\/option-finance-option-droit-affaires-le-contentieux-corporate-a-lepreuve-de-la-crise\/#article","isPartOf":{"@id":"https:\/\/www.accuracy.com\/en_gb\/option-finance-option-droit-affaires-le-contentieux-corporate-a-lepreuve-de-la-crise\/"},"author":{"name":"dev","@id":"https:\/\/www.accuracy.com\/#\/schema\/person\/8cfdef62d7af45536d2b7b45979f72e7"},"headline":"Option Finance\/Option Droit &#038; Affaires &#8211; Le contentieux corporate \u00e0 l&#8217;\u00e9preuve de la crise","datePublished":"2011-04-30T20:00:00+00:00","dateModified":"2023-07-28T08:26:34+00:00","mainEntityOfPage":{"@id":"https:\/\/www.accuracy.com\/en_gb\/option-finance-option-droit-affaires-le-contentieux-corporate-a-lepreuve-de-la-crise\/"},"wordCount":453,"commentCount":0,"publisher":{"@id":"https:\/\/www.accuracy.com\/#organization"},"keywords":["News"],"articleSection":["France"],"inLanguage":"en-GB","potentialAction":[{"@type":"CommentAction","name":"Comment","target":["https:\/\/www.accuracy.com\/en_gb\/option-finance-option-droit-affaires-le-contentieux-corporate-a-lepreuve-de-la-crise\/#respond"]}]},{"@type":"WebPage","@id":"https:\/\/www.accuracy.com\/en_gb\/option-finance-option-droit-affaires-le-contentieux-corporate-a-lepreuve-de-la-crise\/","url":"https:\/\/www.accuracy.com\/en_gb\/option-finance-option-droit-affaires-le-contentieux-corporate-a-lepreuve-de-la-crise\/","name":"Option Finance\/Option Droit & Affaires - Le contentieux corporate \u00e0 l'\u00e9preuve de la crise - Accuracy","isPartOf":{"@id":"https:\/\/www.accuracy.com\/#website"},"datePublished":"2011-04-30T20:00:00+00:00","dateModified":"2023-07-28T08:26:34+00:00","breadcrumb":{"@id":"https:\/\/www.accuracy.com\/en_gb\/option-finance-option-droit-affaires-le-contentieux-corporate-a-lepreuve-de-la-crise\/#breadcrumb"},"inLanguage":"en-GB","potentialAction":[{"@type":"ReadAction","target":["https:\/\/www.accuracy.com\/en_gb\/option-finance-option-droit-affaires-le-contentieux-corporate-a-lepreuve-de-la-crise\/"]}]},{"@type":"BreadcrumbList","@id":"https:\/\/www.accuracy.com\/en_gb\/option-finance-option-droit-affaires-le-contentieux-corporate-a-lepreuve-de-la-crise\/#breadcrumb","itemListElement":[{"@type":"ListItem","position":1,"name":"Accueil","item":"https:\/\/www.accuracy.com\/"},{"@type":"ListItem","position":2,"name":"Option Finance\/Option Droit &#038; Affaires &#8211; Le contentieux corporate \u00e0 l&#8217;\u00e9preuve de la crise"}]},{"@type":"WebSite","@id":"https:\/\/www.accuracy.com\/#website","url":"https:\/\/www.accuracy.com\/","name":"Accuracy","description":"Business Advisers - Financial Consultants","publisher":{"@id":"https:\/\/www.accuracy.com\/#organization"},"potentialAction":[{"@type":"SearchAction","target":{"@type":"EntryPoint","urlTemplate":"https:\/\/www.accuracy.com\/?s={search_term_string}"},"query-input":{"@type":"PropertyValueSpecification","valueRequired":true,"valueName":"search_term_string"}}],"inLanguage":"en-GB"},{"@type":"Organization","@id":"https:\/\/www.accuracy.com\/#organization","name":"Accuracy","url":"https:\/\/www.accuracy.com\/","logo":{"@type":"ImageObject","inLanguage":"en-GB","@id":"https:\/\/www.accuracy.com\/#\/schema\/logo\/image\/","url":"https:\/\/www.accuracy.com\/wp-content\/uploads\/2023\/08\/unnamed-3.jpg","contentUrl":"https:\/\/www.accuracy.com\/wp-content\/uploads\/2023\/08\/unnamed-3.jpg","width":512,"height":512,"caption":"Accuracy"},"image":{"@id":"https:\/\/www.accuracy.com\/#\/schema\/logo\/image\/"},"sameAs":["https:\/\/www.linkedin.com\/company\/accuracy\/?originalSubdomain=fr","https:\/\/www.instagram.com\/accuracycareers\/"]},{"@type":"Person","@id":"https:\/\/www.accuracy.com\/#\/schema\/person\/8cfdef62d7af45536d2b7b45979f72e7","name":"dev","image":{"@type":"ImageObject","inLanguage":"en-GB","@id":"https:\/\/secure.gravatar.com\/avatar\/f1ffcac9ca2fa95ad3ec33e9be3ade82f752acb0cabe541e56c5889225afa88a?s=96&d=blank&r=g","url":"https:\/\/secure.gravatar.com\/avatar\/f1ffcac9ca2fa95ad3ec33e9be3ade82f752acb0cabe541e56c5889225afa88a?s=96&d=blank&r=g","contentUrl":"https:\/\/secure.gravatar.com\/avatar\/f1ffcac9ca2fa95ad3ec33e9be3ade82f752acb0cabe541e56c5889225afa88a?s=96&d=blank&r=g","caption":"dev"},"sameAs":["https:\/\/www.accuracy.com"]}]}},"_links":{"self":[{"href":"https:\/\/www.accuracy.com\/en_gb\/wp-json\/wp\/v2\/posts\/21665","targetHints":{"allow":["GET"]}}],"collection":[{"href":"https:\/\/www.accuracy.com\/en_gb\/wp-json\/wp\/v2\/posts"}],"about":[{"href":"https:\/\/www.accuracy.com\/en_gb\/wp-json\/wp\/v2\/types\/post"}],"author":[{"embeddable":true,"href":"https:\/\/www.accuracy.com\/en_gb\/wp-json\/wp\/v2\/users\/1"}],"replies":[{"embeddable":true,"href":"https:\/\/www.accuracy.com\/en_gb\/wp-json\/wp\/v2\/comments?post=21665"}],"version-history":[{"count":0,"href":"https:\/\/www.accuracy.com\/en_gb\/wp-json\/wp\/v2\/posts\/21665\/revisions"}],"wp:attachment":[{"href":"https:\/\/www.accuracy.com\/en_gb\/wp-json\/wp\/v2\/media?parent=21665"}],"wp:term":[{"taxonomy":"category","embeddable":true,"href":"https:\/\/www.accuracy.com\/en_gb\/wp-json\/wp\/v2\/categories?post=21665"},{"taxonomy":"post_tag","embeddable":true,"href":"https:\/\/www.accuracy.com\/en_gb\/wp-json\/wp\/v2\/tags?post=21665"}],"curies":[{"name":"wp","href":"https:\/\/api.w.org\/{rel}","templated":true}]}}